{"id":53814,"date":"2025-01-07T00:02:03","date_gmt":"2025-01-07T06:02:03","guid":{"rendered":"https:\/\/politicosaldesnudo.com.mx\/?p=53814"},"modified":"2025-01-06T21:28:06","modified_gmt":"2025-01-07T03:28:06","slug":"impulsan-reciclaje-de-arboles-de-navidad","status":"publish","type":"post","link":"https:\/\/politicosaldesnudo.com.mx\/index.php\/2025\/01\/07\/impulsan-reciclaje-de-arboles-de-navidad\/","title":{"rendered":"Impulsan reciclaje de \u00e1rboles de Navidad"},"content":{"rendered":"<p>Con el inicio del a\u00f1o, el municipio de Tuxpan lanza nuevamente la campa\u00f1a de recolecci\u00f3n de \u00e1rboles de Navidad, una iniciativa que busca fomentar la cultura del reciclaje y darles un destino ecol\u00f3gico a los pinos naturales utilizados durante las festividades. La regidora cuarta comisionada en medio ambiente, Anah\u00ed Aguilar L\u00f3pez, inform\u00f3 que este programa estar\u00e1 activo durante todo el mes de enero y hasta finales de febrero de 2025.<\/p>\n<p>La entrevistada destac\u00f3 que este a\u00f1o se espera una disminuci\u00f3n en la recolecci\u00f3n, debido a la baja venta de \u00e1rboles reportada por los comerciantes. Si bien esta situaci\u00f3n preocupa a quienes dependen econ\u00f3micamente de este negocio, tambi\u00e9n refleja un aumento en la conciencia ambiental de los ciudadanos, quienes optan por alternativas m\u00e1s sostenibles.<\/p>\n<p>Los pinos recolectados ser\u00e1n utilizados para elaborar composta o lombricomposta, reintegrando sus nutrientes al suelo y evitando la emisi\u00f3n de carbono a la atm\u00f3sfera.<\/p>\n<p>Para participar, la ciudadan\u00eda puede acudir a cualquiera de los cinco centros de acopio habilitados:<\/p>\n<p>Campo Ruiz Cortines; Fraccionamientos Cabo Rojo, Cabo Alto y Petr\u00f3polis; Campo deportivo Mario Prichi (rastro).<\/p>\n<p>El gobierno municipal hace un llamado a las familias tuxpe\u00f1as para que se sumen a esta iniciativa llevando sus \u00e1rboles a los puntos de recolecci\u00f3n, contribuyendo as\u00ed al cuidado del medio ambiente y al aprovechamiento responsable de los recursos naturales.<\/p>\n","protected":false},"excerpt":{"rendered":"<p>Con el inicio del a\u00f1o, el municipio de Tuxpan lanza nuevamente la campa\u00f1a de recolecci\u00f3n de \u00e1rboles de Navidad, una<\/p>\n","protected":false},"author":4,"featured_media":53815,"comment_status":"closed","ping_status":"closed","sticky":false,"template":"","format":"standard","meta":{"colormag_page_container_layout":"default_layout","colormag_page_sidebar_layout":"default_layout","_jetpack_memberships_contains_paid_content":false,"footnotes":"","jetpack_publicize_message":"","jetpack_publicize_feature_enabled":true,"jetpack_social_post_already_shared":false,"jetpack_social_options":{"image_generator_settings":{"template":"highway","default_image_id":0,"font":"","enabled":false},"version":2}},"categories":[1082],"tags":[],"class_list":["post-53814","post","type-post","status-publish","format-standard","has-post-thumbnail","hentry","category-tuxpan"],"jetpack_publicize_connections":[],"jetpack_featured_media_url":"https:\/\/i0.wp.com\/politicosaldesnudo.com.mx\/wp-content\/uploads\/2025\/01\/3c-1.jpg?fit=1600%2C1200&ssl=1","jetpack-related-posts":[],"jetpack_sharing_enabled":true,"_links":{"self":[{"href":"https:\/\/politicosaldesnudo.com.mx\/index.php\/wp-json\/wp\/v2\/posts\/53814","targetHints":{"allow":["GET"]}}],"collection":[{"href":"https:\/\/politicosaldesnudo.com.mx\/index.php\/wp-json\/wp\/v2\/posts"}],"about":[{"href":"https:\/\/politicosaldesnudo.com.mx\/index.php\/wp-json\/wp\/v2\/types\/post"}],"author":[{"embeddable":true,"href":"https:\/\/politicosaldesnudo.com.mx\/index.php\/wp-json\/wp\/v2\/users\/4"}],"replies":[{"embeddable":true,"href":"https:\/\/politicosaldesnudo.com.mx\/index.php\/wp-json\/wp\/v2\/comments?post=53814"}],"version-history":[{"count":0,"href":"https:\/\/politicosaldesnudo.com.mx\/index.php\/wp-json\/wp\/v2\/posts\/53814\/revisions"}],"wp:featuredmedia":[{"embeddable":true,"href":"https:\/\/politicosaldesnudo.com.mx\/index.php\/wp-json\/wp\/v2\/media\/53815"}],"wp:attachment":[{"href":"https:\/\/politicosaldesnudo.com.mx\/index.php\/wp-json\/wp\/v2\/media?parent=53814"}],"wp:term":[{"taxonomy":"category","embeddable":true,"href":"https:\/\/politicosaldesnudo.com.mx\/index.php\/wp-json\/wp\/v2\/categories?post=53814"},{"taxonomy":"post_tag","embeddable":true,"href":"https:\/\/politicosaldesnudo.com.mx\/index.php\/wp-json\/wp\/v2\/tags?post=53814"}],"curies":[{"name":"wp","href":"https:\/\/api.w.org\/{rel}","templated":true}]}}