{"id":53818,"date":"2025-01-07T00:03:14","date_gmt":"2025-01-07T06:03:14","guid":{"rendered":"https:\/\/politicosaldesnudo.com.mx\/?p=53818"},"modified":"2025-01-06T21:30:18","modified_gmt":"2025-01-07T03:30:18","slug":"imss-bienestar-impulsa-la-capacitacion-continua","status":"publish","type":"post","link":"https:\/\/politicosaldesnudo.com.mx\/index.php\/2025\/01\/07\/imss-bienestar-impulsa-la-capacitacion-continua\/","title":{"rendered":"IMSS Bienestar Impulsa la capacitaci\u00f3n continua"},"content":{"rendered":"<p>Con el objetivo de garantizar una atenci\u00f3n m\u00e9dica de calidad y a la vanguardia, el Hospital IMSS Bienestar Tuxpan \u00abDr. Emilio Alc\u00e1zar\u00bb, contin\u00faa con diversos programas de capacitaci\u00f3n continua para su personal m\u00e9dico.<\/p>\n<p>En esta ocasi\u00f3n, m\u00e9dicos y enfermeras participaron en el curso \u00abManejo Avanzado de Heridas y Buenas Pr\u00e1cticas en el Tratamiento de Pacientes con Lesiones y Heridas\u00bb, una iniciativa impulsada por el Director del hospital, Romualdo Cruz Cerecedo, a qui\u00e9n le reconocen su liderazgo y direcci\u00f3n.<\/p>\n<p>\u00abLa actualizaci\u00f3n constante de nuestros conocimientos es fundamental para ofrecer servicios de salud de excelencia, este tipo de capacitaciones nos permiten estar a la vanguardia en el manejo de diversas patolog\u00edas y mejorar la calidad de vida de nuestros pacientes\u00bb, comentaron.<\/p>\n<p>El curso, que abarc\u00f3 tanto aspectos te\u00f3ricos como pr\u00e1cticos, brind\u00f3 a los profesionales de la salud las herramientas necesarias para abordar de manera eficaz el tratamiento de heridas, desde las m\u00e1s simples hasta las m\u00e1s complejas.<\/p>\n<p>Indicaron que, con estas acciones, el IMSS Bienestar Tuxpan reafirma su compromiso con la salud y el bienestar de la poblaci\u00f3n, poniendo de manifiesto la importancia de la capacitaci\u00f3n continua en el sector salud.<\/p>\n","protected":false},"excerpt":{"rendered":"<p>Con el objetivo de garantizar una atenci\u00f3n m\u00e9dica de calidad y a la vanguardia, el Hospital IMSS Bienestar Tuxpan \u00abDr.<\/p>\n","protected":false},"author":4,"featured_media":53819,"comment_status":"closed","ping_status":"closed","sticky":false,"template":"","format":"standard","meta":{"colormag_page_container_layout":"default_layout","colormag_page_sidebar_layout":"default_layout","_jetpack_memberships_contains_paid_content":false,"footnotes":"","jetpack_publicize_message":"","jetpack_publicize_feature_enabled":true,"jetpack_social_post_already_shared":false,"jetpack_social_options":{"image_generator_settings":{"template":"highway","default_image_id":0,"font":"","enabled":false},"version":2}},"categories":[1082],"tags":[],"class_list":["post-53818","post","type-post","status-publish","format-standard","has-post-thumbnail","hentry","category-tuxpan"],"jetpack_publicize_connections":[],"jetpack_featured_media_url":"https:\/\/i0.wp.com\/politicosaldesnudo.com.mx\/wp-content\/uploads\/2025\/01\/4b-2.jpg?fit=1280%2C576&ssl=1","jetpack-related-posts":[],"jetpack_sharing_enabled":true,"_links":{"self":[{"href":"https:\/\/politicosaldesnudo.com.mx\/index.php\/wp-json\/wp\/v2\/posts\/53818","targetHints":{"allow":["GET"]}}],"collection":[{"href":"https:\/\/politicosaldesnudo.com.mx\/index.php\/wp-json\/wp\/v2\/posts"}],"about":[{"href":"https:\/\/politicosaldesnudo.com.mx\/index.php\/wp-json\/wp\/v2\/types\/post"}],"author":[{"embeddable":true,"href":"https:\/\/politicosaldesnudo.com.mx\/index.php\/wp-json\/wp\/v2\/users\/4"}],"replies":[{"embeddable":true,"href":"https:\/\/politicosaldesnudo.com.mx\/index.php\/wp-json\/wp\/v2\/comments?post=53818"}],"version-history":[{"count":0,"href":"https:\/\/politicosaldesnudo.com.mx\/index.php\/wp-json\/wp\/v2\/posts\/53818\/revisions"}],"wp:featuredmedia":[{"embeddable":true,"href":"https:\/\/politicosaldesnudo.com.mx\/index.php\/wp-json\/wp\/v2\/media\/53819"}],"wp:attachment":[{"href":"https:\/\/politicosaldesnudo.com.mx\/index.php\/wp-json\/wp\/v2\/media?parent=53818"}],"wp:term":[{"taxonomy":"category","embeddable":true,"href":"https:\/\/politicosaldesnudo.com.mx\/index.php\/wp-json\/wp\/v2\/categories?post=53818"},{"taxonomy":"post_tag","embeddable":true,"href":"https:\/\/politicosaldesnudo.com.mx\/index.php\/wp-json\/wp\/v2\/tags?post=53818"}],"curies":[{"name":"wp","href":"https:\/\/api.w.org\/{rel}","templated":true}]}}