{"id":53821,"date":"2025-01-07T00:04:31","date_gmt":"2025-01-07T06:04:31","guid":{"rendered":"https:\/\/politicosaldesnudo.com.mx\/?p=53821"},"modified":"2025-01-06T21:33:19","modified_gmt":"2025-01-07T03:33:19","slug":"anuncian-avances-en-infraestructura-hidraulica","status":"publish","type":"post","link":"https:\/\/politicosaldesnudo.com.mx\/index.php\/2025\/01\/07\/anuncian-avances-en-infraestructura-hidraulica\/","title":{"rendered":"Anuncian avances en infraestructura hidr\u00e1ulica"},"content":{"rendered":"<p>Con el objetivo de garantizar el suministro eficiente del vital l\u00edquido y apoyar a quienes enfrentan adeudos hist\u00f3ricos, el director general de la Comisi\u00f3n de Agua del Estado de Veracruz (CAEV), Luis Fernando Cervantes Cruz, ofreci\u00f3 detalles sobre los avances en proyectos hidr\u00e1ulicos, la modernizaci\u00f3n del sistema de agua potable y el programa \u201cPonte al Corriente,\u201d que busca beneficiar a miles de familias en el estado. Una de las obras m\u00e1s relevantes es la l\u00ednea de conducci\u00f3n de 40 pulgadas que estar\u00e1 operativa en los pr\u00f3ximos d\u00edas.<\/p>\n<p>Seg\u00fan Cervantes Cruz, esta infraestructura permitir\u00e1 duplicar la capacidad de suministro para la cabecera municipal de Tuxpan, pasando de 300 a 600 litros por segundo de manera gradual.<\/p>\n<p>\u201cEl objetivo es garantizar un suministro eficiente para la totalidad de los habitantes. Adem\u00e1s, esta obra reducir\u00e1 los gastos en energ\u00eda el\u00e9ctrica y minimizar\u00e1 el desperdicio de agua, un recurso vital que no podemos permitirnos perder,\u201d explic\u00f3 el funcionario.<\/p>\n<p>En cuanto a la planta potabilizadora, dijo que se concluy\u00f3 la rehabilitaci\u00f3n del primer m\u00f3dulo, mientras que el segundo m\u00f3dulo a\u00fan est\u00e1 pendiente de ejecuci\u00f3n. Esta modernizaci\u00f3n forma parte de los esfuerzos por sustituir sistemas obsoletos, como los pozos indios, que hab\u00edan estado en funcionamiento desde los a\u00f1os 80.<\/p>\n<p>Una de las nuevas iniciativas que pondr\u00e1 en marcha la CAEV es el programa \u201cPonte al Corriente,\u201d dise\u00f1ado para apoyar a familias con adeudos significativos de agua. Este programa permitir\u00e1 a los usuarios regularizarse con un descuento del 75% en su deuda total.<\/p>\n<p>\u201cHay personas que deben entre 10 mil y 14 mil pesos. Con este programa, podr\u00e1n saldar su deuda pagando solo el 25 por ciento del monto total. Es un esfuerzo para apoyar a las familias veracruzanas que enfrentan dificultades econ\u00f3micas,\u201d explic\u00f3.<\/p>\n<p>Este programa busca no solo aliviar la carga financiera de los usuarios, sino tambi\u00e9n mejorar la recaudaci\u00f3n de la CAEV, permitiendo reinvertir en m\u00e1s proyectos de infraestructura.<\/p>\n<p>El funcionario destac\u00f3 que las inversiones realizadas provienen del gobierno estatal y de la recaudaci\u00f3n lograda en los primeros meses de gesti\u00f3n. Para la zona norte, se han destinado 4 millones de pesos para materiales como cemento, carretillas y pavimento asf\u00e1ltico.<\/p>\n<p>\u201cLa colaboraci\u00f3n con los gobiernos municipales es fundamental. Estamos trabajando en convenios para que ellos aporten recursos similares, y as\u00ed maximizar el impacto de las inversiones. Incluso la iniciativa privada ha mostrado inter\u00e9s en apoyar, donando materiales como pintura y herramientas,\u201d coment\u00f3.<\/p>\n<p>Aunque se han logrado avances significativos, Cervantes Cruz reconoci\u00f3 que todav\u00eda quedan retos por afrontar. La modernizaci\u00f3n de los sistemas hidr\u00e1ulicos sigue siendo un objetivo prioritario, ya que muchos de ellos son antiguos y poco eficientes.<\/p>\n<p>\u201cEstamos comprometidos con mejorar el abastecimiento y garantizar que Veracruz tenga un servicio de agua potable de calidad. Le va a ir bien a Veracruz con este nuevo gobierno,\u201d concluy\u00f3.<\/p>\n","protected":false},"excerpt":{"rendered":"<p>Con el objetivo de garantizar el suministro eficiente del vital l\u00edquido y apoyar a quienes enfrentan adeudos hist\u00f3ricos, el director<\/p>\n","protected":false},"author":4,"featured_media":53822,"comment_status":"closed","ping_status":"closed","sticky":false,"template":"","format":"standard","meta":{"colormag_page_container_layout":"default_layout","colormag_page_sidebar_layout":"default_layout","_jetpack_memberships_contains_paid_content":false,"footnotes":"","jetpack_publicize_message":"","jetpack_publicize_feature_enabled":true,"jetpack_social_post_already_shared":false,"jetpack_social_options":{"image_generator_settings":{"template":"highway","default_image_id":0,"font":"","enabled":false},"version":2}},"categories":[1082],"tags":[],"class_list":["post-53821","post","type-post","status-publish","format-standard","has-post-thumbnail","hentry","category-tuxpan"],"jetpack_publicize_connections":[],"jetpack_featured_media_url":"https:\/\/i0.wp.com\/politicosaldesnudo.com.mx\/wp-content\/uploads\/2025\/01\/5a-1.jpg?fit=1600%2C1200&ssl=1","jetpack-related-posts":[],"jetpack_sharing_enabled":true,"_links":{"self":[{"href":"https:\/\/politicosaldesnudo.com.mx\/index.php\/wp-json\/wp\/v2\/posts\/53821","targetHints":{"allow":["GET"]}}],"collection":[{"href":"https:\/\/politicosaldesnudo.com.mx\/index.php\/wp-json\/wp\/v2\/posts"}],"about":[{"href":"https:\/\/politicosaldesnudo.com.mx\/index.php\/wp-json\/wp\/v2\/types\/post"}],"author":[{"embeddable":true,"href":"https:\/\/politicosaldesnudo.com.mx\/index.php\/wp-json\/wp\/v2\/users\/4"}],"replies":[{"embeddable":true,"href":"https:\/\/politicosaldesnudo.com.mx\/index.php\/wp-json\/wp\/v2\/comments?post=53821"}],"version-history":[{"count":0,"href":"https:\/\/politicosaldesnudo.com.mx\/index.php\/wp-json\/wp\/v2\/posts\/53821\/revisions"}],"wp:featuredmedia":[{"embeddable":true,"href":"https:\/\/politicosaldesnudo.com.mx\/index.php\/wp-json\/wp\/v2\/media\/53822"}],"wp:attachment":[{"href":"https:\/\/politicosaldesnudo.com.mx\/index.php\/wp-json\/wp\/v2\/media?parent=53821"}],"wp:term":[{"taxonomy":"category","embeddable":true,"href":"https:\/\/politicosaldesnudo.com.mx\/index.php\/wp-json\/wp\/v2\/categories?post=53821"},{"taxonomy":"post_tag","embeddable":true,"href":"https:\/\/politicosaldesnudo.com.mx\/index.php\/wp-json\/wp\/v2\/tags?post=53821"}],"curies":[{"name":"wp","href":"https:\/\/api.w.org\/{rel}","templated":true}]}}