{"id":53854,"date":"2025-01-07T00:15:55","date_gmt":"2025-01-07T06:15:55","guid":{"rendered":"https:\/\/politicosaldesnudo.com.mx\/?p=53854"},"modified":"2025-01-06T22:43:16","modified_gmt":"2025-01-07T04:43:16","slug":"celebra-municipio-de-padilla-tamaulipas-276-anos-de-fundacion","status":"publish","type":"post","link":"https:\/\/politicosaldesnudo.com.mx\/index.php\/2025\/01\/07\/celebra-municipio-de-padilla-tamaulipas-276-anos-de-fundacion\/","title":{"rendered":"Celebra municipio de Padilla, Tamaulipas, 276 a\u00f1os de fundaci\u00f3n"},"content":{"rendered":"<p><em>Ciudad Victoria, Tamps.<\/em><\/p>\n<p>Habitantes, autoridades civiles y legisladores celebraron el 276 Aniversario del pueblo y cabecera municipal de Padilla, donde se instal\u00f3 el primer Congreso Constituyente de 1824 y en 1825 tuvieron su sede los poderes del Estado de Tamaulipas.<\/p>\n<p>Adultos mayores rese\u00f1aron hechos del fusilamiento de Agust\u00edn de Iturbide. Del pueblo original \u00fanicamente hay paredes de la Escuela Primaria, pues con la construcci\u00f3n de la presa Vicente Guerrero la cabecera municipal fue reubicada en 1971.<\/p>\n<p>Carlos Ernesto Quintanilla Cervera, presidente municipal de Padilla, hizo un reconocimiento a los habitantes a recordar este sitio por los hechos hist\u00f3ricos acontecidos durante el Siglo 19, en el que tuvieron lugar en el que hubo luchas heroicas que fortalecieron las construcci\u00f3n de la rep\u00fablica mexicana.<\/p>\n<p>Indic\u00f3 que los antiguos Padillenses transmitieron valores de trabajo y unidad a sus descendientes. Por ello hizo un llamado a forjar generaciones m\u00e1s positivas, triunfadoras con capacidad para comprometerse en esta regi\u00f3n.<\/p>\n<p>Apunt\u00f3 que el colonizador Jos\u00e9 de Escand\u00f3n y Helguera bautizo como Padilla, un pueblo hist\u00f3rico por haberse constituido en la primera sede del Congreso Constituyente de 1824 y fue designada capital de Tamaulipas.<\/p>\n<p>Abrev\u00f3 que la Villa de Padilla tiene un amplio valor hist\u00f3rico porque en este sitio quedaron sepultados los ideales del imperialismo, los restos de Agust\u00edn de Iturbide, \u201cPor ello las ruinas imprimen un sentimiento indescriptible porque ninguna otra sede ser\u00e1 prestigiada como este lugar\u201d.<\/p>\n<p>Al evento c\u00edvico asistieron las alcaldesas de los municipios vecinos de San Carlos, Mainero y Villagr\u00e1n, la senadora de la rep\u00fablica Olga Sosa Ruiz, los legisladores federales Casandra de los Santos Flores y Jos\u00e9 Bra\u00f1a Mojica, as\u00ed como los legisladores locales Mayra Benavides Villafranca, los diputados locales Juan Carlos Zertuche Romero, Judith M\u00e9ndez Cepeda, Armando Zertuche Zuani.<\/p>\n<p>La Villa de Padilla fue fundada por Jos\u00e9 de Escand\u00f3n y Helguera el 6 de enero de 1749, en 1824 fue sede del Congreso Constituyente y en 1825 fue designada capital de Tamaulipas.<\/p>\n","protected":false},"excerpt":{"rendered":"<p>Ciudad Victoria, Tamps. Habitantes, autoridades civiles y legisladores celebraron el 276 Aniversario del pueblo y cabecera municipal de Padilla, donde<\/p>\n","protected":false},"author":4,"featured_media":53855,"comment_status":"closed","ping_status":"closed","sticky":false,"template":"","format":"standard","meta":{"colormag_page_container_layout":"default_layout","colormag_page_sidebar_layout":"default_layout","_jetpack_memberships_contains_paid_content":false,"footnotes":"","jetpack_publicize_message":"","jetpack_publicize_feature_enabled":true,"jetpack_social_post_already_shared":false,"jetpack_social_options":{"image_generator_settings":{"template":"highway","default_image_id":0,"font":"","enabled":false},"version":2}},"categories":[30],"tags":[],"class_list":["post-53854","post","type-post","status-publish","format-standard","has-post-thumbnail","hentry","category-estados"],"jetpack_publicize_connections":[],"jetpack_featured_media_url":"https:\/\/i0.wp.com\/politicosaldesnudo.com.mx\/wp-content\/uploads\/2025\/01\/pad.jpg?fit=763%2C477&ssl=1","jetpack-related-posts":[],"jetpack_sharing_enabled":true,"_links":{"self":[{"href":"https:\/\/politicosaldesnudo.com.mx\/index.php\/wp-json\/wp\/v2\/posts\/53854","targetHints":{"allow":["GET"]}}],"collection":[{"href":"https:\/\/politicosaldesnudo.com.mx\/index.php\/wp-json\/wp\/v2\/posts"}],"about":[{"href":"https:\/\/politicosaldesnudo.com.mx\/index.php\/wp-json\/wp\/v2\/types\/post"}],"author":[{"embeddable":true,"href":"https:\/\/politicosaldesnudo.com.mx\/index.php\/wp-json\/wp\/v2\/users\/4"}],"replies":[{"embeddable":true,"href":"https:\/\/politicosaldesnudo.com.mx\/index.php\/wp-json\/wp\/v2\/comments?post=53854"}],"version-history":[{"count":0,"href":"https:\/\/politicosaldesnudo.com.mx\/index.php\/wp-json\/wp\/v2\/posts\/53854\/revisions"}],"wp:featuredmedia":[{"embeddable":true,"href":"https:\/\/politicosaldesnudo.com.mx\/index.php\/wp-json\/wp\/v2\/media\/53855"}],"wp:attachment":[{"href":"https:\/\/politicosaldesnudo.com.mx\/index.php\/wp-json\/wp\/v2\/media?parent=53854"}],"wp:term":[{"taxonomy":"category","embeddable":true,"href":"https:\/\/politicosaldesnudo.com.mx\/index.php\/wp-json\/wp\/v2\/categories?post=53854"},{"taxonomy":"post_tag","embeddable":true,"href":"https:\/\/politicosaldesnudo.com.mx\/index.php\/wp-json\/wp\/v2\/tags?post=53854"}],"curies":[{"name":"wp","href":"https:\/\/api.w.org\/{rel}","templated":true}]}}