{"id":53860,"date":"2025-01-07T00:17:31","date_gmt":"2025-01-07T06:17:31","guid":{"rendered":"https:\/\/politicosaldesnudo.com.mx\/?p=53860"},"modified":"2025-01-06T22:52:53","modified_gmt":"2025-01-07T04:52:53","slug":"starmer-y-macron-se-unen-a-condenas-europeas-contra-intervenciones-de-elon-musk","status":"publish","type":"post","link":"https:\/\/politicosaldesnudo.com.mx\/index.php\/2025\/01\/07\/starmer-y-macron-se-unen-a-condenas-europeas-contra-intervenciones-de-elon-musk\/","title":{"rendered":"Starmer y Macron se unen a condenas europeas contra intervenciones de Elon Musk"},"content":{"rendered":"<p>El primer ministro brit\u00e1nico, Keir Starmer, y el presidente franc\u00e9s, Emmanuel Macron, se unieron este lunes a las cr\u00edticas del s\u00e1bado del canciller alem\u00e1n, Olaf Scholz, contra Elon Musk, tras las declaraciones del multimillonario estadunidense sobre temas de pol\u00edtica interna de pa\u00edses europeos.<\/p>\n<p>El laborista Starmer se mostr\u00f3 cr\u00edtico con \u00abquienes difunden mentiras y desinformaci\u00f3n\u00bb, tras los ataques de Musk, propietario de la red social X y aliado clave del presidente electo de Estados Unidos, Donald Trump, a la gesti\u00f3n en Reino Unido de un caso de explotaci\u00f3n sexual.<\/p>\n<p>Por su parte, Emmanuel Macron acus\u00f3 a Musk, el hombre m\u00e1s rico del mundo, de apoyar a \u00abuna nueva internacional reaccionaria\u00bb y de interferir en las elecciones, particularmente en Alemania.<\/p>\n<p>Starmer denunci\u00f3 que \u00abquienes difunden mentiras y desinformaci\u00f3n no est\u00e1n interesados en las v\u00edctimas sino en s\u00ed mismos\u00bb, despu\u00e9s de que Musk mencionara el jueves en X un caso de explotaci\u00f3n sexual de m\u00e1s de mil 500 ni\u00f1as en Inglaterra entre 1997 y 2013, en el que se culp\u00f3 a las autoridades de no haber tomado medidas.<\/p>\n<p>Musk hac\u00eda referencia en su mensaje en la red social al propio Starmer, en el poder desde el 4 de julio, cuando puso fin en las elecciones brit\u00e1nicas a catorce a\u00f1os de gobiernos conservadores.<\/p>\n","protected":false},"excerpt":{"rendered":"<p>El primer ministro brit\u00e1nico, Keir Starmer, y el presidente franc\u00e9s, Emmanuel Macron, se unieron este lunes a las cr\u00edticas del<\/p>\n","protected":false},"author":4,"featured_media":53861,"comment_status":"closed","ping_status":"closed","sticky":false,"template":"","format":"standard","meta":{"colormag_page_container_layout":"default_layout","colormag_page_sidebar_layout":"default_layout","_jetpack_memberships_contains_paid_content":false,"footnotes":"","jetpack_publicize_message":"","jetpack_publicize_feature_enabled":true,"jetpack_social_post_already_shared":false,"jetpack_social_options":{"image_generator_settings":{"template":"highway","default_image_id":0,"font":"","enabled":false},"version":2}},"categories":[28],"tags":[],"class_list":["post-53860","post","type-post","status-publish","format-standard","has-post-thumbnail","hentry","category-internacional"],"jetpack_publicize_connections":[],"jetpack_featured_media_url":"https:\/\/i0.wp.com\/politicosaldesnudo.com.mx\/wp-content\/uploads\/2025\/01\/StarmerMacron-kDU-U70727965869lG-1200x840%40diario_abc.jpg?fit=1200%2C840&ssl=1","jetpack-related-posts":[],"jetpack_sharing_enabled":true,"_links":{"self":[{"href":"https:\/\/politicosaldesnudo.com.mx\/index.php\/wp-json\/wp\/v2\/posts\/53860","targetHints":{"allow":["GET"]}}],"collection":[{"href":"https:\/\/politicosaldesnudo.com.mx\/index.php\/wp-json\/wp\/v2\/posts"}],"about":[{"href":"https:\/\/politicosaldesnudo.com.mx\/index.php\/wp-json\/wp\/v2\/types\/post"}],"author":[{"embeddable":true,"href":"https:\/\/politicosaldesnudo.com.mx\/index.php\/wp-json\/wp\/v2\/users\/4"}],"replies":[{"embeddable":true,"href":"https:\/\/politicosaldesnudo.com.mx\/index.php\/wp-json\/wp\/v2\/comments?post=53860"}],"version-history":[{"count":0,"href":"https:\/\/politicosaldesnudo.com.mx\/index.php\/wp-json\/wp\/v2\/posts\/53860\/revisions"}],"wp:featuredmedia":[{"embeddable":true,"href":"https:\/\/politicosaldesnudo.com.mx\/index.php\/wp-json\/wp\/v2\/media\/53861"}],"wp:attachment":[{"href":"https:\/\/politicosaldesnudo.com.mx\/index.php\/wp-json\/wp\/v2\/media?parent=53860"}],"wp:term":[{"taxonomy":"category","embeddable":true,"href":"https:\/\/politicosaldesnudo.com.mx\/index.php\/wp-json\/wp\/v2\/categories?post=53860"},{"taxonomy":"post_tag","embeddable":true,"href":"https:\/\/politicosaldesnudo.com.mx\/index.php\/wp-json\/wp\/v2\/tags?post=53860"}],"curies":[{"name":"wp","href":"https:\/\/api.w.org\/{rel}","templated":true}]}}