{"id":53888,"date":"2025-01-08T00:02:21","date_gmt":"2025-01-08T06:02:21","guid":{"rendered":"https:\/\/politicosaldesnudo.com.mx\/?p=53888"},"modified":"2025-01-07T21:57:03","modified_gmt":"2025-01-08T03:57:03","slug":"taxistas-ansian-regreso-a-clases","status":"publish","type":"post","link":"https:\/\/politicosaldesnudo.com.mx\/index.php\/2025\/01\/08\/taxistas-ansian-regreso-a-clases\/","title":{"rendered":"Taxistas ans\u00edan regreso a clases"},"content":{"rendered":"<p>Con ansias esperan taxistas el regreso de los estudiantes a las aulas este jueves 9 de enero, puesto que su derrama econ\u00f3mica ha sido muy baja a pesar del arribo de visitantes al puerto.<\/p>\n<p>La falta de actividad en las escuelas durante las vacaciones ha mermado considerablemente sus ingresos, puesto que aseguran que han tenido d\u00edas que no llegan a juntar lo del diario.<\/p>\n<p>\u00abLa verdad es que hemos estado batallando un poco en estas vacaciones, aunque ha habido visitantes, el movimiento que generan los estudiantes es fundamental para nosotros\u00bb, coment\u00f3 el chofer Antonio Santos.<\/p>\n<p>El taxista explica que el transporte escolar representa una parte importante de sus ganancias diarias, los traslados de alumnos y padres de familia a las escuelas y actividades extracurriculares generan una demanda constante de servicios, lo que se traduce en una mayor estabilidad econ\u00f3mica para los choferes.<\/p>\n<p>\u00abCon los estudiantes, uno tiene asegurado el trabajo diario, esperamos que con el regreso a clases podamos recuperar un poco el terreno perdido y estabilizar nuestra econom\u00eda\u00bb, agreg\u00f3 el conductor de la ruta Pinos-Uv-Centro.<\/p>\n<p>A pesar de la llegada de turistas durante los periodos vacacionales, los taxistas reconocen que esta derrama econ\u00f3mica no compensa la que generan los estudiantes a lo largo del a\u00f1o, la falta de regularidad en la demanda tur\u00edstica y el aumento en los costos de operaci\u00f3n hacen que el sector del transporte p\u00fablico sea especialmente vulnerable a las fluctuaciones econ\u00f3micas.<\/p>\n","protected":false},"excerpt":{"rendered":"<p>Con ansias esperan taxistas el regreso de los estudiantes a las aulas este jueves 9 de enero, puesto que su<\/p>\n","protected":false},"author":4,"featured_media":53889,"comment_status":"closed","ping_status":"closed","sticky":false,"template":"","format":"standard","meta":{"colormag_page_container_layout":"default_layout","colormag_page_sidebar_layout":"default_layout","_jetpack_memberships_contains_paid_content":false,"footnotes":"","jetpack_publicize_message":"","jetpack_publicize_feature_enabled":true,"jetpack_social_post_already_shared":false,"jetpack_social_options":{"image_generator_settings":{"template":"highway","default_image_id":0,"font":"","enabled":false},"version":2}},"categories":[1082],"tags":[],"class_list":["post-53888","post","type-post","status-publish","format-standard","has-post-thumbnail","hentry","category-tuxpan"],"jetpack_publicize_connections":[],"jetpack_featured_media_url":"https:\/\/i0.wp.com\/politicosaldesnudo.com.mx\/wp-content\/uploads\/2025\/01\/4b-3.jpg?fit=800%2C598&ssl=1","jetpack-related-posts":[],"jetpack_sharing_enabled":true,"_links":{"self":[{"href":"https:\/\/politicosaldesnudo.com.mx\/index.php\/wp-json\/wp\/v2\/posts\/53888","targetHints":{"allow":["GET"]}}],"collection":[{"href":"https:\/\/politicosaldesnudo.com.mx\/index.php\/wp-json\/wp\/v2\/posts"}],"about":[{"href":"https:\/\/politicosaldesnudo.com.mx\/index.php\/wp-json\/wp\/v2\/types\/post"}],"author":[{"embeddable":true,"href":"https:\/\/politicosaldesnudo.com.mx\/index.php\/wp-json\/wp\/v2\/users\/4"}],"replies":[{"embeddable":true,"href":"https:\/\/politicosaldesnudo.com.mx\/index.php\/wp-json\/wp\/v2\/comments?post=53888"}],"version-history":[{"count":0,"href":"https:\/\/politicosaldesnudo.com.mx\/index.php\/wp-json\/wp\/v2\/posts\/53888\/revisions"}],"wp:featuredmedia":[{"embeddable":true,"href":"https:\/\/politicosaldesnudo.com.mx\/index.php\/wp-json\/wp\/v2\/media\/53889"}],"wp:attachment":[{"href":"https:\/\/politicosaldesnudo.com.mx\/index.php\/wp-json\/wp\/v2\/media?parent=53888"}],"wp:term":[{"taxonomy":"category","embeddable":true,"href":"https:\/\/politicosaldesnudo.com.mx\/index.php\/wp-json\/wp\/v2\/categories?post=53888"},{"taxonomy":"post_tag","embeddable":true,"href":"https:\/\/politicosaldesnudo.com.mx\/index.php\/wp-json\/wp\/v2\/tags?post=53888"}],"curies":[{"name":"wp","href":"https:\/\/api.w.org\/{rel}","templated":true}]}}