{"id":53891,"date":"2025-01-08T00:03:42","date_gmt":"2025-01-08T06:03:42","guid":{"rendered":"https:\/\/politicosaldesnudo.com.mx\/?p=53891"},"modified":"2025-01-07T21:58:35","modified_gmt":"2025-01-08T03:58:35","slug":"liberan-calles","status":"publish","type":"post","link":"https:\/\/politicosaldesnudo.com.mx\/index.php\/2025\/01\/08\/liberan-calles\/","title":{"rendered":"Liberan calles"},"content":{"rendered":"<p>El gobierno municipal cumpli\u00f3 su palabra de ir despejando poco a poco las calles del primer cuadro de la ciudad, luego de las inconformidades de la poblaci\u00f3n por el incremento en la cantidad de comerciantes ambulantes<\/p>\n<p>Por instrucciones del alcalde Jes\u00fas Fomperoza Torres, este martes 7 de enero se llevaron a cabo los recorridos de inspecci\u00f3n por parte del personal de la direcci\u00f3n de Comercio, toda vez que los permisos temporales a vendedores de temporada vencieron este 6 de enero, por lo que ya no ten\u00edan permitido establecerse a partir del d\u00eda 7.<\/p>\n<p>Los comerciantes semifijos cuyos permisos llegaron a su fin, se retiraron de las calles de la zona centro, tales como P\u00edpila, Genaro Rodr\u00edguez, Ju\u00e1rez y Garizurieta, y a quienes intentaron permanecer se les hizo la invitaci\u00f3n a retirarse, misma que fue atendida.<\/p>\n<p>Aunque todav\u00eda se pueden observar algunos vendedores en las calles, ya son menos, y el objetivo de las autoridades es acondicionar un espacio digno que los resguarde de la lluvia y el sol, para trasladarlos y despejar en totalidad el primer cuadro.<\/p>\n<p>Cabe recordar que la situaci\u00f3n del comercio ambulante en la zona centro, ha sido causa de molestias para peatones y para automovilistas tanto del transporte p\u00fablico como del particular, toda vez que argumentan que la calles con angostas, y se pueden registrar accidentes a causa de que muchos ciudadanos tienen que caminar sobre la calle, debido a que las banquetas se ocupan por vendedores.<\/p>\n<p>Por lo anterior las autoridades locales est\u00e1n tomando cartas en el asunto, sin embargo, se busca no afectar la econom\u00eda de quienes dependen del comercio, y ante ello se buscan alternativas.<\/p>\n<p>Por el momento no habr\u00e1 m\u00e1s permisos temporales para vendedores semifijos, y se llevar\u00e1n a cabo recorridos de vigilancia para asegurarse de que se respeten las reglas e indicaciones.<\/p>\n","protected":false},"excerpt":{"rendered":"<p>El gobierno municipal cumpli\u00f3 su palabra de ir despejando poco a poco las calles del primer cuadro de la ciudad,<\/p>\n","protected":false},"author":4,"featured_media":53892,"comment_status":"closed","ping_status":"closed","sticky":false,"template":"","format":"standard","meta":{"colormag_page_container_layout":"default_layout","colormag_page_sidebar_layout":"default_layout","_jetpack_memberships_contains_paid_content":false,"footnotes":"","jetpack_publicize_message":"","jetpack_publicize_feature_enabled":true,"jetpack_social_post_already_shared":false,"jetpack_social_options":{"image_generator_settings":{"template":"highway","default_image_id":0,"font":"","enabled":false},"version":2}},"categories":[1082],"tags":[],"class_list":["post-53891","post","type-post","status-publish","format-standard","has-post-thumbnail","hentry","category-tuxpan"],"jetpack_publicize_connections":[],"jetpack_featured_media_url":"https:\/\/i0.wp.com\/politicosaldesnudo.com.mx\/wp-content\/uploads\/2025\/01\/3b-1.jpg?fit=1600%2C900&ssl=1","jetpack-related-posts":[],"jetpack_sharing_enabled":true,"_links":{"self":[{"href":"https:\/\/politicosaldesnudo.com.mx\/index.php\/wp-json\/wp\/v2\/posts\/53891","targetHints":{"allow":["GET"]}}],"collection":[{"href":"https:\/\/politicosaldesnudo.com.mx\/index.php\/wp-json\/wp\/v2\/posts"}],"about":[{"href":"https:\/\/politicosaldesnudo.com.mx\/index.php\/wp-json\/wp\/v2\/types\/post"}],"author":[{"embeddable":true,"href":"https:\/\/politicosaldesnudo.com.mx\/index.php\/wp-json\/wp\/v2\/users\/4"}],"replies":[{"embeddable":true,"href":"https:\/\/politicosaldesnudo.com.mx\/index.php\/wp-json\/wp\/v2\/comments?post=53891"}],"version-history":[{"count":0,"href":"https:\/\/politicosaldesnudo.com.mx\/index.php\/wp-json\/wp\/v2\/posts\/53891\/revisions"}],"wp:featuredmedia":[{"embeddable":true,"href":"https:\/\/politicosaldesnudo.com.mx\/index.php\/wp-json\/wp\/v2\/media\/53892"}],"wp:attachment":[{"href":"https:\/\/politicosaldesnudo.com.mx\/index.php\/wp-json\/wp\/v2\/media?parent=53891"}],"wp:term":[{"taxonomy":"category","embeddable":true,"href":"https:\/\/politicosaldesnudo.com.mx\/index.php\/wp-json\/wp\/v2\/categories?post=53891"},{"taxonomy":"post_tag","embeddable":true,"href":"https:\/\/politicosaldesnudo.com.mx\/index.php\/wp-json\/wp\/v2\/tags?post=53891"}],"curies":[{"name":"wp","href":"https:\/\/api.w.org\/{rel}","templated":true}]}}