{"id":5392,"date":"2022-05-17T07:00:49","date_gmt":"2022-05-17T12:00:49","guid":{"rendered":"https:\/\/politicosaldesnudo.com.mx\/?p=5392"},"modified":"2022-05-17T07:26:29","modified_gmt":"2022-05-17T12:26:29","slug":"6g-llegara-a-la-india-antes-de-2030-narendra","status":"publish","type":"post","link":"https:\/\/politicosaldesnudo.com.mx\/index.php\/2022\/05\/17\/6g-llegara-a-la-india-antes-de-2030-narendra\/","title":{"rendered":"6G llegar\u00e1 a la India antes de 2030: Narendra"},"content":{"rendered":"<p class=\"p1\"><span style=\"font-size: 14pt;\"><em><strong>Bombay.<\/strong><\/em> La <strong>India<\/strong> podr\u00eda lanzar <strong>servicios de comunicaci\u00f3n 6G<\/strong> antes de que termine la d\u00e9cada, anunci\u00f3 el primer ministro del pa\u00eds, <strong>Narendra Modi<\/strong>.<\/span><\/p>\n<p class=\"p1\"><strong><span style=\"font-size: 18pt;\">\u201cAntes de finales de esta d\u00e9cada podemos lanzar los servicios 6G, nuestro grupo de trabajo se ocupa de la tarea\u201d, dijo el titular.<\/span><\/strong><\/p>\n<p>&nbsp;<\/p>\n<p class=\"p1\"><span style=\"font-size: 14pt;\">Los esfuerzos del Gobierno, agreg\u00f3, ayudar\u00e1n a que nuevas empresas indias se conviertan en l\u00edderes mundiales del sector de las telecomunicaciones y las tecnolog\u00edas 5G.<\/span><\/p>\n<blockquote>\n<p class=\"p1\"><span style=\"font-size: 14pt;\">Seg\u00fan estimaciones, el 5G atraer\u00e1 en el futuro pr\u00f3ximo a la econom\u00eda india hasta 450.000 millones de d\u00f3lares\u201d y \u201cno solo acelerar\u00e1 la velocidad del internet, sino que contribuir\u00e1 al desarrollo y la creaci\u00f3n de empleo\u201d, subray\u00f3 Modi.<\/span><\/p>\n<\/blockquote>\n<p class=\"p1\"><strong><span style=\"font-size: 18pt;\">La tecnolog\u00eda 5G, continu\u00f3, \u201ctambi\u00e9n traer\u00e1 cambios positivos en la gesti\u00f3n del pa\u00eds, har\u00e1 m\u00e1s f\u00e1cil la vida y los negocios\u201d, as\u00ed como contribuir\u00e1 al desarrollo de todos los sectores.<\/span><\/strong><\/p>\n<p>&nbsp;<\/p>\n<p><img data-recalc-dims=\"1\" loading=\"lazy\" decoding=\"async\" class=\"aligncenter wp-image-5394 size-large\" src=\"https:\/\/i0.wp.com\/politicosaldesnudo.com.mx\/wp-content\/uploads\/2022\/05\/AdobeStock_310654857-1024x683.jpeg?resize=800%2C534&#038;ssl=1\" alt=\"\" width=\"800\" height=\"534\" srcset=\"https:\/\/i0.wp.com\/politicosaldesnudo.com.mx\/wp-content\/uploads\/2022\/05\/AdobeStock_310654857-scaled.jpeg?resize=1024%2C683&amp;ssl=1 1024w, https:\/\/i0.wp.com\/politicosaldesnudo.com.mx\/wp-content\/uploads\/2022\/05\/AdobeStock_310654857-scaled.jpeg?resize=300%2C200&amp;ssl=1 300w, https:\/\/i0.wp.com\/politicosaldesnudo.com.mx\/wp-content\/uploads\/2022\/05\/AdobeStock_310654857-scaled.jpeg?resize=768%2C512&amp;ssl=1 768w, https:\/\/i0.wp.com\/politicosaldesnudo.com.mx\/wp-content\/uploads\/2022\/05\/AdobeStock_310654857-scaled.jpeg?resize=1536%2C1024&amp;ssl=1 1536w, https:\/\/i0.wp.com\/politicosaldesnudo.com.mx\/wp-content\/uploads\/2022\/05\/AdobeStock_310654857-scaled.jpeg?resize=2048%2C1365&amp;ssl=1 2048w, https:\/\/i0.wp.com\/politicosaldesnudo.com.mx\/wp-content\/uploads\/2022\/05\/AdobeStock_310654857-scaled.jpeg?w=1600&amp;ssl=1 1600w, https:\/\/i0.wp.com\/politicosaldesnudo.com.mx\/wp-content\/uploads\/2022\/05\/AdobeStock_310654857-scaled.jpeg?w=2400&amp;ssl=1 2400w\" sizes=\"auto, (max-width: 800px) 100vw, 800px\" \/><\/p>\n<p>&nbsp;<\/p>\n<p class=\"p1\"><span style=\"font-size: 14pt;\">Las redes 5G, con una velocidad muy superior a la de las redes existentes y una latencia mucho m\u00e1s baja, permiten incrementar la densidad de dispositivos conectados y mejorar la comunicaci\u00f3n en tiempo real y la computaci\u00f3n en red.<\/span><\/p>\n<p>&nbsp;<\/p>\n<p>&nbsp;<\/p>\n<p>&nbsp;<\/p>\n<p>&nbsp;<\/p>\n<p>&nbsp;<\/p>\n<p>&nbsp;<\/p>\n","protected":false},"excerpt":{"rendered":"<p>Bombay. La India podr\u00eda lanzar servicios de comunicaci\u00f3n 6G antes de que termine la d\u00e9cada, anunci\u00f3 el primer ministro del<\/p>\n","protected":false},"author":4,"featured_media":5393,"comment_status":"closed","ping_status":"closed","sticky":false,"template":"","format":"standard","meta":{"colormag_page_container_layout":"default_layout","colormag_page_sidebar_layout":"default_layout","_jetpack_memberships_contains_paid_content":false,"footnotes":"","jetpack_publicize_message":"","jetpack_publicize_feature_enabled":true,"jetpack_social_post_already_shared":true,"jetpack_social_options":{"image_generator_settings":{"template":"highway","default_image_id":0,"font":"","enabled":false},"version":2}},"categories":[28],"tags":[755,754,753],"class_list":["post-5392","post","type-post","status-publish","format-standard","has-post-thumbnail","hentry","category-internacional","tag-6g","tag-india","tag-narendra-modi"],"jetpack_publicize_connections":[],"jetpack_featured_media_url":"https:\/\/i0.wp.com\/politicosaldesnudo.com.mx\/wp-content\/uploads\/2022\/05\/P-NARENDRAMODI.png?fit=1816%2C1016&ssl=1","jetpack-related-posts":[],"jetpack_sharing_enabled":true,"_links":{"self":[{"href":"https:\/\/politicosaldesnudo.com.mx\/index.php\/wp-json\/wp\/v2\/posts\/5392","targetHints":{"allow":["GET"]}}],"collection":[{"href":"https:\/\/politicosaldesnudo.com.mx\/index.php\/wp-json\/wp\/v2\/posts"}],"about":[{"href":"https:\/\/politicosaldesnudo.com.mx\/index.php\/wp-json\/wp\/v2\/types\/post"}],"author":[{"embeddable":true,"href":"https:\/\/politicosaldesnudo.com.mx\/index.php\/wp-json\/wp\/v2\/users\/4"}],"replies":[{"embeddable":true,"href":"https:\/\/politicosaldesnudo.com.mx\/index.php\/wp-json\/wp\/v2\/comments?post=5392"}],"version-history":[{"count":0,"href":"https:\/\/politicosaldesnudo.com.mx\/index.php\/wp-json\/wp\/v2\/posts\/5392\/revisions"}],"wp:featuredmedia":[{"embeddable":true,"href":"https:\/\/politicosaldesnudo.com.mx\/index.php\/wp-json\/wp\/v2\/media\/5393"}],"wp:attachment":[{"href":"https:\/\/politicosaldesnudo.com.mx\/index.php\/wp-json\/wp\/v2\/media?parent=5392"}],"wp:term":[{"taxonomy":"category","embeddable":true,"href":"https:\/\/politicosaldesnudo.com.mx\/index.php\/wp-json\/wp\/v2\/categories?post=5392"},{"taxonomy":"post_tag","embeddable":true,"href":"https:\/\/politicosaldesnudo.com.mx\/index.php\/wp-json\/wp\/v2\/tags?post=5392"}],"curies":[{"name":"wp","href":"https:\/\/api.w.org\/{rel}","templated":true}]}}