{"id":53921,"date":"2025-01-08T00:07:43","date_gmt":"2025-01-08T06:07:43","guid":{"rendered":"https:\/\/politicosaldesnudo.com.mx\/?p=53921"},"modified":"2025-01-08T00:07:43","modified_gmt":"2025-01-08T06:07:43","slug":"en-tamaulipas-preven-aumento-en-tortillas-ante-escasez-de-maiz","status":"publish","type":"post","link":"https:\/\/politicosaldesnudo.com.mx\/index.php\/2025\/01\/08\/en-tamaulipas-preven-aumento-en-tortillas-ante-escasez-de-maiz\/","title":{"rendered":"En Tamaulipas, prev\u00e9n aumento en tortillas ante escasez de ma\u00edz"},"content":{"rendered":"<p><em>Nuevo Laredo, Tamps.<\/em><\/p>\n<p>Productores de tortillas de Nuevo Laredo anticipan un posible aumento de dos pesos en el precio del producto debido a varios factores, como el incremento en el costo de la harina nixtamalizada y otros insumos. Filadelfo Medina Llana, representante de la Uni\u00f3n de Productores de Tortillas, explic\u00f3 que aunque a\u00fan no tienen una fecha definida para el ajuste, los precios podr\u00edan subir a partir de febrero, al igual que ocurri\u00f3 el a\u00f1o pasado.<\/p>\n<p>Medina Llana mencion\u00f3 que una de las principales razones detr\u00e1s de este posible aumento es la escasez de ma\u00edz, producto que se ha visto afectado por la sequ\u00eda. Aunque todav\u00eda no se ha definido una fecha exacta para el aumento, los productores prev\u00e9n que el ma\u00edz importado, m\u00e1s caro, podr\u00eda impactar el precio de la harina, lo que a su vez obligar\u00eda a un incremento en el costo de las tortillas.<\/p>\n<p>Actualmente, el precio promedio de la tortilla en las tortiller\u00edas de la ciudad es de entre 26 y 27 pesos por kilo, mientras que en el perifoneo se encuentra entre 19 y 20 pesos. Aunque los precios no est\u00e1n oficialmente regulados, la Procuradur\u00eda Federal del Consumidor (Profeco) supervisa que los costos se mantengan dentro de rangos razonables, y cualquier aumento debe ser debidamente justificado por los productores.<\/p>\n<p>El representante de los productores de tortillas tambi\u00e9n destac\u00f3 que el incremento en los precios de otros insumos, como refacciones, papel y tefl\u00f3n, tambi\u00e9n est\u00e1 contribuyendo al panorama de aumentos. Estos ajustes son necesarios para absorber los incrementos en los sueldos y en los costos de la producci\u00f3n.<\/p>\n<p>Aunque no se ha definido a\u00fan el porcentaje exacto del aumento, Medina Llana confirm\u00f3 que los productores est\u00e1n esperando un comunicado oficial de las harineras para poder hacer un estudio y decidir el ajuste final. Se espera que el incremento se haga oficial en la segunda quincena de febrero, sumando los factores de aumento en el salario m\u00ednimo y los costos de producci\u00f3n.<\/p>\n","protected":false},"excerpt":{"rendered":"<p>Nuevo Laredo, Tamps. Productores de tortillas de Nuevo Laredo anticipan un posible aumento de dos pesos en el precio del<\/p>\n","protected":false},"author":4,"featured_media":53922,"comment_status":"closed","ping_status":"closed","sticky":false,"template":"","format":"standard","meta":{"colormag_page_container_layout":"default_layout","colormag_page_sidebar_layout":"default_layout","_jetpack_memberships_contains_paid_content":false,"footnotes":"","jetpack_publicize_message":"","jetpack_publicize_feature_enabled":true,"jetpack_social_post_already_shared":false,"jetpack_social_options":{"image_generator_settings":{"template":"highway","default_image_id":0,"font":"","enabled":false},"version":2}},"categories":[30],"tags":[],"class_list":["post-53921","post","type-post","status-publish","format-standard","has-post-thumbnail","hentry","category-estados"],"jetpack_publicize_connections":[],"jetpack_featured_media_url":"https:\/\/i0.wp.com\/politicosaldesnudo.com.mx\/wp-content\/uploads\/2025\/01\/0-grande-1-1.jpg?fit=800%2C450&ssl=1","jetpack-related-posts":[],"jetpack_sharing_enabled":true,"_links":{"self":[{"href":"https:\/\/politicosaldesnudo.com.mx\/index.php\/wp-json\/wp\/v2\/posts\/53921","targetHints":{"allow":["GET"]}}],"collection":[{"href":"https:\/\/politicosaldesnudo.com.mx\/index.php\/wp-json\/wp\/v2\/posts"}],"about":[{"href":"https:\/\/politicosaldesnudo.com.mx\/index.php\/wp-json\/wp\/v2\/types\/post"}],"author":[{"embeddable":true,"href":"https:\/\/politicosaldesnudo.com.mx\/index.php\/wp-json\/wp\/v2\/users\/4"}],"replies":[{"embeddable":true,"href":"https:\/\/politicosaldesnudo.com.mx\/index.php\/wp-json\/wp\/v2\/comments?post=53921"}],"version-history":[{"count":0,"href":"https:\/\/politicosaldesnudo.com.mx\/index.php\/wp-json\/wp\/v2\/posts\/53921\/revisions"}],"wp:featuredmedia":[{"embeddable":true,"href":"https:\/\/politicosaldesnudo.com.mx\/index.php\/wp-json\/wp\/v2\/media\/53922"}],"wp:attachment":[{"href":"https:\/\/politicosaldesnudo.com.mx\/index.php\/wp-json\/wp\/v2\/media?parent=53921"}],"wp:term":[{"taxonomy":"category","embeddable":true,"href":"https:\/\/politicosaldesnudo.com.mx\/index.php\/wp-json\/wp\/v2\/categories?post=53921"},{"taxonomy":"post_tag","embeddable":true,"href":"https:\/\/politicosaldesnudo.com.mx\/index.php\/wp-json\/wp\/v2\/tags?post=53921"}],"curies":[{"name":"wp","href":"https:\/\/api.w.org\/{rel}","templated":true}]}}