{"id":53959,"date":"2025-01-09T00:02:38","date_gmt":"2025-01-09T06:02:38","guid":{"rendered":"https:\/\/politicosaldesnudo.com.mx\/?p=53959"},"modified":"2025-01-08T22:07:32","modified_gmt":"2025-01-09T04:07:32","slug":"llevan-apoyos-al-cereso","status":"publish","type":"post","link":"https:\/\/politicosaldesnudo.com.mx\/index.php\/2025\/01\/09\/llevan-apoyos-al-cereso\/","title":{"rendered":"Llevan apoyos al Cereso"},"content":{"rendered":"<p>En un acto de solidaridad y compromiso social, personas altruistas llevaron alegr\u00eda a los internos del Centro de Readaptaci\u00f3n Social de Tuxpan Zona Norte, con la donaci\u00f3n de 45 roscas de Reyes, las cuales permitieron que los reclusos celebraran el D\u00eda de Reyes en un ambiente de uni\u00f3n y armon\u00eda.<\/p>\n<p>\u00abAgradecemos profundamente este gesto de generosidad\u00bb, expres\u00f3 el director del CERESO, Antonio Huesca Figueroa, quien destac\u00f3 la importancia de brindar momentos de alegr\u00eda a los internos y sus familias.<\/p>\n<p>\u00abEste tipo de acciones demuestran que la ayuda debe llegar a todos, sin importar las circunstancias, por lo que nuestro agradecimiento infinito a la regidora Anah\u00ed Aguilar L\u00f3pez y a su esposo Ren\u00e9 Cruz Cort\u00e9s, quienes atendieron nuestra solicitud y nos apoyaron\u00bb, comentaron las autoridades penitenciarias.<\/p>\n<p>Por su parte, la edil contin\u00faa reafirmando su compromiso de seguir gestionando apoyos y beneficios para los sectores m\u00e1s vulnerables de la poblaci\u00f3n.<\/p>\n<p>\u00abCreemos firmemente en la importancia de trabajar en conjunto para construir un municipio m\u00e1s justo y equitativo\u00bb, se\u00f1al\u00f3.<\/p>\n<p>Su esposo, el l\u00edder social Ren\u00e9 Cruz Cort\u00e9s, agreg\u00f3 que esta muestra de compromiso social, es para retribuir un poco todas bendiciones que Dios les otorga como familia, adem\u00e1s fe que su instinto social desde hace muchos a\u00f1os, ha estado en apoyar las causas sociales y gestionar beneficios para todos los ciudadanos que as\u00ed lo requieran.<\/p>\n<p>Con esta acci\u00f3n, la pareja demuestra una vez m\u00e1s su sensibilidad social y su disposici\u00f3n a ayudar a quienes m\u00e1s lo necesitan.<\/p>\n","protected":false},"excerpt":{"rendered":"<p>En un acto de solidaridad y compromiso social, personas altruistas llevaron alegr\u00eda a los internos del Centro de Readaptaci\u00f3n Social<\/p>\n","protected":false},"author":4,"featured_media":53960,"comment_status":"closed","ping_status":"closed","sticky":false,"template":"","format":"standard","meta":{"colormag_page_container_layout":"default_layout","colormag_page_sidebar_layout":"default_layout","_jetpack_memberships_contains_paid_content":false,"footnotes":"","jetpack_publicize_message":"","jetpack_publicize_feature_enabled":true,"jetpack_social_post_already_shared":false,"jetpack_social_options":{"image_generator_settings":{"template":"highway","default_image_id":0,"font":"","enabled":false},"version":2}},"categories":[1082],"tags":[],"class_list":["post-53959","post","type-post","status-publish","format-standard","has-post-thumbnail","hentry","category-tuxpan"],"jetpack_publicize_connections":[],"jetpack_featured_media_url":"https:\/\/i0.wp.com\/politicosaldesnudo.com.mx\/wp-content\/uploads\/2025\/01\/3c-3.jpg?fit=1280%2C720&ssl=1","jetpack-related-posts":[],"jetpack_sharing_enabled":true,"_links":{"self":[{"href":"https:\/\/politicosaldesnudo.com.mx\/index.php\/wp-json\/wp\/v2\/posts\/53959","targetHints":{"allow":["GET"]}}],"collection":[{"href":"https:\/\/politicosaldesnudo.com.mx\/index.php\/wp-json\/wp\/v2\/posts"}],"about":[{"href":"https:\/\/politicosaldesnudo.com.mx\/index.php\/wp-json\/wp\/v2\/types\/post"}],"author":[{"embeddable":true,"href":"https:\/\/politicosaldesnudo.com.mx\/index.php\/wp-json\/wp\/v2\/users\/4"}],"replies":[{"embeddable":true,"href":"https:\/\/politicosaldesnudo.com.mx\/index.php\/wp-json\/wp\/v2\/comments?post=53959"}],"version-history":[{"count":0,"href":"https:\/\/politicosaldesnudo.com.mx\/index.php\/wp-json\/wp\/v2\/posts\/53959\/revisions"}],"wp:featuredmedia":[{"embeddable":true,"href":"https:\/\/politicosaldesnudo.com.mx\/index.php\/wp-json\/wp\/v2\/media\/53960"}],"wp:attachment":[{"href":"https:\/\/politicosaldesnudo.com.mx\/index.php\/wp-json\/wp\/v2\/media?parent=53959"}],"wp:term":[{"taxonomy":"category","embeddable":true,"href":"https:\/\/politicosaldesnudo.com.mx\/index.php\/wp-json\/wp\/v2\/categories?post=53959"},{"taxonomy":"post_tag","embeddable":true,"href":"https:\/\/politicosaldesnudo.com.mx\/index.php\/wp-json\/wp\/v2\/tags?post=53959"}],"curies":[{"name":"wp","href":"https:\/\/api.w.org\/{rel}","templated":true}]}}