{"id":53962,"date":"2025-01-09T00:03:09","date_gmt":"2025-01-09T06:03:09","guid":{"rendered":"https:\/\/politicosaldesnudo.com.mx\/?p=53962"},"modified":"2025-01-08T22:09:56","modified_gmt":"2025-01-09T04:09:56","slug":"rene-bejarano-visitara-tuxpan","status":"publish","type":"post","link":"https:\/\/politicosaldesnudo.com.mx\/index.php\/2025\/01\/09\/rene-bejarano-visitara-tuxpan\/","title":{"rendered":"Ren\u00e9 Bejarano visitar\u00e1 Tuxpan"},"content":{"rendered":"<p>Ren\u00e9 Bejarano, reconocido l\u00edder pol\u00edtico y fundador del Movimiento Nacional por la Esperanza (MNE), visitar\u00e1 Tuxpan el pr\u00f3ximo 11 de enero como parte de su agenda pol\u00edtica en el estado de Veracruz. La informaci\u00f3n fue confirmada por Francisco Espinoza Priego, integrante de dicho movimiento, quien detall\u00f3 que el evento se llevar\u00e1 a cabo en un conocido hotel del centro de la ciudad.<\/p>\n<p>Durante su visita, Bejarano sostendr\u00e1 un encuentro con l\u00edderes locales, representantes de diversos sectores y ciudadanos interesados en temas de desarrollo social, fortalecimiento comunitario y participaci\u00f3n pol\u00edtica. Adem\u00e1s, se prev\u00e9 que el l\u00edder pol\u00edtico comparta su visi\u00f3n sobre los retos actuales del pa\u00eds y las propuestas del MNE para fomentar el bienestar social y la inclusi\u00f3n.<\/p>\n<p>La reuni\u00f3n ser\u00e1 un espacio abierto al di\u00e1logo, donde se espera la asistencia de l\u00edderes regionales y simpatizantes de las causas promovidas por el Movimiento Nacional por la Esperanza. Espinoza Priego destac\u00f3 la importancia de este encuentro para estrechar v\u00ednculos entre el movimiento y las comunidades de la zona norte de Veracruz.<\/p>\n<p>Con una trayectoria que lo posiciona como una figura influyente en la pol\u00edtica mexicana, Ren\u00e9 Bejarano contin\u00faa promoviendo iniciativas orientadas a la transformaci\u00f3n social y el fortalecimiento de las estructuras comunitarias.<\/p>\n","protected":false},"excerpt":{"rendered":"<p>Ren\u00e9 Bejarano, reconocido l\u00edder pol\u00edtico y fundador del Movimiento Nacional por la Esperanza (MNE), visitar\u00e1 Tuxpan el pr\u00f3ximo 11 de<\/p>\n","protected":false},"author":4,"featured_media":53963,"comment_status":"closed","ping_status":"closed","sticky":false,"template":"","format":"standard","meta":{"colormag_page_container_layout":"default_layout","colormag_page_sidebar_layout":"default_layout","_jetpack_memberships_contains_paid_content":false,"footnotes":"","jetpack_publicize_message":"","jetpack_publicize_feature_enabled":true,"jetpack_social_post_already_shared":false,"jetpack_social_options":{"image_generator_settings":{"template":"highway","default_image_id":0,"font":"","enabled":false},"version":2}},"categories":[1082],"tags":[],"class_list":["post-53962","post","type-post","status-publish","format-standard","has-post-thumbnail","hentry","category-tuxpan"],"jetpack_publicize_connections":[],"jetpack_featured_media_url":"https:\/\/i0.wp.com\/politicosaldesnudo.com.mx\/wp-content\/uploads\/2025\/01\/4b-4.jpg?fit=1024%2C768&ssl=1","jetpack-related-posts":[],"jetpack_sharing_enabled":true,"_links":{"self":[{"href":"https:\/\/politicosaldesnudo.com.mx\/index.php\/wp-json\/wp\/v2\/posts\/53962","targetHints":{"allow":["GET"]}}],"collection":[{"href":"https:\/\/politicosaldesnudo.com.mx\/index.php\/wp-json\/wp\/v2\/posts"}],"about":[{"href":"https:\/\/politicosaldesnudo.com.mx\/index.php\/wp-json\/wp\/v2\/types\/post"}],"author":[{"embeddable":true,"href":"https:\/\/politicosaldesnudo.com.mx\/index.php\/wp-json\/wp\/v2\/users\/4"}],"replies":[{"embeddable":true,"href":"https:\/\/politicosaldesnudo.com.mx\/index.php\/wp-json\/wp\/v2\/comments?post=53962"}],"version-history":[{"count":0,"href":"https:\/\/politicosaldesnudo.com.mx\/index.php\/wp-json\/wp\/v2\/posts\/53962\/revisions"}],"wp:featuredmedia":[{"embeddable":true,"href":"https:\/\/politicosaldesnudo.com.mx\/index.php\/wp-json\/wp\/v2\/media\/53963"}],"wp:attachment":[{"href":"https:\/\/politicosaldesnudo.com.mx\/index.php\/wp-json\/wp\/v2\/media?parent=53962"}],"wp:term":[{"taxonomy":"category","embeddable":true,"href":"https:\/\/politicosaldesnudo.com.mx\/index.php\/wp-json\/wp\/v2\/categories?post=53962"},{"taxonomy":"post_tag","embeddable":true,"href":"https:\/\/politicosaldesnudo.com.mx\/index.php\/wp-json\/wp\/v2\/tags?post=53962"}],"curies":[{"name":"wp","href":"https:\/\/api.w.org\/{rel}","templated":true}]}}