{"id":53965,"date":"2025-01-09T00:04:29","date_gmt":"2025-01-09T06:04:29","guid":{"rendered":"https:\/\/politicosaldesnudo.com.mx\/?p=53965"},"modified":"2025-01-08T22:11:14","modified_gmt":"2025-01-09T04:11:14","slug":"aumenta-afluencia-al-museo-mexico-cuba","status":"publish","type":"post","link":"https:\/\/politicosaldesnudo.com.mx\/index.php\/2025\/01\/09\/aumenta-afluencia-al-museo-mexico-cuba\/","title":{"rendered":"Aumenta afluencia al Museo M\u00e9xico-Cuba"},"content":{"rendered":"<p>Durante el reciente periodo vacacional, el Museo M\u00e9xico-Cuba experiment\u00f3 un significativo incremento en el n\u00famero de visitantes, consolid\u00e1ndose como un punto de inter\u00e9s hist\u00f3rico y cultural en la regi\u00f3n. Mar\u00eda de la Soledad Miquelajauregui, directora de Cultura, Museos y Bibliotecas, destac\u00f3 que el recinto recibi\u00f3 una amplia afluencia, pasando de un promedio diario de 110 visitantes a cifras mucho m\u00e1s altas, principalmente turistas nacionales provenientes del altiplano, el norte y el sureste del pa\u00eds.<\/p>\n<p>\u201cTambi\u00e9n hemos tenido visitas de extranjeros, incluyendo ciudadanos de Canad\u00e1, China, Australia, Espa\u00f1a y, en particular, de Cuba, quienes con mucho cari\u00f1o vienen a conocer el lugar de donde parti\u00f3 el Granma\u201d, se\u00f1al\u00f3 la entrevistada.<\/p>\n<p>El museo, que cuenta con el emblem\u00e1tico monumento de la trilog\u00eda revolucionaria y tres salas anexas para exposiciones temporales, es reconocido por su relevancia hist\u00f3rica para M\u00e9xico, Cuba y Am\u00e9rica Latina. Actualmente, los visitantes pueden disfrutar de una colecci\u00f3n fotogr\u00e1fica que muestra al Che Guevara en actividades cotidianas en La Habana, obra de un fot\u00f3grafo cubano contempor\u00e1neo.<\/p>\n<p>\u201cBuscamos mantener la innovaci\u00f3n en nuestras exposiciones temporales. Aunque la esencia del museo radica en su patrimonio hist\u00f3rico, en las salas anexas procuramos renovar las muestras para ofrecer algo fresco al p\u00fablico. Adem\u00e1s, la embajada de Cuba est\u00e1 interesada en colaborar con material de artistas cubanos, lo cual podr\u00eda concretarse en nuevas exposiciones para marzo o abril\u201d, explic\u00f3 la directora.<\/p>\n<p>Se\u00f1al\u00f3 que el compromiso por preservar y dinamizar este espacio hist\u00f3rico garantiza que el Museo M\u00e9xico-Cuba siga siendo un referente cultural, atrayendo tanto a turistas nacionales como internacionales.<\/p>\n","protected":false},"excerpt":{"rendered":"<p>Durante el reciente periodo vacacional, el Museo M\u00e9xico-Cuba experiment\u00f3 un significativo incremento en el n\u00famero de visitantes, consolid\u00e1ndose como un<\/p>\n","protected":false},"author":4,"featured_media":53966,"comment_status":"closed","ping_status":"closed","sticky":false,"template":"","format":"standard","meta":{"colormag_page_container_layout":"default_layout","colormag_page_sidebar_layout":"default_layout","_jetpack_memberships_contains_paid_content":false,"footnotes":"","jetpack_publicize_message":"","jetpack_publicize_feature_enabled":true,"jetpack_social_post_already_shared":false,"jetpack_social_options":{"image_generator_settings":{"template":"highway","default_image_id":0,"font":"","enabled":false},"version":2}},"categories":[1082],"tags":[],"class_list":["post-53965","post","type-post","status-publish","format-standard","has-post-thumbnail","hentry","category-tuxpan"],"jetpack_publicize_connections":[],"jetpack_featured_media_url":"https:\/\/i0.wp.com\/politicosaldesnudo.com.mx\/wp-content\/uploads\/2025\/01\/5c-4.jpg?fit=800%2C600&ssl=1","jetpack-related-posts":[],"jetpack_sharing_enabled":true,"_links":{"self":[{"href":"https:\/\/politicosaldesnudo.com.mx\/index.php\/wp-json\/wp\/v2\/posts\/53965","targetHints":{"allow":["GET"]}}],"collection":[{"href":"https:\/\/politicosaldesnudo.com.mx\/index.php\/wp-json\/wp\/v2\/posts"}],"about":[{"href":"https:\/\/politicosaldesnudo.com.mx\/index.php\/wp-json\/wp\/v2\/types\/post"}],"author":[{"embeddable":true,"href":"https:\/\/politicosaldesnudo.com.mx\/index.php\/wp-json\/wp\/v2\/users\/4"}],"replies":[{"embeddable":true,"href":"https:\/\/politicosaldesnudo.com.mx\/index.php\/wp-json\/wp\/v2\/comments?post=53965"}],"version-history":[{"count":0,"href":"https:\/\/politicosaldesnudo.com.mx\/index.php\/wp-json\/wp\/v2\/posts\/53965\/revisions"}],"wp:featuredmedia":[{"embeddable":true,"href":"https:\/\/politicosaldesnudo.com.mx\/index.php\/wp-json\/wp\/v2\/media\/53966"}],"wp:attachment":[{"href":"https:\/\/politicosaldesnudo.com.mx\/index.php\/wp-json\/wp\/v2\/media?parent=53965"}],"wp:term":[{"taxonomy":"category","embeddable":true,"href":"https:\/\/politicosaldesnudo.com.mx\/index.php\/wp-json\/wp\/v2\/categories?post=53965"},{"taxonomy":"post_tag","embeddable":true,"href":"https:\/\/politicosaldesnudo.com.mx\/index.php\/wp-json\/wp\/v2\/tags?post=53965"}],"curies":[{"name":"wp","href":"https:\/\/api.w.org\/{rel}","templated":true}]}}