{"id":54030,"date":"2025-01-10T00:02:46","date_gmt":"2025-01-10T06:02:46","guid":{"rendered":"https:\/\/politicosaldesnudo.com.mx\/?p=54030"},"modified":"2025-01-09T22:22:19","modified_gmt":"2025-01-10T04:22:19","slug":"crece-demanda-de-pasaportes","status":"publish","type":"post","link":"https:\/\/politicosaldesnudo.com.mx\/index.php\/2025\/01\/10\/crece-demanda-de-pasaportes\/","title":{"rendered":"Crece demanda de Pasaportes"},"content":{"rendered":"<p>Alta es la demanda de Pasaportes en la Oficina de Enlace de la Secretar\u00eda de Relaciones Exteriores, puesto que en lo que va de esta semana, llevan 200 tr\u00e1mites realizados y esperan cerrar con una cifra excelente este primer mes del a\u00f1o.<\/p>\n<p>La titular de la oficina; Lucero Casrrasco, inform\u00f3 que retornaron de su periodo vacacional este lunes 6 de enero y desde ese d\u00eda la demanda ha sido alta, considerando que al mes cierran con alrededor de 600 tr\u00e1mites.<\/p>\n<p>\u201c<span id=\"_GoBack\"><\/span>Tan solo en esta semana llevamos casi 200 pasaportes, es una cifra muy buena y esperamos que podamos cerrar con muy buenas cifras, ya que los viernes son cuando nos hemos percatado que vienen m\u00e1s familias a hacer este tipo de tr\u00e1mites\u00bb, coment\u00f3.<\/p>\n<p>La entrevistada agreg\u00f3 que el incremento no fue impedimento para que la gente continuara con sus tr\u00e1mites, el cual fue de un 5 por ciento, y es anual el aumento, mismo que cada inicio de a\u00f1o se aplica.<\/p>\n<p>Explic\u00f3 que el pasaporte de 3 a\u00f1os tiene un costo de 1 730, el de 6 a\u00f1os 2, 350 y el de 10 a\u00f1os de 4, 120 pesos y la cuota municipal se sigue manteniendo en 400 pesos.<\/p>\n<p>Finalmente, dijo que siguen teniendo disponibilidad de citas, para que los interesados puedan acudir a realizar su tr\u00e1mite y puedan aprovechar a realizarlo para que puedan viajar sin ning\u00fan contratiempo.<\/p>\n","protected":false},"excerpt":{"rendered":"<p>Alta es la demanda de Pasaportes en la Oficina de Enlace de la Secretar\u00eda de Relaciones Exteriores, puesto que en<\/p>\n","protected":false},"author":4,"featured_media":54031,"comment_status":"closed","ping_status":"closed","sticky":false,"template":"","format":"standard","meta":{"colormag_page_container_layout":"default_layout","colormag_page_sidebar_layout":"default_layout","_jetpack_memberships_contains_paid_content":false,"footnotes":"","jetpack_publicize_message":"","jetpack_publicize_feature_enabled":true,"jetpack_social_post_already_shared":false,"jetpack_social_options":{"image_generator_settings":{"template":"highway","default_image_id":0,"font":"","enabled":false},"version":2}},"categories":[1082],"tags":[],"class_list":["post-54030","post","type-post","status-publish","format-standard","has-post-thumbnail","hentry","category-tuxpan"],"jetpack_publicize_connections":[],"jetpack_featured_media_url":"https:\/\/i0.wp.com\/politicosaldesnudo.com.mx\/wp-content\/uploads\/2025\/01\/5b-1.jpg?fit=960%2C720&ssl=1","jetpack-related-posts":[],"jetpack_sharing_enabled":true,"_links":{"self":[{"href":"https:\/\/politicosaldesnudo.com.mx\/index.php\/wp-json\/wp\/v2\/posts\/54030","targetHints":{"allow":["GET"]}}],"collection":[{"href":"https:\/\/politicosaldesnudo.com.mx\/index.php\/wp-json\/wp\/v2\/posts"}],"about":[{"href":"https:\/\/politicosaldesnudo.com.mx\/index.php\/wp-json\/wp\/v2\/types\/post"}],"author":[{"embeddable":true,"href":"https:\/\/politicosaldesnudo.com.mx\/index.php\/wp-json\/wp\/v2\/users\/4"}],"replies":[{"embeddable":true,"href":"https:\/\/politicosaldesnudo.com.mx\/index.php\/wp-json\/wp\/v2\/comments?post=54030"}],"version-history":[{"count":0,"href":"https:\/\/politicosaldesnudo.com.mx\/index.php\/wp-json\/wp\/v2\/posts\/54030\/revisions"}],"wp:featuredmedia":[{"embeddable":true,"href":"https:\/\/politicosaldesnudo.com.mx\/index.php\/wp-json\/wp\/v2\/media\/54031"}],"wp:attachment":[{"href":"https:\/\/politicosaldesnudo.com.mx\/index.php\/wp-json\/wp\/v2\/media?parent=54030"}],"wp:term":[{"taxonomy":"category","embeddable":true,"href":"https:\/\/politicosaldesnudo.com.mx\/index.php\/wp-json\/wp\/v2\/categories?post=54030"},{"taxonomy":"post_tag","embeddable":true,"href":"https:\/\/politicosaldesnudo.com.mx\/index.php\/wp-json\/wp\/v2\/tags?post=54030"}],"curies":[{"name":"wp","href":"https:\/\/api.w.org\/{rel}","templated":true}]}}