{"id":54036,"date":"2025-01-10T00:04:42","date_gmt":"2025-01-10T06:04:42","guid":{"rendered":"https:\/\/politicosaldesnudo.com.mx\/?p=54036"},"modified":"2025-01-09T22:24:32","modified_gmt":"2025-01-10T04:24:32","slug":"tuxpan-sera-sede-del-foro-regional-de-bienestar","status":"publish","type":"post","link":"https:\/\/politicosaldesnudo.com.mx\/index.php\/2025\/01\/10\/tuxpan-sera-sede-del-foro-regional-de-bienestar\/","title":{"rendered":"Tuxpan ser\u00e1 sede del Foro Regional de Bienestar"},"content":{"rendered":"<p>Este pr\u00f3ximo 15 de enero, Tuxpan albergar\u00e1 el Foro Regional de Bienestar Social, un espacio clave en la construcci\u00f3n del Plan Veracruzano de Desarrollo 2025-2030. Este encuentro, que forma parte de la Consulta Popular impulsada por el Gobierno del Estado, tendr\u00e1 como eje rector el turismo, integrando temas de econom\u00eda y sustentabilidad.<\/p>\n<p>El foro busca generar un di\u00e1logo participativo entre expertos, autoridades y ciudadanos, con el objetivo de dise\u00f1ar estrategias que promuevan el desarrollo econ\u00f3mico sostenible y fortalezcan el turismo como motor clave para el bienestar social.<\/p>\n<p>En este evento se espera la participaci\u00f3n de representantes de diversos sectores, quienes aportar\u00e1n propuestas y visiones enfocadas en consolidar a Veracruz como un destino tur\u00edstico competitivo, sustentable y generador de empleos.<\/p>\n<p>Adem\u00e1s, el foro pretende establecer directrices que garanticen un equilibrio entre la actividad tur\u00edstica y la protecci\u00f3n del medio ambiente, destacando a Tuxpan como un ejemplo de potencial tur\u00edstico con enfoque sostenible.<\/p>\n<p>El Foro Regional de Bienestar Social es una de las actividades centrales dentro de la Consulta Popular del Plan Veracruzano de Desarrollo 2025-2030. Este mecanismo participativo busca integrar las opiniones y necesidades de los ciudadanos en las pol\u00edticas p\u00fablicas del estado, fomentando un desarrollo inclusivo y equilibrado en todos los sectores.<\/p>\n","protected":false},"excerpt":{"rendered":"<p>Este pr\u00f3ximo 15 de enero, Tuxpan albergar\u00e1 el Foro Regional de Bienestar Social, un espacio clave en la construcci\u00f3n del<\/p>\n","protected":false},"author":4,"featured_media":54037,"comment_status":"closed","ping_status":"closed","sticky":false,"template":"","format":"standard","meta":{"colormag_page_container_layout":"default_layout","colormag_page_sidebar_layout":"default_layout","_jetpack_memberships_contains_paid_content":false,"footnotes":"","jetpack_publicize_message":"","jetpack_publicize_feature_enabled":true,"jetpack_social_post_already_shared":false,"jetpack_social_options":{"image_generator_settings":{"template":"highway","default_image_id":0,"font":"","enabled":false},"version":2}},"categories":[1082],"tags":[],"class_list":["post-54036","post","type-post","status-publish","format-standard","has-post-thumbnail","hentry","category-tuxpan"],"jetpack_publicize_connections":[],"jetpack_featured_media_url":"https:\/\/i0.wp.com\/politicosaldesnudo.com.mx\/wp-content\/uploads\/2025\/01\/3a-2.jpg?fit=1600%2C747&ssl=1","jetpack-related-posts":[],"jetpack_sharing_enabled":true,"_links":{"self":[{"href":"https:\/\/politicosaldesnudo.com.mx\/index.php\/wp-json\/wp\/v2\/posts\/54036","targetHints":{"allow":["GET"]}}],"collection":[{"href":"https:\/\/politicosaldesnudo.com.mx\/index.php\/wp-json\/wp\/v2\/posts"}],"about":[{"href":"https:\/\/politicosaldesnudo.com.mx\/index.php\/wp-json\/wp\/v2\/types\/post"}],"author":[{"embeddable":true,"href":"https:\/\/politicosaldesnudo.com.mx\/index.php\/wp-json\/wp\/v2\/users\/4"}],"replies":[{"embeddable":true,"href":"https:\/\/politicosaldesnudo.com.mx\/index.php\/wp-json\/wp\/v2\/comments?post=54036"}],"version-history":[{"count":0,"href":"https:\/\/politicosaldesnudo.com.mx\/index.php\/wp-json\/wp\/v2\/posts\/54036\/revisions"}],"wp:featuredmedia":[{"embeddable":true,"href":"https:\/\/politicosaldesnudo.com.mx\/index.php\/wp-json\/wp\/v2\/media\/54037"}],"wp:attachment":[{"href":"https:\/\/politicosaldesnudo.com.mx\/index.php\/wp-json\/wp\/v2\/media?parent=54036"}],"wp:term":[{"taxonomy":"category","embeddable":true,"href":"https:\/\/politicosaldesnudo.com.mx\/index.php\/wp-json\/wp\/v2\/categories?post=54036"},{"taxonomy":"post_tag","embeddable":true,"href":"https:\/\/politicosaldesnudo.com.mx\/index.php\/wp-json\/wp\/v2\/tags?post=54036"}],"curies":[{"name":"wp","href":"https:\/\/api.w.org\/{rel}","templated":true}]}}