{"id":54082,"date":"2025-01-10T00:19:04","date_gmt":"2025-01-10T06:19:04","guid":{"rendered":"https:\/\/politicosaldesnudo.com.mx\/?p=54082"},"modified":"2025-01-09T23:26:28","modified_gmt":"2025-01-10T05:26:28","slug":"conmemoran-gesta-con-reivindicacion-de-soberania-del-canal-de-panama","status":"publish","type":"post","link":"https:\/\/politicosaldesnudo.com.mx\/index.php\/2025\/01\/10\/conmemoran-gesta-con-reivindicacion-de-soberania-del-canal-de-panama\/","title":{"rendered":"Conmemoran gesta con reivindicaci\u00f3n de soberan\u00eda del Canal de Panam\u00e1"},"content":{"rendered":"<p>El presidente paname\u00f1o, Jos\u00e9 Ra\u00fal Mulino, afirm\u00f3 este jueves que el Canal de Panam\u00e1 \u00abseguir\u00e1 siendo paname\u00f1o\u00bb, as\u00ed \u00abse tenga que luchar\u00bb para ello, ante las amenazas del mandatario electo de Estados Unidos, Donald Trump, de pretender recuperar la v\u00eda interoce\u00e1nica.<\/p>\n<p>Al conmemorar la gesta heroica del 9 de enero de 1964 que dio pie a la reversi\u00f3n de la v\u00eda interoce\u00e1nica a manos paname\u00f1as, el mandatario afirm\u00f3 que \u00abfrente al mundo, Panam\u00e1 es soberana cien por ciento en su territorio y el Canal es y seguir\u00e1 siendo paname\u00f1o\u00bb.<\/p>\n<p>\u00abGracias (a dicha gesta) tenemos un canal paname\u00f1o, una soberan\u00eda completa a nivel nacional, que as\u00ed se mantendr\u00e1, as\u00ed se tenga que luchar para seguir manteniendo el canal y la plena soberan\u00eda\u00bb, expres\u00f3 Mulino en \u00abLa Llama Eterna\u00bb, monumento construido para conmemorar a los m\u00e1s de 20 paname\u00f1os asesinados por el ej\u00e9rcito de Estados Unidos.<\/p>\n<p>En el acto participaron sobrevivientes de la gesta heroica y familiares de los paname\u00f1os que dieron su vida al pretender izar una bandera paname\u00f1a en zona controlada por los estadunidenses, lo que deriv\u00f3 en una tensa relaci\u00f3n entre ambas naciones por la soberan\u00eda del pa\u00eds centroamericano y que dio origen a los tratados Torrijos-Carter en 1977 que establecieron la transferencia de la v\u00eda a manos paname\u00f1as el 31 de diciembre de 1999.<\/p>\n<p>Marcos Antonio Fenton, postrado en una silla de ruedas debido a la herida de bala que recibi\u00f3 en un pie en las protestas de hace 61 a\u00f1os, llam\u00f3 a la poblaci\u00f3n paname\u00f1a a \u00abestar m\u00e1s unidos que nunca\u00bb.<\/p>\n<p>Fenton coment\u00f3 a Xinhua que Trump \u00abes un hombre que tiene que preocuparse por su pa\u00eds\u00bb.<\/p>\n<p>Quien tambi\u00e9n recibi\u00f3 una bala durante las protestas de 1964 fue Juan Barcasnegras. El proyectil lastim\u00f3 su rodilla izquierda.<\/p>\n<p>Barcasnegras declar\u00f3 que con honor particip\u00f3 en la gesta patri\u00f3tica por el nacionalismo que sent\u00eda y al ver c\u00f3mo sus compa\u00f1eros recib\u00edan proyectiles por los militares estadunidenses.<\/p>\n<p>Sobre las pretensiones de Trump de recuperar el Canal de Panam\u00e1, recomend\u00f3 al futuro mandatario estadunidense \u00abque no busque problemas en el mundo y menos en Panam\u00e1. Nosotros somos amigos de todo el mundo\u00bb.<\/p>\n<p>Por su parte, Juan de Dios Caballero, quien particip\u00f3 en las protestas del 9 de enero de 1964 desde Chiriqu\u00ed, la provincia occidental de Panam\u00e1, subray\u00f3 que la gesta patri\u00f3tica marc\u00f3 un antes y un despu\u00e9s en la relaci\u00f3n de Panam\u00e1 con Estados Unidos, porque \u00abrecuperamos la independencia nacional, la soberan\u00eda y nuestro territorio que estaba sometido a la potencia militar de Estados Unidos\u00bb.<\/p>\n<p>Sobre la postura de Trump, Caballero sostuvo que Estados Unidos pretende seguir siendo la polic\u00eda del mundo, \u00abellos van en decadencia. Pueden tratar de tomar el Canal de Panam\u00e1, pero se van a encontrar un pueblo que va a luchar intensamente\u00bb.<\/p>\n","protected":false},"excerpt":{"rendered":"<p>El presidente paname\u00f1o, Jos\u00e9 Ra\u00fal Mulino, afirm\u00f3 este jueves que el Canal de Panam\u00e1 \u00abseguir\u00e1 siendo paname\u00f1o\u00bb, as\u00ed \u00abse tenga<\/p>\n","protected":false},"author":4,"featured_media":54083,"comment_status":"closed","ping_status":"closed","sticky":false,"template":"","format":"standard","meta":{"colormag_page_container_layout":"default_layout","colormag_page_sidebar_layout":"default_layout","_jetpack_memberships_contains_paid_content":false,"footnotes":"","jetpack_publicize_message":"","jetpack_publicize_feature_enabled":true,"jetpack_social_post_already_shared":false,"jetpack_social_options":{"image_generator_settings":{"template":"highway","default_image_id":0,"font":"","enabled":false},"version":2}},"categories":[28],"tags":[],"class_list":["post-54082","post","type-post","status-publish","format-standard","has-post-thumbnail","hentry","category-internacional"],"jetpack_publicize_connections":[],"jetpack_featured_media_url":"https:\/\/i0.wp.com\/politicosaldesnudo.com.mx\/wp-content\/uploads\/2025\/01\/EEUU__Panam_consider_84629376.jpg?fit=2048%2C1366&ssl=1","jetpack-related-posts":[],"jetpack_sharing_enabled":true,"_links":{"self":[{"href":"https:\/\/politicosaldesnudo.com.mx\/index.php\/wp-json\/wp\/v2\/posts\/54082","targetHints":{"allow":["GET"]}}],"collection":[{"href":"https:\/\/politicosaldesnudo.com.mx\/index.php\/wp-json\/wp\/v2\/posts"}],"about":[{"href":"https:\/\/politicosaldesnudo.com.mx\/index.php\/wp-json\/wp\/v2\/types\/post"}],"author":[{"embeddable":true,"href":"https:\/\/politicosaldesnudo.com.mx\/index.php\/wp-json\/wp\/v2\/users\/4"}],"replies":[{"embeddable":true,"href":"https:\/\/politicosaldesnudo.com.mx\/index.php\/wp-json\/wp\/v2\/comments?post=54082"}],"version-history":[{"count":0,"href":"https:\/\/politicosaldesnudo.com.mx\/index.php\/wp-json\/wp\/v2\/posts\/54082\/revisions"}],"wp:featuredmedia":[{"embeddable":true,"href":"https:\/\/politicosaldesnudo.com.mx\/index.php\/wp-json\/wp\/v2\/media\/54083"}],"wp:attachment":[{"href":"https:\/\/politicosaldesnudo.com.mx\/index.php\/wp-json\/wp\/v2\/media?parent=54082"}],"wp:term":[{"taxonomy":"category","embeddable":true,"href":"https:\/\/politicosaldesnudo.com.mx\/index.php\/wp-json\/wp\/v2\/categories?post=54082"},{"taxonomy":"post_tag","embeddable":true,"href":"https:\/\/politicosaldesnudo.com.mx\/index.php\/wp-json\/wp\/v2\/tags?post=54082"}],"curies":[{"name":"wp","href":"https:\/\/api.w.org\/{rel}","templated":true}]}}