{"id":54085,"date":"2025-01-10T00:20:26","date_gmt":"2025-01-10T06:20:26","guid":{"rendered":"https:\/\/politicosaldesnudo.com.mx\/?p=54085"},"modified":"2025-01-09T23:29:05","modified_gmt":"2025-01-10T05:29:05","slug":"40-muertos-por-ataque-aereo-del-ejercito-contra-aldea-de-myanmar","status":"publish","type":"post","link":"https:\/\/politicosaldesnudo.com.mx\/index.php\/2025\/01\/10\/40-muertos-por-ataque-aereo-del-ejercito-contra-aldea-de-myanmar\/","title":{"rendered":"40 muertos por ataque a\u00e9reo del ej\u00e9rcito contra aldea de Myanmar"},"content":{"rendered":"<p>Alrededor de 40 personas murieron y 20 m\u00e1s resultaron heridas tras un ataque a\u00e9reo del ej\u00e9rcito de Myanmar contra una aldea controlada por un grupo armado de una minor\u00eda \u00e9tnica, dijeron el jueves funcionarios del grupo y una organizaci\u00f3n ben\u00e9fica local. Indicaron que cientos de casas se quemaron en un incendio provocado por el bombardeo.<\/p>\n<p>El ataque ocurri\u00f3 el mi\u00e9rcoles en la aldea de Kyauk Ni Maw, en la isla de Ramree, una zona controlada por el Ej\u00e9rcito Arakan en el estado occidental de Rak\u00e1in. El ej\u00e9rcito no ha anunciado ning\u00fan ataque en la zona.<\/p>\n<p>La situaci\u00f3n en la aldea no pudo ser confirmada de manera independiente, ya que el acceso a internet y el servicio de telefon\u00eda celular en la zona han sido interrumpidos casi en su totalidad.<\/p>\n<p>Myanmar est\u00e1 asolado por la violencia, que comenz\u00f3 cuando el ej\u00e9rcito depuso al gobierno electo de Aung San Suu Kyi en febrero de 2021. Tras el uso de fuerza letal por parte del Ej\u00e9rcito para suprimir manifestaciones pac\u00edficas, muchos opositores al r\u00e9gimen militar tomaron las armas, y ahora, grandes partes del pa\u00eds est\u00e1n envueltas en el conflicto.<\/p>\n<p>Khaing Thukha, portavoz del Ej\u00e9rcito Arakan, dijo a The Associated Press que un avi\u00f3n de combate bombarde\u00f3 la aldea el mi\u00e9rcoles por la tarde, matando a 40 civiles e hiriendo a m\u00e1s de 20.<\/p>\n<p>\u201cTodos los muertos eran civiles. Entre los muertos y heridos hay mujeres y ni\u00f1os\u201d, dijo Khaing Thukha. El incendio iniciado por el ataque a\u00e9reo se extendi\u00f3 por la aldea, destruyendo m\u00e1s de 500 casas, a\u00f1adi\u00f3 Khaing Thukha.<\/p>\n<p>No se sabe por qu\u00e9 se atac\u00f3 la aldea. El l\u00edder de un grupo ben\u00e9fico local y medios independientes tambi\u00e9n informaron sobre el ataque a\u00e9reo y las bajas.<\/p>\n<p>En los \u00faltimos tres a\u00f1os, el gobierno militar ha intensificado los ataques a\u00e9reos contra grupos armados a favor de la democracia, conocidos colectivamente como Fuerza de Defensa del Pueblo, y contra grupos armados de minor\u00edas \u00e9tnicas que han luchado durante d\u00e9cadas por una mayor autonom\u00eda. En ocasiones, ambos realizan operaciones conjuntas contra el ej\u00e9rcito.<\/p>\n<p>Ramree, a 340 kil\u00f3metros (210 millas) al noroeste de Yang\u00f3n, la ciudad m\u00e1s grande del pa\u00eds, fue capturada por el Ej\u00e9rcito Arakan en marzo del a\u00f1o pasado.<\/p>\n<p>El Ej\u00e9rcito Arakan es el ala militar, bien entrenada y armada, del movimiento de la minor\u00eda \u00e9tnica rohiny\u00e1, que busca su autonom\u00eda del gobierno central de Myanmar. Tambi\u00e9n es miembro de una alianza de grupos \u00e9tnicos armados que recientemente gan\u00f3 territorio estrat\u00e9gico en el noreste del pa\u00eds, en la frontera con China.<\/p>\n<p>Comenz\u00f3 su ofensiva en Rak\u00e1in en noviembre de 2023 y ahora ha adquirido el control de una sede regional del ej\u00e9rcito, de gran importancia estrat\u00e9gica, y de 14 de los 17 municipios de Rak\u00e1in, dejando solo a Sittwe, la capital del estado, y dos municipios importantes cerca de Ramree, a\u00fan en manos del gobierno militar.<\/p>\n<p>Un l\u00edder del grupo ben\u00e9fico, que ha asistido a los residentes de la aldea, dijo a la AP el jueves que al menos 41 personas murieron y 50 resultaron heridas en el ataque a\u00e9reo, que tuvo como objetivo el mercado de la aldea.<\/p>\n<p>El l\u00edder, que estaba fuera de la ciudad en el momento del ataque, habl\u00f3 bajo condici\u00f3n de anonimato por preocupaciones de seguridad. Dijo que recibi\u00f3 la informaci\u00f3n de miembros de su grupo que estaban en la aldea y que enfrentaban una escasez de medicinas para tratar a las personas heridas.<\/p>\n<p>Medios de comunicaci\u00f3n con sede en Rak\u00e1in, entre ellos, Arakan Princess Media, tambi\u00e9n informaron del ataque y publicaron fotos en l\u00ednea en las que aparecen personas apagando incendios en sus hogares.<\/p>\n<p>En Rak\u00e1in, anteriormente conocido como Arakan, se produjo una brutal operaci\u00f3n de contrainsurgencia del ej\u00e9rcito en 2017 que oblig\u00f3 a unos 740 mil musulmanes de la minor\u00eda rohiny\u00e1 a buscar seguridad cruzando la frontera hacia Bangladesh.<\/p>\n","protected":false},"excerpt":{"rendered":"<p>Alrededor de 40 personas murieron y 20 m\u00e1s resultaron heridas tras un ataque a\u00e9reo del ej\u00e9rcito de Myanmar contra una<\/p>\n","protected":false},"author":4,"featured_media":54086,"comment_status":"closed","ping_status":"closed","sticky":false,"template":"","format":"standard","meta":{"colormag_page_container_layout":"default_layout","colormag_page_sidebar_layout":"default_layout","_jetpack_memberships_contains_paid_content":false,"footnotes":"","jetpack_publicize_message":"","jetpack_publicize_feature_enabled":true,"jetpack_social_post_already_shared":false,"jetpack_social_options":{"image_generator_settings":{"template":"highway","default_image_id":0,"font":"","enabled":false},"version":2}},"categories":[28],"tags":[],"class_list":["post-54085","post","type-post","status-publish","format-standard","has-post-thumbnail","hentry","category-internacional"],"jetpack_publicize_connections":[],"jetpack_featured_media_url":"https:\/\/i0.wp.com\/politicosaldesnudo.com.mx\/wp-content\/uploads\/2025\/01\/0e14f445ad8d1d321aac705347ef73bd.jpg?fit=639%2C354&ssl=1","jetpack-related-posts":[],"jetpack_sharing_enabled":true,"_links":{"self":[{"href":"https:\/\/politicosaldesnudo.com.mx\/index.php\/wp-json\/wp\/v2\/posts\/54085","targetHints":{"allow":["GET"]}}],"collection":[{"href":"https:\/\/politicosaldesnudo.com.mx\/index.php\/wp-json\/wp\/v2\/posts"}],"about":[{"href":"https:\/\/politicosaldesnudo.com.mx\/index.php\/wp-json\/wp\/v2\/types\/post"}],"author":[{"embeddable":true,"href":"https:\/\/politicosaldesnudo.com.mx\/index.php\/wp-json\/wp\/v2\/users\/4"}],"replies":[{"embeddable":true,"href":"https:\/\/politicosaldesnudo.com.mx\/index.php\/wp-json\/wp\/v2\/comments?post=54085"}],"version-history":[{"count":0,"href":"https:\/\/politicosaldesnudo.com.mx\/index.php\/wp-json\/wp\/v2\/posts\/54085\/revisions"}],"wp:featuredmedia":[{"embeddable":true,"href":"https:\/\/politicosaldesnudo.com.mx\/index.php\/wp-json\/wp\/v2\/media\/54086"}],"wp:attachment":[{"href":"https:\/\/politicosaldesnudo.com.mx\/index.php\/wp-json\/wp\/v2\/media?parent=54085"}],"wp:term":[{"taxonomy":"category","embeddable":true,"href":"https:\/\/politicosaldesnudo.com.mx\/index.php\/wp-json\/wp\/v2\/categories?post=54085"},{"taxonomy":"post_tag","embeddable":true,"href":"https:\/\/politicosaldesnudo.com.mx\/index.php\/wp-json\/wp\/v2\/tags?post=54085"}],"curies":[{"name":"wp","href":"https:\/\/api.w.org\/{rel}","templated":true}]}}