{"id":54117,"date":"2025-01-11T00:05:16","date_gmt":"2025-01-11T06:05:16","guid":{"rendered":"https:\/\/politicosaldesnudo.com.mx\/?p=54117"},"modified":"2025-01-10T22:29:00","modified_gmt":"2025-01-11T04:29:00","slug":"anuncia-semar-la-remodelacion-integral-del-aicm","status":"publish","type":"post","link":"https:\/\/politicosaldesnudo.com.mx\/index.php\/2025\/01\/11\/anuncia-semar-la-remodelacion-integral-del-aicm\/","title":{"rendered":"Anuncia Semar la remodelaci\u00f3n integral del AICM"},"content":{"rendered":"<p>En su car\u00e1cter de administrador del Grupo Aeroportuario que administra el Aeropuerto Internacional de la Ciudad de M\u00e9xico, la secretar\u00eda de Marina anunci\u00f3 la remodelaci\u00f3n integral de esa terminal a\u00e9rea con miras al Mundial de futbol 2026. El almirante Juan Jos\u00e9 Padilla dijo que este proyecto no s\u00f3lo involucra las instalaciones y pistas, sino tambi\u00e9n las vialidades de acceso.<\/p>\n<p>Durante la conferencia presidencial se anunci\u00f3 que se realizar\u00e1n 75 obras a trav\u00e9s de 24 contratos de adquisici\u00f3n para mejorar la infraestructura de las terminales 1 y 2; adecuar las pistas y las vialidades internas al interior de la terminal a\u00e9rea, torre de control, salas de \u00faltima espera, entre otros. Para ello se invertir\u00e1n 8 mil millones de pesos que no ser\u00e1n aportaciones del gobierno federal sino que son recursos \u201cautogenerados\u201d.<\/p>\n<p>Padilla dijo que este 8 de enero se formaliz\u00f3 un acuerdo entre el Grupo Aeroportuario, la secretar\u00eda de Marina y la Federaci\u00f3n Internacional de la Ciudad de M\u00e9xico destacando que el acuerdo involucra tambi\u00e9n mejoras a las terminales a\u00e9reas en Toluca y Cuernavaca.<\/p>\n<p>El almirante dijo que este proceso de remodelaci\u00f3n no afectar\u00e1 la operaci\u00f3n del AICM pues se pretende realizar por etapas, estim\u00e1ndose que la obra en su conjunto pueda concluirse en mayo de 2026, esto es, un mes antes del inicio del Mundial de futbol.<\/p>\n<p>\u201cSe tiene previsto comenzar entre abril y junio de este a\u00f1o, pretendiendo terminar entre abril y mayo del 2026&#8243;.<\/p>\n<p>En v\u00edsperas de la toma de posesi\u00f3n de Nicol\u00e1s Maduro para iniciar un nuevo mandato como presidente de Venezuela, la Jefa del Ejecutivo, Claudia Sheinbaum ratific\u00f3 que M\u00e9xico ratifica los principios de la pol\u00edtica exterior de la autodeterminaci\u00f3n de los pueblos, por ello, lo que suceda en ese pa\u00eds lo tienen que resolver los propios venezolanos.<\/p>\n<p>Coment\u00f3 que ser\u00e1 a trav\u00e9s del embajador de M\u00e9xico en Caracas, quien asistir\u00e1 a la ceremonia oficial. Enfatiz\u00f3 en que \u201clos venezolanos\u00a0\u00a0son los que tienen que decidir, no tiene que haber ninguna intervenci\u00f3n\u201d.<\/p>\n<p>A pregunta expresa sobre la presunta detenci\u00f3n de la lideresa opositora Maria Corin Machado, dijo que es necesario esperar a lo que ella va a informar hoy en una conferencia de prensa. Sin embargo, puntualiz\u00f3 que no estamos de acuerdo en que se criminalice a la oposici\u00f3n, en M\u00e9xico no se persigue a nadie por sus ideas o posiciones, aunque no estoy diciendo que en otras partes ocurran.<\/p>\n<p>Por otro lado, consider\u00f3 que en Am\u00e9rica Latina las fuerzas progresistas tienen una importante presencia, como lo demostr\u00f3 la reciente victoria del Frente Amplio en Uruguay.<\/p>\n<p>M\u00e1s adelante, la presidenta Claudia Sheinbaum dijo que esta remodelaci\u00f3n<\/p>\n<p>\u201cNo solo es por el Mundial porque requiere ya una remodelaci\u00f3n. Como jefa de gobierno me correspondi\u00f3 realizar obras para\u00a0\u00a0enfrentar los hundimientos generados por la sobreexplotaci\u00f3n del agua. Ese trabajo no se not\u00f3 porque se hizo cuando se estaba operando el aeropuerto. Se requiere remodelaci\u00f3n integral. La secretar\u00eda de Marina va a realizar este trabajo\u201d.<\/p>\n<p>Dijo que para el mundial de todas maneras cuando se realicen juegos en la ciudad de M\u00e9xico, AICM y el Aeropuerto Internacional Felipe \u00c1ngeles estar\u00e1n promoviendo a trav\u00e9s de la FIFA y Gabriela Cuevas que es la representante con todo lo que tiene que ver con el Mundial. Es una buena noticia. La Marina ha mejorado sustantivamente la operaci\u00f3n del aeropuerto, con la remodelaci\u00f3n va a haber mas espacios para migraci\u00f3n para la atenci\u00f3n de visitantes\u201d.<\/p>\n","protected":false},"excerpt":{"rendered":"<p>En su car\u00e1cter de administrador del Grupo Aeroportuario que administra el Aeropuerto Internacional de la Ciudad de M\u00e9xico, la secretar\u00eda<\/p>\n","protected":false},"author":4,"featured_media":54118,"comment_status":"closed","ping_status":"closed","sticky":false,"template":"","format":"standard","meta":{"colormag_page_container_layout":"default_layout","colormag_page_sidebar_layout":"default_layout","_jetpack_memberships_contains_paid_content":false,"footnotes":"","jetpack_publicize_message":"","jetpack_publicize_feature_enabled":true,"jetpack_social_post_already_shared":false,"jetpack_social_options":{"image_generator_settings":{"template":"highway","default_image_id":0,"font":"","enabled":false},"version":2}},"categories":[33],"tags":[],"class_list":["post-54117","post","type-post","status-publish","format-standard","has-post-thumbnail","hentry","category-nacional"],"jetpack_publicize_connections":[],"jetpack_featured_media_url":"https:\/\/i0.wp.com\/politicosaldesnudo.com.mx\/wp-content\/uploads\/2025\/01\/IMG-20240502-WA0043-696x392-1.jpg?fit=696%2C392&ssl=1","jetpack-related-posts":[],"jetpack_sharing_enabled":true,"_links":{"self":[{"href":"https:\/\/politicosaldesnudo.com.mx\/index.php\/wp-json\/wp\/v2\/posts\/54117","targetHints":{"allow":["GET"]}}],"collection":[{"href":"https:\/\/politicosaldesnudo.com.mx\/index.php\/wp-json\/wp\/v2\/posts"}],"about":[{"href":"https:\/\/politicosaldesnudo.com.mx\/index.php\/wp-json\/wp\/v2\/types\/post"}],"author":[{"embeddable":true,"href":"https:\/\/politicosaldesnudo.com.mx\/index.php\/wp-json\/wp\/v2\/users\/4"}],"replies":[{"embeddable":true,"href":"https:\/\/politicosaldesnudo.com.mx\/index.php\/wp-json\/wp\/v2\/comments?post=54117"}],"version-history":[{"count":0,"href":"https:\/\/politicosaldesnudo.com.mx\/index.php\/wp-json\/wp\/v2\/posts\/54117\/revisions"}],"wp:featuredmedia":[{"embeddable":true,"href":"https:\/\/politicosaldesnudo.com.mx\/index.php\/wp-json\/wp\/v2\/media\/54118"}],"wp:attachment":[{"href":"https:\/\/politicosaldesnudo.com.mx\/index.php\/wp-json\/wp\/v2\/media?parent=54117"}],"wp:term":[{"taxonomy":"category","embeddable":true,"href":"https:\/\/politicosaldesnudo.com.mx\/index.php\/wp-json\/wp\/v2\/categories?post=54117"},{"taxonomy":"post_tag","embeddable":true,"href":"https:\/\/politicosaldesnudo.com.mx\/index.php\/wp-json\/wp\/v2\/tags?post=54117"}],"curies":[{"name":"wp","href":"https:\/\/api.w.org\/{rel}","templated":true}]}}