{"id":54144,"date":"2025-01-11T00:14:29","date_gmt":"2025-01-11T06:14:29","guid":{"rendered":"https:\/\/politicosaldesnudo.com.mx\/?p=54144"},"modified":"2025-01-10T22:54:34","modified_gmt":"2025-01-11T04:54:34","slug":"mas-de-2-mil-morenistas-aspiran-a-gobernar-en-alcaldias-de-veracruz","status":"publish","type":"post","link":"https:\/\/politicosaldesnudo.com.mx\/index.php\/2025\/01\/11\/mas-de-2-mil-morenistas-aspiran-a-gobernar-en-alcaldias-de-veracruz\/","title":{"rendered":"M\u00e1s de 2 mil morenistas aspiran a gobernar en alcald\u00edas de Veracruz"},"content":{"rendered":"<p>M\u00e1s de 2 mil personas se inscribieron en el proceso de registro de Morena, como aspirantes a obtener una candidatura a las presidencias municipales en el proceso electoral 2025.<\/p>\n<p>Esteban Ram\u00edrez Zepeta, presidente del Comit\u00e9 Ejecutivo Estatal de Morena en Veracruz, indic\u00f3 que se recibieron m\u00e1s de 5 mil solicitudes para contender por alcald\u00edas, sindicaturas y regidur\u00edas, de las cuales 2 mil 063 buscan encabezar los ayuntamientos.<\/p>\n<p>Apunt\u00f3 que el registro para las contiendas en los 212 municipios que conforman el estado de Veracruz se dio en completa calma y en concordancia con lo que las y los veracruzanos necesitan actualmente.<\/p>\n<p>En ese sentido, consider\u00f3 que en las pr\u00f3ximas elecciones Morena lograr\u00e1 alcanzar la mayor\u00eda de las presidencias municipales, pues dijo que est\u00e1n comprometidos con el proyecto de la presidenta Claudia Sheinbaum y de la gobernadora Roc\u00edo Nahle Garc\u00eda.<\/p>\n<p>\u201cEl proceso de registros de compa\u00f1eras y compa\u00f1eros que aspiran a alcaldes, s\u00edndicos o regidores de los 212 municipios fue abierto, transparente y democr\u00e1tico, pero sobre todo, y lo que es m\u00e1s importante para m\u00ed, es que si bien hubo mucha algarab\u00eda, este proceso se realiz\u00f3 en completa calma\u201d, se\u00f1al\u00f3.<\/p>\n<p>Entre algunos aspirantes que destacan en la b\u00fasqueda de alguna candidatura de Morena y que provienen de otros partidos se encuentran personajes emanados del PRI y Movimiento Ciudadano.<\/p>\n<p>Por el municipio de Veracruz se postularon Anil\u00fa Ingram Vallines, ha sido diputada local y federal, adem\u00e1s de vicecoordinadora del grupo parlamentario del PRI.<\/p>\n<p>En el mismo municipio, se registr\u00f3 Jos\u00e9 \u00abPep\u00edn\u00bb Ru\u00edz Carmona, quien fue director del extinto Sistema de Agua y Saneamiento Metropolitano, el cual fue entregado a Grupo MAS, en donde Odebrecht es socio.<\/p>\n<p>Uno de los que busca la candidatura de Boca del R\u00edo es Ricardo Cuevas Segura, empresario restaurantero y ex militante del PAN; al igual que el empresario de la construcci\u00f3n Rodolfo M\u00e1rquez, el cual form\u00f3 parte del PRI durante a\u00f1os.<\/p>\n<p>Por el municipio de Alvarado, el registro de Hip\u00f3lito Deschamps Espino Barros, ex candidato a gobernador del estado de Veracruz por el partido Movimiento Ciudadano, gener\u00f3 sorpresas y rechazo.<\/p>\n","protected":false},"excerpt":{"rendered":"<p>M\u00e1s de 2 mil personas se inscribieron en el proceso de registro de Morena, como aspirantes a obtener una candidatura<\/p>\n","protected":false},"author":4,"featured_media":54145,"comment_status":"closed","ping_status":"closed","sticky":false,"template":"","format":"standard","meta":{"colormag_page_container_layout":"default_layout","colormag_page_sidebar_layout":"default_layout","_jetpack_memberships_contains_paid_content":false,"footnotes":"","jetpack_publicize_message":"","jetpack_publicize_feature_enabled":true,"jetpack_social_post_already_shared":false,"jetpack_social_options":{"image_generator_settings":{"template":"highway","default_image_id":0,"font":"","enabled":false},"version":2}},"categories":[30],"tags":[],"class_list":["post-54144","post","type-post","status-publish","format-standard","has-post-thumbnail","hentry","category-estados"],"jetpack_publicize_connections":[],"jetpack_featured_media_url":"https:\/\/i0.wp.com\/politicosaldesnudo.com.mx\/wp-content\/uploads\/2025\/01\/ZE.jpg?fit=773%2C512&ssl=1","jetpack-related-posts":[],"jetpack_sharing_enabled":true,"_links":{"self":[{"href":"https:\/\/politicosaldesnudo.com.mx\/index.php\/wp-json\/wp\/v2\/posts\/54144","targetHints":{"allow":["GET"]}}],"collection":[{"href":"https:\/\/politicosaldesnudo.com.mx\/index.php\/wp-json\/wp\/v2\/posts"}],"about":[{"href":"https:\/\/politicosaldesnudo.com.mx\/index.php\/wp-json\/wp\/v2\/types\/post"}],"author":[{"embeddable":true,"href":"https:\/\/politicosaldesnudo.com.mx\/index.php\/wp-json\/wp\/v2\/users\/4"}],"replies":[{"embeddable":true,"href":"https:\/\/politicosaldesnudo.com.mx\/index.php\/wp-json\/wp\/v2\/comments?post=54144"}],"version-history":[{"count":0,"href":"https:\/\/politicosaldesnudo.com.mx\/index.php\/wp-json\/wp\/v2\/posts\/54144\/revisions"}],"wp:featuredmedia":[{"embeddable":true,"href":"https:\/\/politicosaldesnudo.com.mx\/index.php\/wp-json\/wp\/v2\/media\/54145"}],"wp:attachment":[{"href":"https:\/\/politicosaldesnudo.com.mx\/index.php\/wp-json\/wp\/v2\/media?parent=54144"}],"wp:term":[{"taxonomy":"category","embeddable":true,"href":"https:\/\/politicosaldesnudo.com.mx\/index.php\/wp-json\/wp\/v2\/categories?post=54144"},{"taxonomy":"post_tag","embeddable":true,"href":"https:\/\/politicosaldesnudo.com.mx\/index.php\/wp-json\/wp\/v2\/tags?post=54144"}],"curies":[{"name":"wp","href":"https:\/\/api.w.org\/{rel}","templated":true}]}}