{"id":54173,"date":"2025-01-12T00:03:47","date_gmt":"2025-01-12T06:03:47","guid":{"rendered":"https:\/\/politicosaldesnudo.com.mx\/?p=54173"},"modified":"2025-01-11T21:52:16","modified_gmt":"2025-01-12T03:52:16","slug":"pesada-cuesta-de-enero","status":"publish","type":"post","link":"https:\/\/politicosaldesnudo.com.mx\/index.php\/2025\/01\/12\/pesada-cuesta-de-enero\/","title":{"rendered":"Pesada cuesta de enero"},"content":{"rendered":"<p>Comerciantes del mercado Poza Rica se preparan para enfrentar la temida \u00abcuesta de enero\u00bb, una temporada que representa un desaf\u00edo tanto para ellos como para la poblaci\u00f3n en general. Esta \u00e9poca del a\u00f1o suele ser complicada debido a la disminuci\u00f3n de las ventas, ya que muchos consumidores todav\u00eda se recuperan de los gastos realizados durante las festividades decembrinas.<\/p>\n<p>En este sentido, Marco Antonio Mart\u00ednez, comerciante del mercado, comparti\u00f3 su perspectiva sobre la situaci\u00f3n. \u00abMe mentalizo para vender poco en esta temporada\u00bb, coment\u00f3, explicando que realiza un an\u00e1lisis exhaustivo de sus gastos para evitar compras innecesarias.<\/p>\n<p>Esta planificaci\u00f3n es crucial, ya que la cuesta de enero puede extenderse m\u00e1s all\u00e1 de lo esperado, complicando a\u00fan m\u00e1s la cobertura de los gastos b\u00e1sicos. La experiencia de a\u00f1os anteriores ha ense\u00f1ado a los comerciantes a ser precavidos.<\/p>\n<p>Adem\u00e1s, algunos locatarios han optado por adquirir productos de alta calidad. Esta decisi\u00f3n busca garantizar que, en caso de que las ventas sean bajas, los productos no se deterioren r\u00e1pidamente y no generen p\u00e9rdidas econ\u00f3micas. \u00abEstamos preparados para esta temporada\u00bb, afirmaron, destacando su compromiso por ofrecer mercanc\u00eda duradera y de buena calidad a sus clientes.<\/p>\n<p>Por otro lado, los ciudadanos tambi\u00e9n est\u00e1n tomando medidas para afrontar este periodo complicado. Muchos comienzan a realizar compras desde diciembre para evitar acumular deudas al inicio del a\u00f1o. Isaura Mart\u00ednez, una clienta del mercado, expres\u00f3: \u201cApret\u00e1ndome la barriguita, no queda de otra para poder sobrellevar la cuesta de enero\u201d. Su comentario refleja el esfuerzo colectivo por adaptarse a las circunstancias econ\u00f3micas adversas.<\/p>\n<p>Los comerciantes han lanzado un llamado a la poblaci\u00f3n para que acudan al mercado durante enero. Prometen ofrecer buenos precios y productos de calidad, buscando as\u00ed fomentar un apoyo mutuo entre ellos y los consumidores.<\/p>\n","protected":false},"excerpt":{"rendered":"<p>Comerciantes del mercado Poza Rica se preparan para enfrentar la temida \u00abcuesta de enero\u00bb, una temporada que representa un desaf\u00edo<\/p>\n","protected":false},"author":4,"featured_media":54174,"comment_status":"closed","ping_status":"closed","sticky":false,"template":"","format":"standard","meta":{"colormag_page_container_layout":"default_layout","colormag_page_sidebar_layout":"default_layout","_jetpack_memberships_contains_paid_content":false,"footnotes":"","jetpack_publicize_message":"","jetpack_publicize_feature_enabled":true,"jetpack_social_post_already_shared":false,"jetpack_social_options":{"image_generator_settings":{"template":"highway","default_image_id":0,"font":"","enabled":false},"version":2}},"categories":[1082],"tags":[],"class_list":["post-54173","post","type-post","status-publish","format-standard","has-post-thumbnail","hentry","category-tuxpan"],"jetpack_publicize_connections":[],"jetpack_featured_media_url":"https:\/\/i0.wp.com\/politicosaldesnudo.com.mx\/wp-content\/uploads\/2025\/01\/7a.jpg?fit=800%2C600&ssl=1","jetpack-related-posts":[],"jetpack_sharing_enabled":true,"_links":{"self":[{"href":"https:\/\/politicosaldesnudo.com.mx\/index.php\/wp-json\/wp\/v2\/posts\/54173","targetHints":{"allow":["GET"]}}],"collection":[{"href":"https:\/\/politicosaldesnudo.com.mx\/index.php\/wp-json\/wp\/v2\/posts"}],"about":[{"href":"https:\/\/politicosaldesnudo.com.mx\/index.php\/wp-json\/wp\/v2\/types\/post"}],"author":[{"embeddable":true,"href":"https:\/\/politicosaldesnudo.com.mx\/index.php\/wp-json\/wp\/v2\/users\/4"}],"replies":[{"embeddable":true,"href":"https:\/\/politicosaldesnudo.com.mx\/index.php\/wp-json\/wp\/v2\/comments?post=54173"}],"version-history":[{"count":0,"href":"https:\/\/politicosaldesnudo.com.mx\/index.php\/wp-json\/wp\/v2\/posts\/54173\/revisions"}],"wp:featuredmedia":[{"embeddable":true,"href":"https:\/\/politicosaldesnudo.com.mx\/index.php\/wp-json\/wp\/v2\/media\/54174"}],"wp:attachment":[{"href":"https:\/\/politicosaldesnudo.com.mx\/index.php\/wp-json\/wp\/v2\/media?parent=54173"}],"wp:term":[{"taxonomy":"category","embeddable":true,"href":"https:\/\/politicosaldesnudo.com.mx\/index.php\/wp-json\/wp\/v2\/categories?post=54173"},{"taxonomy":"post_tag","embeddable":true,"href":"https:\/\/politicosaldesnudo.com.mx\/index.php\/wp-json\/wp\/v2\/tags?post=54173"}],"curies":[{"name":"wp","href":"https:\/\/api.w.org\/{rel}","templated":true}]}}