{"id":54176,"date":"2025-01-12T00:05:02","date_gmt":"2025-01-12T06:05:02","guid":{"rendered":"https:\/\/politicosaldesnudo.com.mx\/?p=54176"},"modified":"2025-01-11T22:40:02","modified_gmt":"2025-01-12T04:40:02","slug":"banderazo-de-sheinbaum-al-programa-de-desarme","status":"publish","type":"post","link":"https:\/\/politicosaldesnudo.com.mx\/index.php\/2025\/01\/12\/banderazo-de-sheinbaum-al-programa-de-desarme\/","title":{"rendered":"Banderazo de Sheinbaum al programa de desarme"},"content":{"rendered":"<p class=\"s-s\">Al poner en marcha el programa\u00a0<q>S\u00ed al Desarme, s\u00ed a la Paz<\/q>, la presidenta Claudia Sherinbaum Pardo afirm\u00f3:\u00a0<q>que nunca un joven se acerque a un grupo delictivo, que nunca vea en la violencia una opci\u00f3n de vida, porque es una opci\u00f3n de muerte<\/q>.<\/p>\n<p>Durante el inicio del programa de desarme voluntario y que comenz\u00f3 en el atrio de la Bas\u00edlica de Guadalupe, la mandataria resalt\u00f3 que con el programa \u2013puesto en marcha en el sexenio pasado en la Ciudad de M\u00e9xico\u2013 disminuir\u00e1n los delitos cometidos con armas de fuego.<\/p>\n<p>Para ello se coloc\u00f3 un punto de canje de armas por dinero y de juguetes b\u00e9licos por l\u00fadicos.<\/p>\n<div class=\"col col1\">\n<p>Respecto a los artefactos b\u00e9licos, se canjean de manera an\u00f3nima y bajo la promesa de no hacer investigaciones del origen y uso que hayan tenido.<\/p>\n<p>Sheinbaum se\u00f1al\u00f3 que\u00a0<q>este programa busca que no haya armas en nuestro pa\u00eds<\/q>\u00a0y que ning\u00fan ni\u00f1o o ni\u00f1a tenga un juguete relacionado con la violencia\u201d, lo cual permitir\u00e1 que\u00a0<q>crezcan con el s\u00edmbolo de la paz y del juego como parte de la construcci\u00f3n de la vida<\/q>.<\/p>\n<p>En su discurso, la secretaria de Gobernaci\u00f3n, Rosa Icela Rodr\u00edguez Vel\u00e1zquez \u2013quien impuls\u00f3 el desarme voluntario en la Ciudad de M\u00e9xico\u2013, dijo que el programa\u00a0<q>S\u00ed al Desarme, s\u00ed a la Paz<\/q>\u00a0tiene el prop\u00f3sito de reducir la violencia y sensibilizar a la poblaci\u00f3n del riesgo de tener armas de fuego en casa.<\/p>\n<p>En esta apuesta por la paz, se\u00f1al\u00f3 Rodr\u00edguez Vel\u00e1zquez, se cuenta con el apoyo de todas las instituciones del gabinete de seguridad y se realizar\u00e1n acciones con los gobiernos estatales y municipales y tambi\u00e9n la participaci\u00f3n de las distintas iglesias del pa\u00eds.<\/p>\n<p>Resalt\u00f3 que el \u00e9xito del desarme tiene varios ingredientes y uno de ellos es la coordinaci\u00f3n con todas las instancias, por lo que pidi\u00f3 que\u00a0<q>cada quien asuma su tramo de responsabilidad y ponga su granito de arena<\/q>.<\/p>\n<\/div>\n<div class=\"col col2\">\n<p>Adelant\u00f3 que el programa tambi\u00e9n se llevar\u00e1 a cabo en municipios de Baja California, estado de M\u00e9xico, Guanajuato, Guerrero y Tabasco, as\u00ed como en las iglesias que quieran jornadas de pacificaci\u00f3n.<\/p>\n<p>Apunt\u00f3 que cada arma que se recibe en los m\u00f3dulos de la Defensa para su destrucci\u00f3n,\u00a0<q>representa un delito menos o una lesi\u00f3n menos, no queremos que la gente por accionar estos artefactos vaya a dar a la c\u00e1rcel<\/q>.<\/p>\n<p>Por su parte, la jefa de Gobierno, Clara Brugada, destac\u00f3 que durante la administraci\u00f3n pasada, la \u201cestrategia de desarme voluntario permiti\u00f3 la disminuci\u00f3n de delitos de alto impacto en el periodo 2019 a 2024, en 57 por ciento.<\/p>\n<p>\u201cEn 2018 hubo mil 922 lesiones dolosas por arma de fuego, es decir 5.3 al d\u00eda, mientras que en 2024 baj\u00f3 67 por ciento, es decir 628 por d\u00eda.<\/p>\n<p><q>Tambi\u00e9n, en 2019 hab\u00eda cuatro homicidios diarios en esta ciudad y con esta estrategia para 2024, el promedio diario fue 2.4, lo que signific\u00f3 una reducci\u00f3n de 40 por ciento<\/q>.<\/p>\n<p>El rector de la Bas\u00edlica, Efra\u00edn Hern\u00e1ndez D\u00edaz, expres\u00f3: \u201cnuestro pa\u00eds necesita vivir en paz, y, sin duda, est\u00e1n haciendo su trabajo. Gracias \u2013dijo a los funcionarios\u2013, este es un d\u00eda hist\u00f3rico, porque la presencia de la ciudadana Presidenta nos da testimonio de su preocupaci\u00f3n y de su inter\u00e9s por llevar a M\u00e9xico a esta condici\u00f3n, unidad, solidaridad y paz\u201d.<\/p>\n<p>Asegur\u00f3 que\u00a0<q>como mexicanos debemos comprometernos seriamente desde la infancia para construir la cultura de la tolerancia, la convivencia y de la paz, que requieren una voluntad de reconciliaci\u00f3n y de rencuentro, iniciando con un rechazo al armamentismo<\/q>.<\/p>\n<\/div>\n","protected":false},"excerpt":{"rendered":"<p>Al poner en marcha el programa\u00a0S\u00ed al Desarme, s\u00ed a la Paz, la presidenta Claudia Sherinbaum Pardo afirm\u00f3:\u00a0que nunca un<\/p>\n","protected":false},"author":4,"featured_media":54177,"comment_status":"closed","ping_status":"closed","sticky":false,"template":"","format":"standard","meta":{"colormag_page_container_layout":"default_layout","colormag_page_sidebar_layout":"default_layout","_jetpack_memberships_contains_paid_content":false,"footnotes":"","jetpack_publicize_message":"","jetpack_publicize_feature_enabled":true,"jetpack_social_post_already_shared":false,"jetpack_social_options":{"image_generator_settings":{"template":"highway","default_image_id":0,"font":"","enabled":false},"version":2}},"categories":[33],"tags":[],"class_list":["post-54176","post","type-post","status-publish","format-standard","has-post-thumbnail","hentry","category-nacional"],"jetpack_publicize_connections":[],"jetpack_featured_media_url":"https:\/\/i0.wp.com\/politicosaldesnudo.com.mx\/wp-content\/uploads\/2025\/01\/SHE.jpg?fit=768%2C485&ssl=1","jetpack-related-posts":[],"jetpack_sharing_enabled":true,"_links":{"self":[{"href":"https:\/\/politicosaldesnudo.com.mx\/index.php\/wp-json\/wp\/v2\/posts\/54176","targetHints":{"allow":["GET"]}}],"collection":[{"href":"https:\/\/politicosaldesnudo.com.mx\/index.php\/wp-json\/wp\/v2\/posts"}],"about":[{"href":"https:\/\/politicosaldesnudo.com.mx\/index.php\/wp-json\/wp\/v2\/types\/post"}],"author":[{"embeddable":true,"href":"https:\/\/politicosaldesnudo.com.mx\/index.php\/wp-json\/wp\/v2\/users\/4"}],"replies":[{"embeddable":true,"href":"https:\/\/politicosaldesnudo.com.mx\/index.php\/wp-json\/wp\/v2\/comments?post=54176"}],"version-history":[{"count":0,"href":"https:\/\/politicosaldesnudo.com.mx\/index.php\/wp-json\/wp\/v2\/posts\/54176\/revisions"}],"wp:featuredmedia":[{"embeddable":true,"href":"https:\/\/politicosaldesnudo.com.mx\/index.php\/wp-json\/wp\/v2\/media\/54177"}],"wp:attachment":[{"href":"https:\/\/politicosaldesnudo.com.mx\/index.php\/wp-json\/wp\/v2\/media?parent=54176"}],"wp:term":[{"taxonomy":"category","embeddable":true,"href":"https:\/\/politicosaldesnudo.com.mx\/index.php\/wp-json\/wp\/v2\/categories?post=54176"},{"taxonomy":"post_tag","embeddable":true,"href":"https:\/\/politicosaldesnudo.com.mx\/index.php\/wp-json\/wp\/v2\/tags?post=54176"}],"curies":[{"name":"wp","href":"https:\/\/api.w.org\/{rel}","templated":true}]}}