{"id":54255,"date":"2025-01-13T02:10:05","date_gmt":"2025-01-13T08:10:05","guid":{"rendered":"https:\/\/politicosaldesnudo.com.mx\/?p=54255"},"modified":"2025-01-13T02:10:05","modified_gmt":"2025-01-13T08:10:05","slug":"ejercito-realiza-exposicion-fotografica","status":"publish","type":"post","link":"https:\/\/politicosaldesnudo.com.mx\/index.php\/2025\/01\/13\/ejercito-realiza-exposicion-fotografica\/","title":{"rendered":"Ej\u00e9rcito realiza exposici\u00f3n fotogr\u00e1fica"},"content":{"rendered":"<p>Una exposici\u00f3n fotogr\u00e1fica fue colocada en la plaza c\u00edvica por elementos de las Fuerzas Armadas, titulada \u201cLa Gran Fuerza de M\u00e9xico\u201d.<\/p>\n<p>Esta actividad fue organizada por el 39\/o. Batall\u00f3n de Infanter\u00eda, que con esta muestra abri\u00f3 sus puertas a la ciudadan\u00eda tuxpe\u00f1a, ofreciendo una mirada profunda al trabajo que realiza el Ej\u00e9rcito Mexicano y la Guardia Nacional.<\/p>\n<p>A trav\u00e9s de impactantes im\u00e1genes, los asistentes pudieron apreciar la preparaci\u00f3n, el valor y la dedicaci\u00f3n de los hombres y mujeres que integran nuestras Fuerzas Armadas, desde intensas jornadas de adiestramiento hasta acciones de apoyo a la comunidad, cada fotograf\u00eda cuenta una historia de servicio y compromiso con M\u00e9xico.<\/p>\n<p>Pero la exposici\u00f3n fue m\u00e1s all\u00e1 de una simple galer\u00eda, un m\u00f3dulo de informaci\u00f3n permiti\u00f3 a los visitantes conocer las oportunidades de ingresar a los planteles educativos militares y admirar de cerca los uniformes que representan a estas instituciones, una experiencia que sin duda inspir\u00f3 a muchos j\u00f3venes a considerar una carrera al servicio de la patria.<\/p>\n<p>Con esta iniciativa, el Ej\u00e9rcito y la Guardia Nacional buscan tambi\u00e9n que m\u00e1s j\u00f3venes se integren a sus filas, tanto hombres como mujeres, demostrando que m\u00e1s all\u00e1 de uniformes y armas, son seres humanos entregados a la construcci\u00f3n de un M\u00e9xico m\u00e1s seguro y justo.<\/p>\n","protected":false},"excerpt":{"rendered":"<p>Una exposici\u00f3n fotogr\u00e1fica fue colocada en la plaza c\u00edvica por elementos de las Fuerzas Armadas, titulada \u201cLa Gran Fuerza de<\/p>\n","protected":false},"author":4,"featured_media":54256,"comment_status":"closed","ping_status":"closed","sticky":false,"template":"","format":"standard","meta":{"colormag_page_container_layout":"default_layout","colormag_page_sidebar_layout":"default_layout","_jetpack_memberships_contains_paid_content":false,"footnotes":"","jetpack_publicize_message":"","jetpack_publicize_feature_enabled":true,"jetpack_social_post_already_shared":false,"jetpack_social_options":{"image_generator_settings":{"template":"highway","default_image_id":0,"font":"","enabled":false},"version":2}},"categories":[1082],"tags":[],"class_list":["post-54255","post","type-post","status-publish","format-standard","has-post-thumbnail","hentry","category-tuxpan"],"jetpack_publicize_connections":[],"jetpack_featured_media_url":"https:\/\/i0.wp.com\/politicosaldesnudo.com.mx\/wp-content\/uploads\/2025\/01\/3c-4.jpg?fit=1600%2C1200&ssl=1","jetpack-related-posts":[],"jetpack_sharing_enabled":true,"_links":{"self":[{"href":"https:\/\/politicosaldesnudo.com.mx\/index.php\/wp-json\/wp\/v2\/posts\/54255","targetHints":{"allow":["GET"]}}],"collection":[{"href":"https:\/\/politicosaldesnudo.com.mx\/index.php\/wp-json\/wp\/v2\/posts"}],"about":[{"href":"https:\/\/politicosaldesnudo.com.mx\/index.php\/wp-json\/wp\/v2\/types\/post"}],"author":[{"embeddable":true,"href":"https:\/\/politicosaldesnudo.com.mx\/index.php\/wp-json\/wp\/v2\/users\/4"}],"replies":[{"embeddable":true,"href":"https:\/\/politicosaldesnudo.com.mx\/index.php\/wp-json\/wp\/v2\/comments?post=54255"}],"version-history":[{"count":0,"href":"https:\/\/politicosaldesnudo.com.mx\/index.php\/wp-json\/wp\/v2\/posts\/54255\/revisions"}],"wp:featuredmedia":[{"embeddable":true,"href":"https:\/\/politicosaldesnudo.com.mx\/index.php\/wp-json\/wp\/v2\/media\/54256"}],"wp:attachment":[{"href":"https:\/\/politicosaldesnudo.com.mx\/index.php\/wp-json\/wp\/v2\/media?parent=54255"}],"wp:term":[{"taxonomy":"category","embeddable":true,"href":"https:\/\/politicosaldesnudo.com.mx\/index.php\/wp-json\/wp\/v2\/categories?post=54255"},{"taxonomy":"post_tag","embeddable":true,"href":"https:\/\/politicosaldesnudo.com.mx\/index.php\/wp-json\/wp\/v2\/tags?post=54255"}],"curies":[{"name":"wp","href":"https:\/\/api.w.org\/{rel}","templated":true}]}}