{"id":54323,"date":"2025-01-14T00:03:44","date_gmt":"2025-01-14T06:03:44","guid":{"rendered":"https:\/\/politicosaldesnudo.com.mx\/?p=54323"},"modified":"2025-01-13T21:26:33","modified_gmt":"2025-01-14T03:26:33","slug":"inician-monitoreo-semanal-de-la-salinidad-en-el-rio","status":"publish","type":"post","link":"https:\/\/politicosaldesnudo.com.mx\/index.php\/2025\/01\/14\/inician-monitoreo-semanal-de-la-salinidad-en-el-rio\/","title":{"rendered":"Inician monitoreo semanal de la salinidad en el r\u00edo"},"content":{"rendered":"<p>Ante el impacto ocasionado por la cu\u00f1a marina registrada el a\u00f1o pasado, autoridades responsables del abastecimiento de agua en Tuxpan han implementado un monitoreo continuo del r\u00edo Tuxpan para medir los niveles de salinidad y tomar medidas preventivas en caso de que este fen\u00f3meno vuelva a presentarse.<\/p>\n<p>El monitoreo se llevar\u00e1 a cabo cada ocho d\u00edas en 45 puntos estrat\u00e9gicos que abarcan desde la bocana hasta la captaci\u00f3n de agua, cubriendo aproximadamente 24 kil\u00f3metros en l\u00ednea recta y hasta 40 kil\u00f3metros siguiendo el margen del r\u00edo. Esta estrategia busca identificar variaciones en los niveles de salinidad y establecer acciones inmediatas para evitar que la salinidad afecte la calidad del agua potable suministrada a la poblaci\u00f3n.<\/p>\n<p>\u00abEn diciembre realizamos un monitoreo inicial, pero debido al flujo residual de agua proveniente de la sierra no pudimos obtener resultados concluyentes. Sin embargo, a medida que disminuya este flujo, los datos ser\u00e1n m\u00e1s precisos y los informaremos oportunamente a la ciudadan\u00eda,\u00bb se\u00f1al\u00f3 Jorge Alberto Vargas Chabelo, jefe de la oficina operadora de la CAEV en Tuxpan.<\/p>\n<p>Los puntos monitoreados se clasifican en niveles altos, medios y bajos de salinidad, permitiendo trazar un mapa detallado del comportamiento del r\u00edo y sus posibles riesgos.<\/p>\n<p>La cu\u00f1a marina, fen\u00f3meno que ocurre cuando las mareas altas y un severo estiaje reducen los niveles del r\u00edo, provoc\u00f3 el ingreso de agua salina hasta la captaci\u00f3n de agua potable el a\u00f1o pasado. Esto deriv\u00f3 en un suministro con niveles de salinidad que afectaron tanto a la ciudadan\u00eda como a las actividades que dependen de este recurso.<\/p>\n<p>El monitoreo actual busca no solo prevenir una nueva crisis, sino tambi\u00e9n estar preparados para actuar de manera inmediata en caso de que se repitan las condiciones que dieron origen a este evento.<\/p>\n<p>Conscientes de la importancia de garantizar agua de calidad, las autoridades han reforzado las medidas de supervisi\u00f3n y mantienen informada a la ciudadan\u00eda sobre los avances del monitoreo. \u00abEstamos trabajando para asegurar que, ante cualquier variaci\u00f3n en los niveles de salinidad, podamos reaccionar de manera oportuna y evitar afectaciones mayores,\u00bb afirm\u00f3 el entrevistado.<\/p>\n","protected":false},"excerpt":{"rendered":"<p>Ante el impacto ocasionado por la cu\u00f1a marina registrada el a\u00f1o pasado, autoridades responsables del abastecimiento de agua en Tuxpan<\/p>\n","protected":false},"author":4,"featured_media":54324,"comment_status":"closed","ping_status":"closed","sticky":false,"template":"","format":"standard","meta":{"colormag_page_container_layout":"default_layout","colormag_page_sidebar_layout":"default_layout","_jetpack_memberships_contains_paid_content":false,"footnotes":"","jetpack_publicize_message":"","jetpack_publicize_feature_enabled":true,"jetpack_social_post_already_shared":false,"jetpack_social_options":{"image_generator_settings":{"template":"highway","default_image_id":0,"font":"","enabled":false},"version":2}},"categories":[1082],"tags":[],"class_list":["post-54323","post","type-post","status-publish","format-standard","has-post-thumbnail","hentry","category-tuxpan"],"jetpack_publicize_connections":[],"jetpack_featured_media_url":"https:\/\/i0.wp.com\/politicosaldesnudo.com.mx\/wp-content\/uploads\/2025\/01\/5b-4.jpg?fit=1296%2C972&ssl=1","jetpack-related-posts":[],"jetpack_sharing_enabled":true,"_links":{"self":[{"href":"https:\/\/politicosaldesnudo.com.mx\/index.php\/wp-json\/wp\/v2\/posts\/54323","targetHints":{"allow":["GET"]}}],"collection":[{"href":"https:\/\/politicosaldesnudo.com.mx\/index.php\/wp-json\/wp\/v2\/posts"}],"about":[{"href":"https:\/\/politicosaldesnudo.com.mx\/index.php\/wp-json\/wp\/v2\/types\/post"}],"author":[{"embeddable":true,"href":"https:\/\/politicosaldesnudo.com.mx\/index.php\/wp-json\/wp\/v2\/users\/4"}],"replies":[{"embeddable":true,"href":"https:\/\/politicosaldesnudo.com.mx\/index.php\/wp-json\/wp\/v2\/comments?post=54323"}],"version-history":[{"count":0,"href":"https:\/\/politicosaldesnudo.com.mx\/index.php\/wp-json\/wp\/v2\/posts\/54323\/revisions"}],"wp:featuredmedia":[{"embeddable":true,"href":"https:\/\/politicosaldesnudo.com.mx\/index.php\/wp-json\/wp\/v2\/media\/54324"}],"wp:attachment":[{"href":"https:\/\/politicosaldesnudo.com.mx\/index.php\/wp-json\/wp\/v2\/media?parent=54323"}],"wp:term":[{"taxonomy":"category","embeddable":true,"href":"https:\/\/politicosaldesnudo.com.mx\/index.php\/wp-json\/wp\/v2\/categories?post=54323"},{"taxonomy":"post_tag","embeddable":true,"href":"https:\/\/politicosaldesnudo.com.mx\/index.php\/wp-json\/wp\/v2\/tags?post=54323"}],"curies":[{"name":"wp","href":"https:\/\/api.w.org\/{rel}","templated":true}]}}