{"id":54329,"date":"2025-01-14T00:05:10","date_gmt":"2025-01-14T06:05:10","guid":{"rendered":"https:\/\/politicosaldesnudo.com.mx\/?p=54329"},"modified":"2025-01-13T21:52:43","modified_gmt":"2025-01-14T03:52:43","slug":"convertir-a-mexico-en-la-10a-economia-mundial-objetivo-de-plan-mexico-sheinbaum","status":"publish","type":"post","link":"https:\/\/politicosaldesnudo.com.mx\/index.php\/2025\/01\/14\/convertir-a-mexico-en-la-10a-economia-mundial-objetivo-de-plan-mexico-sheinbaum\/","title":{"rendered":"Convertir a M\u00e9xico en la 10a econom\u00eda mundial, objetivo de Plan M\u00e9xico: Sheinbaum"},"content":{"rendered":"<p class=\"western\">Con el objetivo de que M\u00e9xico pase del lugar doce a la d\u00e9cima econom\u00eda m\u00e1s grande en el mundo consolidando el mercado regional en Am\u00e9rica del Norte y con una mayor producci\u00f3n para satisfacer las necesidades nacionales, la presidenta Claudia Sheinbaum present\u00f3 las l\u00edneas generales de Plan M\u00e9xico. Se pretende elevar la proporci\u00f3n de inversi\u00f3n respecto al Producto Interno Bruto arriba del 25 por ciento que se alcanz\u00f3 en 2023 entre inversi\u00f3n p\u00fablica y privada.<\/p>\n<p class=\"western\">Destac\u00f3 que ya se tienen avanzados los recursos porque \u201chemos llegado al nivel de tener contabilizados 277 mil millones de d\u00f3lares de inversiones que quieren llegar a M\u00e9xico con el objetivo y con el Plan que estamos desarrollando, con empresas espec\u00edficas que quieren instalarse en el pa\u00eds, c\u00f3mo se instalar\u00eda, en d\u00f3nde se instalar\u00e1n, con qu\u00e9 beneficios, con qu\u00e9 incentivos, y al mismo tiempo, esta inversi\u00f3n en cerca de 2 mil proyectos que est\u00e1n ya registrados en el portafolio\u201d, destac\u00f3.<\/p>\n<p class=\"western\">Con la presencia de empresarios y la mayor parte de su gabinete en el Museo Nacional de Antropolog\u00eda, Sheinbaum present\u00f3 el plan con objetivos ambiciosos pues se pretende que sea de largo plazo, m\u00e1s all\u00e1 del Plan Nacional de Desarrollo de su sexenio pues se pretende que tenga una visi\u00f3n con un horizonte amplio, en el cual se pretende potenciar la visi\u00f3n regional.<\/p>\n<p class=\"western\">Se trata de impulsar una visi\u00f3n del desarrollo de nuestro pa\u00eds: equitativo, sustentable, de industrializaci\u00f3n, de crecimiento econ\u00f3mico, s\u00ed, pero, sobre todo, de bienestar para nuestro pueblo y de beneficio para todas y para todos. Una meta sustantiva es disminuir la pobreza y las desigualdades en nuestro pa\u00eds. El objetivo no es quedarse en la presentaci\u00f3n global, \u201csino que cada uno de nosotros sepamos a d\u00f3nde queremos llegar.\u201d<\/p>\n<p class=\"western\">Sheinbaum destac\u00f3 que evidentemente el libre comercio y la participaci\u00f3n de la iniciativa privada resultan fundamentales para alcanzar los objetivos del plan. Subray\u00f3 que este se parte de bases s\u00f3lidas en cuanto a las variables econ\u00f3micas pues cerramos el 2024 con buenos indicadores: reservas internacionales del Banco de M\u00e9xico hist\u00f3ricas; reducci\u00f3n de la pobreza de 9.5 millones de personas, por lo menos hasta 2023, y ser\u00e1 mayor con los datos de 2024; nivel de desempleo bajo, comparado con los pa\u00edses de la Organizaci\u00f3n para la Cooperaci\u00f3n y el Desarrollo Econ\u00f3mico.<\/p>\n<p class=\"western\">Al detallar objetivos concretos, la mandataria resalt\u00f3 que se busca planificar el desarrollo regional; promover la relocalizaci\u00f3n de las empresas para el mercado regional; elevar el contenido nacional y regional, y ampliar la sustituci\u00f3n de importaciones con cadenas de valor; relanzar el programa \u201cHecho en M\u00e9xico\u201d \u201cque es parte de la visi\u00f3n que tenemos, que sabemos que nos van a ayudar much\u00edsimo en esto\u201d.<\/p>\n<p class=\"western\">Asimismo, la creaci\u00f3n de empleos bien remunerados en sectores de manufactura y servicios, pero particularmente una visi\u00f3n para la reindustrializaci\u00f3n del fortalecimiento de la industria en nuestro pa\u00eds; incrementar la proveedur\u00eda local de m\u00e1s valor; promover Polos de Desarrollo y de Bienestar, a partir de vocaciones regionales, que esta es la gran visi\u00f3n que tenemos. Inici\u00f3 en el sexenio pasado con los Polos de Bienestar en el Istmo de Tehuantepec y la visi\u00f3n es desarrollar esto para todo el pa\u00eds.<\/p>\n<p class=\"western\">Como parte del Plan M\u00e9xico se incorporan programas espec\u00edficos como el de energ\u00eda cuyo objetivo es aumentar la capacidad de generaci\u00f3n de 356 terawatts hora a 413 terawatts hora; una parte con gas, otra parte con energ\u00eda renovable, aumentando de manera muy importante la solar y la e\u00f3lica, pero teniendo respaldo.<\/p>\n<p class=\"western\">Se tienen previstas las inversiones de la Comisi\u00f3n Federal de Electricidad para alcanzar la meta principal de generar el 54 por ciento del mercado el\u00e9ctrico. Para ello se contemplan 145 proyectos de transmisi\u00f3n en el sexenio que va a desarrollar la empresa p\u00fablica.<\/p>\n<p class=\"western\">Tambi\u00e9n como proyectos complementarios para apuntalar la econom\u00eda destacan los programas de desarrollo ferroviario y carretero; el plan de agua que involucra una inversi\u00f3n de 20 mil millones de pesos para la tecnificaci\u00f3n del riego y la presidenta involucr\u00f3 incluso la estrategia de Seguridad para abatir los niveles de violencia.<\/p>\n","protected":false},"excerpt":{"rendered":"<p>Con el objetivo de que M\u00e9xico pase del lugar doce a la d\u00e9cima econom\u00eda m\u00e1s grande en el mundo consolidando<\/p>\n","protected":false},"author":4,"featured_media":54330,"comment_status":"closed","ping_status":"closed","sticky":false,"template":"","format":"standard","meta":{"colormag_page_container_layout":"default_layout","colormag_page_sidebar_layout":"default_layout","_jetpack_memberships_contains_paid_content":false,"footnotes":"","jetpack_publicize_message":"","jetpack_publicize_feature_enabled":true,"jetpack_social_post_already_shared":false,"jetpack_social_options":{"image_generator_settings":{"template":"highway","default_image_id":0,"font":"","enabled":false},"version":2}},"categories":[33],"tags":[],"class_list":["post-54329","post","type-post","status-publish","format-standard","has-post-thumbnail","hentry","category-nacional"],"jetpack_publicize_connections":[],"jetpack_featured_media_url":"https:\/\/i0.wp.com\/politicosaldesnudo.com.mx\/wp-content\/uploads\/2025\/01\/459252_4x.jpg?fit=550%2C370&ssl=1","jetpack-related-posts":[],"jetpack_sharing_enabled":true,"_links":{"self":[{"href":"https:\/\/politicosaldesnudo.com.mx\/index.php\/wp-json\/wp\/v2\/posts\/54329","targetHints":{"allow":["GET"]}}],"collection":[{"href":"https:\/\/politicosaldesnudo.com.mx\/index.php\/wp-json\/wp\/v2\/posts"}],"about":[{"href":"https:\/\/politicosaldesnudo.com.mx\/index.php\/wp-json\/wp\/v2\/types\/post"}],"author":[{"embeddable":true,"href":"https:\/\/politicosaldesnudo.com.mx\/index.php\/wp-json\/wp\/v2\/users\/4"}],"replies":[{"embeddable":true,"href":"https:\/\/politicosaldesnudo.com.mx\/index.php\/wp-json\/wp\/v2\/comments?post=54329"}],"version-history":[{"count":0,"href":"https:\/\/politicosaldesnudo.com.mx\/index.php\/wp-json\/wp\/v2\/posts\/54329\/revisions"}],"wp:featuredmedia":[{"embeddable":true,"href":"https:\/\/politicosaldesnudo.com.mx\/index.php\/wp-json\/wp\/v2\/media\/54330"}],"wp:attachment":[{"href":"https:\/\/politicosaldesnudo.com.mx\/index.php\/wp-json\/wp\/v2\/media?parent=54329"}],"wp:term":[{"taxonomy":"category","embeddable":true,"href":"https:\/\/politicosaldesnudo.com.mx\/index.php\/wp-json\/wp\/v2\/categories?post=54329"},{"taxonomy":"post_tag","embeddable":true,"href":"https:\/\/politicosaldesnudo.com.mx\/index.php\/wp-json\/wp\/v2\/tags?post=54329"}],"curies":[{"name":"wp","href":"https:\/\/api.w.org\/{rel}","templated":true}]}}