{"id":54342,"date":"2025-01-14T00:09:23","date_gmt":"2025-01-14T06:09:23","guid":{"rendered":"https:\/\/politicosaldesnudo.com.mx\/?p=54342"},"modified":"2025-01-13T22:07:47","modified_gmt":"2025-01-14T04:07:47","slug":"plan-mexico-carta-de-navegacion-del-pais-ebrard","status":"publish","type":"post","link":"https:\/\/politicosaldesnudo.com.mx\/index.php\/2025\/01\/14\/plan-mexico-carta-de-navegacion-del-pais-ebrard\/","title":{"rendered":"Plan M\u00e9xico, carta de navegaci\u00f3n del pa\u00eds: Ebrard"},"content":{"rendered":"<p dir=\"ltr\">Marcelo Ebrard Casaub\u00f3n, titular de la Secretar\u00eda de Econom\u00eda (SE), calific\u00f3 al Plan M\u00e9xico, presentado esta ma\u00f1ana por la presidenta Claudia Sheinbaum Pardo, como la \u201ccarta de navegaci\u00f3n\u201d del pa\u00eds para salir adelante ante una nueva era que se avecina.<\/p>\n<p dir=\"ltr\">Durante su participaci\u00f3n en el evento del plan, cuyo objetivo es colocar a M\u00e9xico entre las principales econom\u00edas del mundo, el funcionario resalt\u00f3 que se trata de una estrategia que se ha elaborado en conjunto entre gobierno y empresarios.<\/p>\n<p dir=\"ltr\">\u201cHay incertidumbres en el futuro inmediato. Pero si estamos cohesionados y tenemos una direcci\u00f3n nacional como la que tenemos, amigas, amigos, vamos a salir adelante\u201d, apunt\u00f3.<\/p>\n<p dir=\"ltr\">Destac\u00f3 que en los 42 a\u00f1os que lleva en el servicio p\u00fablico, es la primera vez que ve un instrumento de este tipo en un gobierno, el cual, asegur\u00f3, fue pr\u00e1cticamente dictado por la presidenta Sheinbaum.<\/p>\n<p dir=\"ltr\">\u201cSe recuerda todas las cifras, nos ha corregido (la Presidenta) la mayor parte de las metas, nos ha preguntado detalles que a veces ni siquiera nosotros hemos visto. Entonces ha sido una muy grata experiencia participar con ella en la elaboraci\u00f3n de este documento, cosa que le agradezco y le aprecio mucho\u201d, destac\u00f3.<\/p>\n<p dir=\"ltr\">El Plan M\u00e9xico, indic\u00f3, es un gran ejercicio de trabajo en conjunto, de buena fe y de compromiso de todos con M\u00e9xico. \u201cHay incertidumbres en el futuro inmediato. Pero si estamos cohesionados y tenemos una direcci\u00f3n nacional como la que tenemos, amigas, amigos, vamos a salir adelante\u201d.<\/p>\n","protected":false},"excerpt":{"rendered":"<p>Marcelo Ebrard Casaub\u00f3n, titular de la Secretar\u00eda de Econom\u00eda (SE), calific\u00f3 al Plan M\u00e9xico, presentado esta ma\u00f1ana por la presidenta<\/p>\n","protected":false},"author":4,"featured_media":54343,"comment_status":"closed","ping_status":"closed","sticky":false,"template":"","format":"standard","meta":{"colormag_page_container_layout":"default_layout","colormag_page_sidebar_layout":"default_layout","_jetpack_memberships_contains_paid_content":false,"footnotes":"","jetpack_publicize_message":"","jetpack_publicize_feature_enabled":true,"jetpack_social_post_already_shared":false,"jetpack_social_options":{"image_generator_settings":{"template":"highway","default_image_id":0,"font":"","enabled":false},"version":2}},"categories":[2050],"tags":[],"class_list":["post-54342","post","type-post","status-publish","format-standard","has-post-thumbnail","hentry","category-economia"],"jetpack_publicize_connections":[],"jetpack_featured_media_url":"https:\/\/i0.wp.com\/politicosaldesnudo.com.mx\/wp-content\/uploads\/2025\/01\/cierran-filas-2-1024x683-1.jpeg?fit=1024%2C683&ssl=1","jetpack-related-posts":[],"jetpack_sharing_enabled":true,"_links":{"self":[{"href":"https:\/\/politicosaldesnudo.com.mx\/index.php\/wp-json\/wp\/v2\/posts\/54342","targetHints":{"allow":["GET"]}}],"collection":[{"href":"https:\/\/politicosaldesnudo.com.mx\/index.php\/wp-json\/wp\/v2\/posts"}],"about":[{"href":"https:\/\/politicosaldesnudo.com.mx\/index.php\/wp-json\/wp\/v2\/types\/post"}],"author":[{"embeddable":true,"href":"https:\/\/politicosaldesnudo.com.mx\/index.php\/wp-json\/wp\/v2\/users\/4"}],"replies":[{"embeddable":true,"href":"https:\/\/politicosaldesnudo.com.mx\/index.php\/wp-json\/wp\/v2\/comments?post=54342"}],"version-history":[{"count":0,"href":"https:\/\/politicosaldesnudo.com.mx\/index.php\/wp-json\/wp\/v2\/posts\/54342\/revisions"}],"wp:featuredmedia":[{"embeddable":true,"href":"https:\/\/politicosaldesnudo.com.mx\/index.php\/wp-json\/wp\/v2\/media\/54343"}],"wp:attachment":[{"href":"https:\/\/politicosaldesnudo.com.mx\/index.php\/wp-json\/wp\/v2\/media?parent=54342"}],"wp:term":[{"taxonomy":"category","embeddable":true,"href":"https:\/\/politicosaldesnudo.com.mx\/index.php\/wp-json\/wp\/v2\/categories?post=54342"},{"taxonomy":"post_tag","embeddable":true,"href":"https:\/\/politicosaldesnudo.com.mx\/index.php\/wp-json\/wp\/v2\/tags?post=54342"}],"curies":[{"name":"wp","href":"https:\/\/api.w.org\/{rel}","templated":true}]}}