{"id":54345,"date":"2025-01-14T00:10:33","date_gmt":"2025-01-14T06:10:33","guid":{"rendered":"https:\/\/politicosaldesnudo.com.mx\/?p=54345"},"modified":"2025-01-13T22:09:54","modified_gmt":"2025-01-14T04:09:54","slug":"invita-altagracia-gomez-a-empresarios-y-ciudadanos-a-apostar-por-mexico","status":"publish","type":"post","link":"https:\/\/politicosaldesnudo.com.mx\/index.php\/2025\/01\/14\/invita-altagracia-gomez-a-empresarios-y-ciudadanos-a-apostar-por-mexico\/","title":{"rendered":"Invita Altagracia G\u00f3mez a empresarios y ciudadanos a apostar por M\u00e9xico"},"content":{"rendered":"<p dir=\"ltr\">Altagracia G\u00f3mez Sierra, coordinadora del Consejo Asesor de desarrollo Econ\u00f3mico, destac\u00f3 los pilares fundamentales en los que est\u00e1 basado el Plan M\u00e9xico que present\u00f3 este martes la presidenta Claudia Sheinbaum, al tiempo que invit\u00f3 a empresarios y ciudadanos para apostar por M\u00e9xico, tanto en desarrollo industrial, como sostenibilidad y creaci\u00f3n de empleos.<\/p>\n<p dir=\"ltr\">Al participar en la presentaci\u00f3n del plan sexenal, hizo \u00e9nfasis en cinco puntos importantes que contiene: creaci\u00f3n de empleos, oficios, profesiones y emprendimientos bien remunerados y calificados; valorar el comercio justo y reciprocidad con los pa\u00edses con que M\u00e9xico tiene tratados comerciales.<\/p>\n<p dir=\"ltr\">Adem\u00e1s de fortalecer la resiliencia de las cadenas de valor con apuestas para mejorar infraestructura y disponibilidad de materia prima e insumos, mejoramiento del est\u00e1ndar de vida de j\u00f3venes y capacitarlos para que sean competitivos y apostar por la seguridad y sostenibilidad en las inversiones.<\/p>\n<p dir=\"ltr\">\u201cEs una visi\u00f3n de largo plazo para que nuestro pa\u00eds pueda crecer con bienestar y para que M\u00e9xico pueda ser l\u00edder de cadenas globales sin olvidar el fortalecimiento de su mercado interno. Tengo la certeza de que las empresarias y los empresarios en M\u00e9xico saben superar retos\u201d, dijo ante la Presidenta, funcionarios y empresarios.<\/p>\n<p dir=\"ltr\">G\u00f3mez Sierra resalt\u00f3 que muchas veces otros empresarios le preguntan por qu\u00e9 es tan optimista, a lo que ella responde que \u00bfcu\u00e1ndo ha sido f\u00e1cil? Para luego proceder a responder los diferentes retos que ha enfrentado M\u00e9xico en los \u00faltimos sexenios, desde las crisis econ\u00f3micas de los 80, el llamado \u201cerror de diciembre\u201d de 1994, la burbuja inmobiliaria del 2009, entre otras.<\/p>\n<p dir=\"ltr\">La m\u00e1s reciente, dijo, fue la pandemia y la crisis de semiconductores, de las cuales el pa\u00eds y las empresas de M\u00e9xico salieron avantes.<\/p>\n","protected":false},"excerpt":{"rendered":"<p>Altagracia G\u00f3mez Sierra, coordinadora del Consejo Asesor de desarrollo Econ\u00f3mico, destac\u00f3 los pilares fundamentales en los que est\u00e1 basado el<\/p>\n","protected":false},"author":4,"featured_media":54346,"comment_status":"closed","ping_status":"closed","sticky":false,"template":"","format":"standard","meta":{"colormag_page_container_layout":"default_layout","colormag_page_sidebar_layout":"default_layout","_jetpack_memberships_contains_paid_content":false,"footnotes":"","jetpack_publicize_message":"","jetpack_publicize_feature_enabled":true,"jetpack_social_post_already_shared":false,"jetpack_social_options":{"image_generator_settings":{"template":"highway","default_image_id":0,"font":"","enabled":false},"version":2}},"categories":[2050],"tags":[],"class_list":["post-54345","post","type-post","status-publish","format-standard","has-post-thumbnail","hentry","category-economia"],"jetpack_publicize_connections":[],"jetpack_featured_media_url":"https:\/\/i0.wp.com\/politicosaldesnudo.com.mx\/wp-content\/uploads\/2025\/01\/altagracia-gomez.jpg?fit=1280%2C728&ssl=1","jetpack-related-posts":[],"jetpack_sharing_enabled":true,"_links":{"self":[{"href":"https:\/\/politicosaldesnudo.com.mx\/index.php\/wp-json\/wp\/v2\/posts\/54345","targetHints":{"allow":["GET"]}}],"collection":[{"href":"https:\/\/politicosaldesnudo.com.mx\/index.php\/wp-json\/wp\/v2\/posts"}],"about":[{"href":"https:\/\/politicosaldesnudo.com.mx\/index.php\/wp-json\/wp\/v2\/types\/post"}],"author":[{"embeddable":true,"href":"https:\/\/politicosaldesnudo.com.mx\/index.php\/wp-json\/wp\/v2\/users\/4"}],"replies":[{"embeddable":true,"href":"https:\/\/politicosaldesnudo.com.mx\/index.php\/wp-json\/wp\/v2\/comments?post=54345"}],"version-history":[{"count":0,"href":"https:\/\/politicosaldesnudo.com.mx\/index.php\/wp-json\/wp\/v2\/posts\/54345\/revisions"}],"wp:featuredmedia":[{"embeddable":true,"href":"https:\/\/politicosaldesnudo.com.mx\/index.php\/wp-json\/wp\/v2\/media\/54346"}],"wp:attachment":[{"href":"https:\/\/politicosaldesnudo.com.mx\/index.php\/wp-json\/wp\/v2\/media?parent=54345"}],"wp:term":[{"taxonomy":"category","embeddable":true,"href":"https:\/\/politicosaldesnudo.com.mx\/index.php\/wp-json\/wp\/v2\/categories?post=54345"},{"taxonomy":"post_tag","embeddable":true,"href":"https:\/\/politicosaldesnudo.com.mx\/index.php\/wp-json\/wp\/v2\/tags?post=54345"}],"curies":[{"name":"wp","href":"https:\/\/api.w.org\/{rel}","templated":true}]}}