{"id":54354,"date":"2025-01-14T00:13:27","date_gmt":"2025-01-14T06:13:27","guid":{"rendered":"https:\/\/politicosaldesnudo.com.mx\/?p=54354"},"modified":"2025-01-13T22:20:56","modified_gmt":"2025-01-14T04:20:56","slug":"permanece-asegurado-buque-accidentado-en-veracruz-por-deslinde-de-responsabilidades","status":"publish","type":"post","link":"https:\/\/politicosaldesnudo.com.mx\/index.php\/2025\/01\/14\/permanece-asegurado-buque-accidentado-en-veracruz-por-deslinde-de-responsabilidades\/","title":{"rendered":"Permanece asegurado buque accidentado en Veracruz por deslinde de responsabilidades"},"content":{"rendered":"<p>El buque de bandera finlandesa que protagoniz\u00f3 un accidente mar\u00edtimo en el puerto de Veracruz sigue asegurado mientras se deslindan responsabilidades, indic\u00f3 Carlos Ignacio Vel\u00e1zquez Tiscare\u00f1o, director General de ASIPONA Veracruz.<\/p>\n<p>Indic\u00f3 que la Capitan\u00eda de Puerto en conjunto con la Semar y la compa\u00f1\u00eda de seguro son las encargadas de realizar las investigaciones y con base en ello determinar qu\u00e9 fue lo que sucedi\u00f3.<\/p>\n<p>\u201cLa compa\u00f1\u00eda de seguros ya esta haciendo coordinaciones junto con la Capitan\u00eda de Puerto y la Secretar\u00eda de Marina para conducir a lo que corresponda, (\u2026) el buque no ha partido, sigue en el puerto mientras se deslindan responsabilidades\u201d, coment\u00f3.<\/p>\n<p>Cabe recordar que el pasado 11 de diciembre, el Buque BBC Iceland se impact\u00f3 contra algunas embarcaciones de la Secretar\u00eda de Marina y contra una barda de la ASIPONA Veracruz.<\/p>\n<p>Fue debido a los fuertes vientos y al oleaje que las amarras del barco se soltaron, provocando el accidente y la sorpresa de las personas que presenciaron el accidente desde el malec\u00f3n de Veracruz.<\/p>\n<p>\u201cColision\u00f3 a 5 patrullas de la Armada de M\u00e9xico, da\u00f1\u00f3 mucho a tres y a otras dos considerablemente, pero no hubo lesionados\u201d, record\u00f3 el funcionario.<\/p>\n<p>&nbsp;<\/p>\n","protected":false},"excerpt":{"rendered":"<p>El buque de bandera finlandesa que protagoniz\u00f3 un accidente mar\u00edtimo en el puerto de Veracruz sigue asegurado mientras se deslindan<\/p>\n","protected":false},"author":4,"featured_media":54355,"comment_status":"closed","ping_status":"closed","sticky":false,"template":"","format":"standard","meta":{"colormag_page_container_layout":"default_layout","colormag_page_sidebar_layout":"default_layout","_jetpack_memberships_contains_paid_content":false,"footnotes":"","jetpack_publicize_message":"","jetpack_publicize_feature_enabled":true,"jetpack_social_post_already_shared":false,"jetpack_social_options":{"image_generator_settings":{"template":"highway","default_image_id":0,"font":"","enabled":false},"version":2}},"categories":[30],"tags":[],"class_list":["post-54354","post","type-post","status-publish","format-standard","has-post-thumbnail","hentry","category-estados"],"jetpack_publicize_connections":[],"jetpack_featured_media_url":"https:\/\/i0.wp.com\/politicosaldesnudo.com.mx\/wp-content\/uploads\/2025\/01\/whatsapp-image-2024-12-11-at-64422-pm-0fa91d5c-focus-0.06-0.37-414-287.jpg?fit=414%2C287&ssl=1","jetpack-related-posts":[],"jetpack_sharing_enabled":true,"_links":{"self":[{"href":"https:\/\/politicosaldesnudo.com.mx\/index.php\/wp-json\/wp\/v2\/posts\/54354","targetHints":{"allow":["GET"]}}],"collection":[{"href":"https:\/\/politicosaldesnudo.com.mx\/index.php\/wp-json\/wp\/v2\/posts"}],"about":[{"href":"https:\/\/politicosaldesnudo.com.mx\/index.php\/wp-json\/wp\/v2\/types\/post"}],"author":[{"embeddable":true,"href":"https:\/\/politicosaldesnudo.com.mx\/index.php\/wp-json\/wp\/v2\/users\/4"}],"replies":[{"embeddable":true,"href":"https:\/\/politicosaldesnudo.com.mx\/index.php\/wp-json\/wp\/v2\/comments?post=54354"}],"version-history":[{"count":0,"href":"https:\/\/politicosaldesnudo.com.mx\/index.php\/wp-json\/wp\/v2\/posts\/54354\/revisions"}],"wp:featuredmedia":[{"embeddable":true,"href":"https:\/\/politicosaldesnudo.com.mx\/index.php\/wp-json\/wp\/v2\/media\/54355"}],"wp:attachment":[{"href":"https:\/\/politicosaldesnudo.com.mx\/index.php\/wp-json\/wp\/v2\/media?parent=54354"}],"wp:term":[{"taxonomy":"category","embeddable":true,"href":"https:\/\/politicosaldesnudo.com.mx\/index.php\/wp-json\/wp\/v2\/categories?post=54354"},{"taxonomy":"post_tag","embeddable":true,"href":"https:\/\/politicosaldesnudo.com.mx\/index.php\/wp-json\/wp\/v2\/tags?post=54354"}],"curies":[{"name":"wp","href":"https:\/\/api.w.org\/{rel}","templated":true}]}}