{"id":54363,"date":"2025-01-14T00:16:06","date_gmt":"2025-01-14T06:16:06","guid":{"rendered":"https:\/\/politicosaldesnudo.com.mx\/?p=54363"},"modified":"2025-01-13T22:46:40","modified_gmt":"2025-01-14T04:46:40","slug":"asume-oswaldo-chacon-rectoria-de-la-unach","status":"publish","type":"post","link":"https:\/\/politicosaldesnudo.com.mx\/index.php\/2025\/01\/14\/asume-oswaldo-chacon-rectoria-de-la-unach\/","title":{"rendered":"Asume Oswaldo Chac\u00f3n rector\u00eda de la Unach"},"content":{"rendered":"<p>El ex consejero presidente del Instituto de Elecciones y Participaci\u00f3n Ciudadana (IEPC), Oswaldo Chac\u00f3n Rojas, fue investido este lunes como rector de la Universidad Aut\u00f3noma de Chiapas (Unach).<\/p>\n<p>Al asumir el cargo en las instalaciones del Centro de Convenciones Universitario Dr. Manuel Velasco Su\u00e1rez, de la propia universidad, situadas en Tuxtla Guti\u00e9rrez, anunci\u00f3 que se abrir\u00e1 una nueva sede para impartir la licenciatura de m\u00e9dico cirujano y se pondr\u00e1 en marcha un hospital universitario en San Crist\u00f3bal de Las Casas.<\/p>\n<div class=\"teads-adCall\"><\/div>\n<p>Ante la presencia de los titulares de los poderes ejecutivo, legislativo y judicial, agreg\u00f3 que se crear\u00e1 tambi\u00e9n la Marca Unach, con el fin de vender productos y servicios desarrollados por esa instituci\u00f3n.<\/p>\n<p>Acompa\u00f1ado por Daysi Escobar Castillejos, presidenta en turno de la Junta de Gobierno y por la secretaria Permanente, Ligia Margarita Dom\u00ednguez Casta\u00f1\u00f3n, manifest\u00f3 que la universidad tiene una gran responsabilidad con la sociedad, pero sobre todo con las generaciones futuras, que son la esencia de la misi\u00f3n y de existencia de esa casa de estudios.<\/p>\n<p>Destac\u00f3 las tareas que realiza la universidad para acompa\u00f1ar los grandes programas del gobierno estatal, como son Conecta Chiapas y Chiapas puede, donde se ha puesto de manifiesto la experiencia y sapiencia de las y los universitarios.<\/p>\n<p>Chac\u00f3n Rojas, egresado de la carrera de leyes de la facultad de derecho de la Unach, sostuvo que \u201cestar al frente de la Rector\u00eda es la m\u00e1xima distinci\u00f3n a la que un universitario puede aspirar, la cual tambi\u00e9n convoca a trabajar incansablemente para que la instituci\u00f3n contin\u00fae elevando sus est\u00e1ndares acad\u00e9micos, investigaci\u00f3n y vinculaci\u00f3n con todos los sectores del estado y el pa\u00eds\u201d.<\/p>\n<p>El nuevo rector concluy\u00f3 en junio de 2023 su funci\u00f3n como consejero presidente del IEPC, en cuyo lugar fue designada de manera provisional, Mar\u00eda Magdalena Vila Dom\u00ednguez, quien condujo las elecciones estatales y municipales de junio del a\u00f1o pasado.<\/p>\n","protected":false},"excerpt":{"rendered":"<p>El ex consejero presidente del Instituto de Elecciones y Participaci\u00f3n Ciudadana (IEPC), Oswaldo Chac\u00f3n Rojas, fue investido este lunes como<\/p>\n","protected":false},"author":4,"featured_media":54364,"comment_status":"closed","ping_status":"closed","sticky":false,"template":"","format":"standard","meta":{"colormag_page_container_layout":"default_layout","colormag_page_sidebar_layout":"default_layout","_jetpack_memberships_contains_paid_content":false,"footnotes":"","jetpack_publicize_message":"","jetpack_publicize_feature_enabled":true,"jetpack_social_post_already_shared":false,"jetpack_social_options":{"image_generator_settings":{"template":"highway","default_image_id":0,"font":"","enabled":false},"version":2}},"categories":[30],"tags":[],"class_list":["post-54363","post","type-post","status-publish","format-standard","has-post-thumbnail","hentry","category-estados"],"jetpack_publicize_connections":[],"jetpack_featured_media_url":"https:\/\/i0.wp.com\/politicosaldesnudo.com.mx\/wp-content\/uploads\/2025\/01\/CHAC.jpg?fit=773%2C521&ssl=1","jetpack-related-posts":[],"jetpack_sharing_enabled":true,"_links":{"self":[{"href":"https:\/\/politicosaldesnudo.com.mx\/index.php\/wp-json\/wp\/v2\/posts\/54363","targetHints":{"allow":["GET"]}}],"collection":[{"href":"https:\/\/politicosaldesnudo.com.mx\/index.php\/wp-json\/wp\/v2\/posts"}],"about":[{"href":"https:\/\/politicosaldesnudo.com.mx\/index.php\/wp-json\/wp\/v2\/types\/post"}],"author":[{"embeddable":true,"href":"https:\/\/politicosaldesnudo.com.mx\/index.php\/wp-json\/wp\/v2\/users\/4"}],"replies":[{"embeddable":true,"href":"https:\/\/politicosaldesnudo.com.mx\/index.php\/wp-json\/wp\/v2\/comments?post=54363"}],"version-history":[{"count":0,"href":"https:\/\/politicosaldesnudo.com.mx\/index.php\/wp-json\/wp\/v2\/posts\/54363\/revisions"}],"wp:featuredmedia":[{"embeddable":true,"href":"https:\/\/politicosaldesnudo.com.mx\/index.php\/wp-json\/wp\/v2\/media\/54364"}],"wp:attachment":[{"href":"https:\/\/politicosaldesnudo.com.mx\/index.php\/wp-json\/wp\/v2\/media?parent=54363"}],"wp:term":[{"taxonomy":"category","embeddable":true,"href":"https:\/\/politicosaldesnudo.com.mx\/index.php\/wp-json\/wp\/v2\/categories?post=54363"},{"taxonomy":"post_tag","embeddable":true,"href":"https:\/\/politicosaldesnudo.com.mx\/index.php\/wp-json\/wp\/v2\/tags?post=54363"}],"curies":[{"name":"wp","href":"https:\/\/api.w.org\/{rel}","templated":true}]}}