{"id":54402,"date":"2025-01-15T00:06:22","date_gmt":"2025-01-15T06:06:22","guid":{"rendered":"https:\/\/politicosaldesnudo.com.mx\/?p=54402"},"modified":"2025-01-14T23:03:50","modified_gmt":"2025-01-15T05:03:50","slug":"se-alista-reforma-para-homologar-salarios-de-legisladores-ramirez-cuellar","status":"publish","type":"post","link":"https:\/\/politicosaldesnudo.com.mx\/index.php\/2025\/01\/15\/se-alista-reforma-para-homologar-salarios-de-legisladores-ramirez-cuellar\/","title":{"rendered":"Se alista reforma para homologar salarios de legisladores: Ram\u00edrez Cu\u00e9llar"},"content":{"rendered":"<p class=\"western\">En el pr\u00f3ximo periodo de sesiones, que iniciar\u00e1 en febrero, se impulsar\u00e1 una \u201cgran reforma\u201d a la Ley Org\u00e1nica del Congreso, con medidas como la homologaci\u00f3n de los salarios de diputados y senadores, con base en la Ley Federal de Austeridad Republicana, de tal manera que \u201cquien tenga que apretarse el cintur\u00f3n, se lo va a tener que apretar\u201d.<\/p>\n<p class=\"western\">As\u00ed lo adelant\u00f3 el vice coordinador de la bancada de Morena en San L\u00e1zaro, Alfonso Ram\u00edrez Cu\u00e9llar, quien indic\u00f3 que, como parte de dicha enmienda, tambi\u00e9n se ampliar\u00edan los periodos de sesiones, pues en la actualidad \u201cse trabaja muy poco\u201d, y se profesionalizar\u00e1 el trabajo de las comisiones.<\/p>\n<p class=\"western\">En entrevista con medios de comunicaci\u00f3n, el diputado afirm\u00f3 que \u201cno tiene mucho sentido que haya diferencias de percepciones salariales entre uno y otro legislador (de ambas C\u00e1maras del Congreso), entonces nuestra base y determinaci\u00f3n tiene que tener como marco la disposici\u00f3n establecida en la Ley de Austeridad\u201d.<\/p>\n<p class=\"western\">Lo anterior, abund\u00f3, \u201cpara que no haya seguros m\u00e9dicos, para que no haya privilegios y para que tengamos una percepci\u00f3n por debajo de la que gana la Presidenta de la Rep\u00fablica. La reforma del Congreso implica este tema, que es uno de los m\u00e1s notorios, pero implica m\u00e1s\u201d.<\/p>\n<p class=\"western\">De acuerdo con datos oficiales de la C\u00e1mara, cada diputado tiene una dieta (sueldo) mensual neta de 75 mil 763.18 pesos, m\u00e1s prestaciones, mientras que los senadores perciben 126 mil 800, tambi\u00e9n m\u00e1s prestaciones.<\/p>\n<p class=\"western\">Ram\u00edrez Cu\u00e9llar recalc\u00f3 la urgencia de que M\u00e9xico \u201ctenga un Congreso de la Uni\u00f3n con mayor relevancia, con mayor presencia en la vida pol\u00edtica nacional\u201d.<\/p>\n<p>Otros puntos de la reforma venidera, se\u00f1al\u00f3, son \u201cprofesionalizar a las comisiones, profesionalizar al Canal del Congreso, garantizar la existencia de parlamentos abiertos y ampliar los periodos de sesiones, porque actualmente se trabaja muy poco. Es decir, muchos cambios para hacer un Congreso m\u00e1s relevante, con mayor debate, con mayor acercamiento al pueblo\u201d.<\/p>\n","protected":false},"excerpt":{"rendered":"<p>En el pr\u00f3ximo periodo de sesiones, que iniciar\u00e1 en febrero, se impulsar\u00e1 una \u201cgran reforma\u201d a la Ley Org\u00e1nica del<\/p>\n","protected":false},"author":4,"featured_media":54403,"comment_status":"closed","ping_status":"closed","sticky":false,"template":"","format":"standard","meta":{"colormag_page_container_layout":"default_layout","colormag_page_sidebar_layout":"default_layout","_jetpack_memberships_contains_paid_content":false,"footnotes":"","jetpack_publicize_message":"","jetpack_publicize_feature_enabled":true,"jetpack_social_post_already_shared":false,"jetpack_social_options":{"image_generator_settings":{"template":"highway","default_image_id":0,"font":"","enabled":false},"version":2}},"categories":[33],"tags":[],"class_list":["post-54402","post","type-post","status-publish","format-standard","has-post-thumbnail","hentry","category-nacional"],"jetpack_publicize_connections":[],"jetpack_featured_media_url":"https:\/\/i0.wp.com\/politicosaldesnudo.com.mx\/wp-content\/uploads\/2025\/01\/sl.jpg?fit=788%2C584&ssl=1","jetpack-related-posts":[],"jetpack_sharing_enabled":true,"_links":{"self":[{"href":"https:\/\/politicosaldesnudo.com.mx\/index.php\/wp-json\/wp\/v2\/posts\/54402","targetHints":{"allow":["GET"]}}],"collection":[{"href":"https:\/\/politicosaldesnudo.com.mx\/index.php\/wp-json\/wp\/v2\/posts"}],"about":[{"href":"https:\/\/politicosaldesnudo.com.mx\/index.php\/wp-json\/wp\/v2\/types\/post"}],"author":[{"embeddable":true,"href":"https:\/\/politicosaldesnudo.com.mx\/index.php\/wp-json\/wp\/v2\/users\/4"}],"replies":[{"embeddable":true,"href":"https:\/\/politicosaldesnudo.com.mx\/index.php\/wp-json\/wp\/v2\/comments?post=54402"}],"version-history":[{"count":0,"href":"https:\/\/politicosaldesnudo.com.mx\/index.php\/wp-json\/wp\/v2\/posts\/54402\/revisions"}],"wp:featuredmedia":[{"embeddable":true,"href":"https:\/\/politicosaldesnudo.com.mx\/index.php\/wp-json\/wp\/v2\/media\/54403"}],"wp:attachment":[{"href":"https:\/\/politicosaldesnudo.com.mx\/index.php\/wp-json\/wp\/v2\/media?parent=54402"}],"wp:term":[{"taxonomy":"category","embeddable":true,"href":"https:\/\/politicosaldesnudo.com.mx\/index.php\/wp-json\/wp\/v2\/categories?post=54402"},{"taxonomy":"post_tag","embeddable":true,"href":"https:\/\/politicosaldesnudo.com.mx\/index.php\/wp-json\/wp\/v2\/tags?post=54402"}],"curies":[{"name":"wp","href":"https:\/\/api.w.org\/{rel}","templated":true}]}}