{"id":5441,"date":"2022-05-18T05:51:13","date_gmt":"2022-05-18T10:51:13","guid":{"rendered":"https:\/\/politicosaldesnudo.com.mx\/?p=5441"},"modified":"2022-05-18T05:53:07","modified_gmt":"2022-05-18T10:53:07","slug":"la-rifa-del-tigre","status":"publish","type":"post","link":"https:\/\/politicosaldesnudo.com.mx\/index.php\/2022\/05\/18\/la-rifa-del-tigre\/","title":{"rendered":"La rifa del Tigre"},"content":{"rendered":"<p>&nbsp;<\/p>\n<p class=\"p1\"><span style=\"font-size: 18pt;\"><strong>Por Luis Ram\u00edrez Baqueiro<\/strong><\/span><\/p>\n<p>&nbsp;<\/p>\n<p class=\"p1\"><span style=\"font-size: 18pt;\"><strong>\u201cEl que ambiciona lo ajeno, pierde temprano lo propio\u201d<span class=\"Apple-converted-space\">\u00a0<\/span><\/strong><\/span><\/p>\n<p class=\"p1\"><em><span style=\"font-size: 18pt;\">\u2013\u00a0Fedro \u2013\u00a0<\/span><\/em><\/p>\n<p>&nbsp;<\/p>\n<p class=\"p1\"><span style=\"font-size: 14pt;\">Sergio Rodr\u00edguez Cort\u00e9s, actual procurador Ambiental del Estado de Veracruz, es parte de ese selecto grupo de animales pol\u00edticos \u2013zoon politikon- que saben c\u00f3mo caer parados.<\/span><\/p>\n<p class=\"p1\"><span style=\"font-size: 14pt;\">Literal, sac\u00e1ndose la rifa del Tigre, le sabe dar la vuelta y engatusar al m\u00e1s bailado.<\/span><\/p>\n<p class=\"p1\"><span style=\"font-size: 14pt;\">Ambicioso afirman sus conocidos en extremo, desde que formaba parte de las tribus pol\u00edticas del Partido de la Revoluci\u00f3n Democr\u00e1tica (PRD) que le dio todo cuanto hasta ahora logr\u00f3.<\/span><\/p>\n<p class=\"p1\"><span style=\"font-size: 14pt;\">Incluso en su momento, encabez\u00f3 los destinos de ese instituto pol\u00edtico, aliado del entonces l\u00edder moral del PRD, Rogelio Franco Cast\u00e1n, quien siempre vel\u00f3 por \u00e9l, a pesar que esas mismas ambiciones desmedidas afirman lo hicieran literalmente separarse.<\/span><\/p>\n<p class=\"p1\"><span style=\"font-size: 14pt;\">Presidente Municipal de Camerino Z. Mendoza por el PRD, representante del PRD en el OPLE, legislador local por ese instituto pol\u00edtico del cual se separ\u00f3 para quedar como diputado local independiente, Rodr\u00edguez Cort\u00e9s, ha caminado siempre en el filo de la navaja.<\/span><\/p>\n<p class=\"p1\"><span style=\"font-size: 14pt;\">Se sabe que su paso por la alcald\u00eda de Camerino Z. Mendoza en el centro del estado de Veracruz, le abri\u00f3 las puertas para entablar extra\u00f1as relaciones de amistad, con \u201cGente non sancta\u201d,\u00a0por las que incluso se sabe, estuvo a punto de ser detenido en los tiempos del mismo gobernador Miguel \u00c1ngel Yunes Linares.<\/span><\/p>\n<p class=\"p1\"><span style=\"font-size: 14pt;\">Las carpetas de investigaci\u00f3n respecto a sus turbios negocios se acumulaban ya por cajas y era inminente que su rompimiento con el perredismo lo estaba llevando a ser presa f\u00e1cil de la impartici\u00f3n de la justicia al mero estilo juarista: \u201cA los amigos, justicia y gracia; a los enemigos, la ley a secas\u201d.<\/span><\/p>\n<p class=\"p1\"><span style=\"font-size: 14pt;\">Solo que cuando todo el operativo estuvo montado y el entonces Fiscal General del Estado, Jorge Winckler se trasladaba para detenerlo a la misma ciudad capital, una llamada del entonces Secretario de Gobierno, detuvo el operativo con la ven\u00eda del mismo Gobernador Yunes Linares.<\/span><\/p>\n<p class=\"p1\"><span style=\"font-size: 14pt;\">El mismo Franco Cast\u00e1n a quien Rodr\u00edguez Cort\u00e9s hab\u00eda traicionado, le salvaba de ser detenido. Con el tiempo, el hoy Procurador del Medio Ambiente, trabo nexos construidos en los tiempos del PRD con el ahora gobernador Cuitl\u00e1huac Garc\u00eda, quien lo sum\u00f3 al proyecto transformador de la 4T.<\/span><\/p>\n<p class=\"p1\"><span style=\"font-size: 14pt;\">As\u00ed desde su estad\u00eda en Morena, Rodr\u00edguez Cort\u00e9s ha sido de esas aves que van cruzando el pantano pol\u00edtico, dejando lamentablemente una amplia marca de se\u00f1alamientos y asuntos que llaman a la suspicacia.<\/span><\/p>\n<p class=\"p1\"><span style=\"font-size: 14pt;\">Primero abri\u00f3 un frente con las propietarias de un medio de circulaci\u00f3n estatal y con reconocimiento nacional por ser el Decano de la Prensa Nacional, en una de sus empresas dedicadas a los servicios funerarios bajo el argumento de no cumplir con las normas nacionales para el proceso de incineraci\u00f3n, soterrando con ello la verdadera raz\u00f3n, que era el no haber accedido a que un alto funcionario del Gabinete al m\u00e1s corriente estilo de Mauricio Garc\u00e9s aceptar\u00e1 sus escarceos galanescos y en son de venganza, arremeti\u00f3 por instrucciones del afamado personaje en dicha patra\u00f1a.<\/span><\/p>\n<p class=\"p1\"><span style=\"font-size: 14pt;\">Despu\u00e9s sufri\u00f3 la baja por atentado en contra de su segundo de abordo, Ernesto Cuevas Hern\u00e1ndez, subprocurador de Protecci\u00f3n al Medio Ambiente\u201d, extra\u00f1o personaje conocido en su regi\u00f3n como el Gallo Bolo, quien, junto con \u00e9l a su paso por el Congreso Local, cerraron filas y comenzaron a realizar negocios.\u00a0<a href=\"https:\/\/vanguardiaveracruz.com\/dos-detenidos-por-atentado-contra-el-subprocurador-de-medio-ambiente-gallo-bolo\/\">https:\/\/vanguardiaveracruz.com\/dos-detenidos-por-atentado-contra-el-subprocurador-de-medio-ambiente-gallo-bolo\/<\/a><\/span><\/p>\n<p class=\"p1\"><span style=\"font-size: 14pt;\">Las versiones de que el atentado obedeci\u00f3 a presuntos intentos de extorsi\u00f3n por parte de ambos funcionarios, fue literalmente descartada por las autoridades de la Fiscal\u00eda General del Estado (FGE), quien dio carpetazo al asunto, tras presentar la detenci\u00f3n de dos presuntos responsables materiales hoy tras las rejas.<\/span><\/p>\n<p class=\"p1\"><span style=\"font-size: 14pt;\">El velo de un manejo por dem\u00e1s pernicioso desde la PMA contin\u00fao flotando sobre el personaje.<\/span><\/p>\n<p class=\"p1\"><span style=\"font-size: 14pt;\">Ha sido tanto su inter\u00e9s por congraciarse con \u00e9l personaje que m\u00e1s da\u00f1o le ha hecho al Gobernador Cuitl\u00e1huac Garc\u00eda Jim\u00e9nez que tambi\u00e9n le abri\u00f3 un pleito con el vocero de la Arquidi\u00f3cesis de Xalapa, Jos\u00e9 Manuel Suazo, en el que literalmente le pidi\u00f3 quitarse la sotana para resolver las diferencias, cosa a la que el prelado cat\u00f3lico no accedi\u00f3.\u00a0<a href=\"https:\/\/www.elsoldeorizaba.com.mx\/local\/asi-atacan-desde-procuraduria-la-memoria-del-arzobispo-el-procurador-del-medio-ambiente-del-gobierno-del-estado-sergio-rodriguez-cortes-7681328.html\">https:\/\/www.elsoldeorizaba.com.mx\/local\/asi-atacan-desde-procuraduria-la-memoria-del-arzobispo-el-procurador-del-medio-ambiente-del-gobierno-del-estado-sergio-rodriguez-cortes-7681328.html<\/a><\/span><\/p>\n<p class=\"p1\"><span style=\"font-size: 14pt;\">Ahora, por si fuera poco, bajo todos esos antecedentes, el personaje tiene la responsabilidad, porque as\u00ed convenci\u00f3 al mandatario estatal de que pod\u00edan desaparecer el fideicomiso financiero con el que se manejaba y operaba el Acuario de Veracruz.<\/span><\/p>\n<p class=\"p1\"><span style=\"font-size: 14pt;\">Ese al que ni el gobernador Miguel Alem\u00e1n Velasco le pudo echar el guante, ni Fidel Herrera Beltr\u00e1n, ni el voraz e insaciable Javier Duarte de Ochoa, o el mismo Miguel \u00c1ngel Yunes Linares, lo resolvi\u00f3 as\u00ed de sencillito, con un decreto ya se\u00f1alado de ilegal.\u00a0<a href=\"https:\/\/xeu.mx\/veracruz\/1215628\/es-ilegal-y-puede-ser-anulado-el-decreto-que-extingue-el-fideicomiso-del-acuario-de-veracruz-abogado\">https:\/\/xeu.mx\/veracruz\/1215628\/es-ilegal-y-puede-ser-anulado-el-decreto-que-extingue-el-fideicomiso-del-acuario-de-veracruz-abogado<\/a><\/span><\/p>\n<p class=\"p1\"><span style=\"font-size: 14pt;\">El entramado de enredos en toda esta historia habr\u00e1 de perjudicar directamente al mismo Gobernador Garc\u00eda Jim\u00e9nez por haber incurrido en la comisi\u00f3n de delitos del orden penal y del fuero federal, cosa que como es evidente desconoce al ser Ingeniero Mec\u00e1nico El\u00e9ctrico y no jurista.<\/span><\/p>\n<p class=\"p1\"><span style=\"font-size: 14pt;\">Lo cierto es que el procurador del Medio Ambiente en Veracruz, confirma su habilidad para caer siempre parado de las maromas pol\u00edticas en que se mete, confirmando que es una extra\u00f1a especie dentro de esta fauna de animales pol\u00edticos que hacen pol\u00edtica en la entidad.<\/span><\/p>\n<p class=\"p1\"><span style=\"font-size: 14pt;\">Literal, sac\u00e1ndose la rifa del Tigre, le sabe dar la vuelta y engatusar al m\u00e1s bailado.<\/span><\/p>\n<p class=\"p1\"><strong><span style=\"font-size: 18pt;\">Al tiempo.<\/span><\/strong><\/p>\n<p>&nbsp;<\/p>\n<p class=\"p1\"><strong><span style=\"font-size: 18pt;\"><a href=\"mailto:astrolabiopoliticomx@gmail.com\">astrolabiopoliticomx@gmail.com<\/a><\/span><\/strong><\/p>\n<p class=\"p1\"><strong><span style=\"font-size: 18pt;\">Twitter: <a href=\"https:\/\/twitter.com\/LuisBaqueiro_mx\">@LuisBaqueiro_mx<\/a><\/span><\/strong><\/p>\n<p>&nbsp;<\/p>\n<p>&nbsp;<\/p>\n<p>&nbsp;<\/p>\n<p>&nbsp;<\/p>\n","protected":false},"excerpt":{"rendered":"<p>&nbsp; Por Luis Ram\u00edrez Baqueiro &nbsp; \u201cEl que ambiciona lo ajeno, pierde temprano lo propio\u201d\u00a0 \u2013\u00a0Fedro \u2013\u00a0 &nbsp; Sergio Rodr\u00edguez<\/p>\n","protected":false},"author":4,"featured_media":4390,"comment_status":"closed","ping_status":"closed","sticky":false,"template":"","format":"standard","meta":{"colormag_page_container_layout":"default_layout","colormag_page_sidebar_layout":"default_layout","_jetpack_memberships_contains_paid_content":false,"footnotes":"","jetpack_publicize_message":"","jetpack_publicize_feature_enabled":true,"jetpack_social_post_already_shared":true,"jetpack_social_options":{"image_generator_settings":{"template":"highway","default_image_id":0,"font":"","enabled":false},"version":2}},"categories":[26],"tags":[],"class_list":["post-5441","post","type-post","status-publish","format-standard","has-post-thumbnail","hentry","category-columnistas"],"jetpack_publicize_connections":[],"jetpack_featured_media_url":"https:\/\/i0.wp.com\/politicosaldesnudo.com.mx\/wp-content\/uploads\/2022\/04\/LUIS-RAMI%CC%81REZ-BAQUEIRO.png?fit=1816%2C1016&ssl=1","jetpack-related-posts":[],"jetpack_sharing_enabled":true,"_links":{"self":[{"href":"https:\/\/politicosaldesnudo.com.mx\/index.php\/wp-json\/wp\/v2\/posts\/5441","targetHints":{"allow":["GET"]}}],"collection":[{"href":"https:\/\/politicosaldesnudo.com.mx\/index.php\/wp-json\/wp\/v2\/posts"}],"about":[{"href":"https:\/\/politicosaldesnudo.com.mx\/index.php\/wp-json\/wp\/v2\/types\/post"}],"author":[{"embeddable":true,"href":"https:\/\/politicosaldesnudo.com.mx\/index.php\/wp-json\/wp\/v2\/users\/4"}],"replies":[{"embeddable":true,"href":"https:\/\/politicosaldesnudo.com.mx\/index.php\/wp-json\/wp\/v2\/comments?post=5441"}],"version-history":[{"count":0,"href":"https:\/\/politicosaldesnudo.com.mx\/index.php\/wp-json\/wp\/v2\/posts\/5441\/revisions"}],"wp:featuredmedia":[{"embeddable":true,"href":"https:\/\/politicosaldesnudo.com.mx\/index.php\/wp-json\/wp\/v2\/media\/4390"}],"wp:attachment":[{"href":"https:\/\/politicosaldesnudo.com.mx\/index.php\/wp-json\/wp\/v2\/media?parent=5441"}],"wp:term":[{"taxonomy":"category","embeddable":true,"href":"https:\/\/politicosaldesnudo.com.mx\/index.php\/wp-json\/wp\/v2\/categories?post=5441"},{"taxonomy":"post_tag","embeddable":true,"href":"https:\/\/politicosaldesnudo.com.mx\/index.php\/wp-json\/wp\/v2\/tags?post=5441"}],"curies":[{"name":"wp","href":"https:\/\/api.w.org\/{rel}","templated":true}]}}