{"id":54435,"date":"2025-01-15T00:17:07","date_gmt":"2025-01-15T06:17:07","guid":{"rendered":"https:\/\/politicosaldesnudo.com.mx\/?p=54435"},"modified":"2025-01-14T23:39:28","modified_gmt":"2025-01-15T05:39:28","slug":"el-canal-seguira-en-manos-de-panama-responde-secretario-de-la-omi-a-trump","status":"publish","type":"post","link":"https:\/\/politicosaldesnudo.com.mx\/index.php\/2025\/01\/15\/el-canal-seguira-en-manos-de-panama-responde-secretario-de-la-omi-a-trump\/","title":{"rendered":"El canal \u00abseguir\u00e1\u00bb en manos de Panam\u00e1, responde secretario de la OMI a Trump"},"content":{"rendered":"<p>El secretario general de la Organizaci\u00f3n Mar\u00edtima Internacional (OMI), el paname\u00f1o Arsenio Dom\u00ednguez, afirm\u00f3 este martes a AFP que el canal \u00abseguir\u00e1\u00bb en manos de Panam\u00e1, en respuesta al pr\u00f3ximo presidente de Estados Unidos, Donald Trump, .<\/p>\n<p>\u00abEsto no es a nivel de secretario general, ya que no es algo que se regula dentro de la organizaci\u00f3n, pero para m\u00ed est\u00e1 muy claro y no es un tema de tanta conversaci\u00f3n, porque los tratados fueron firmados en 1977. El canal pas\u00f3 a manos de Panam\u00e1, que sigue operando esta vital v\u00eda acu\u00e1tica y seguir\u00e1 de esa forma\u00bb, afirm\u00f3 Dom\u00ednguez.<\/p>\n<p>&nbsp;<\/p>\n","protected":false},"excerpt":{"rendered":"<p>El secretario general de la Organizaci\u00f3n Mar\u00edtima Internacional (OMI), el paname\u00f1o Arsenio Dom\u00ednguez, afirm\u00f3 este martes a AFP que el<\/p>\n","protected":false},"author":4,"featured_media":54436,"comment_status":"closed","ping_status":"closed","sticky":false,"template":"","format":"standard","meta":{"colormag_page_container_layout":"default_layout","colormag_page_sidebar_layout":"default_layout","_jetpack_memberships_contains_paid_content":false,"footnotes":"","jetpack_publicize_message":"","jetpack_publicize_feature_enabled":true,"jetpack_social_post_already_shared":false,"jetpack_social_options":{"image_generator_settings":{"template":"highway","default_image_id":0,"font":"","enabled":false},"version":2}},"categories":[28],"tags":[],"class_list":["post-54435","post","type-post","status-publish","format-standard","has-post-thumbnail","hentry","category-internacional"],"jetpack_publicize_connections":[],"jetpack_featured_media_url":"https:\/\/i0.wp.com\/politicosaldesnudo.com.mx\/wp-content\/uploads\/2025\/01\/pan-1.jpg?fit=616%2C379&ssl=1","jetpack-related-posts":[],"jetpack_sharing_enabled":true,"_links":{"self":[{"href":"https:\/\/politicosaldesnudo.com.mx\/index.php\/wp-json\/wp\/v2\/posts\/54435","targetHints":{"allow":["GET"]}}],"collection":[{"href":"https:\/\/politicosaldesnudo.com.mx\/index.php\/wp-json\/wp\/v2\/posts"}],"about":[{"href":"https:\/\/politicosaldesnudo.com.mx\/index.php\/wp-json\/wp\/v2\/types\/post"}],"author":[{"embeddable":true,"href":"https:\/\/politicosaldesnudo.com.mx\/index.php\/wp-json\/wp\/v2\/users\/4"}],"replies":[{"embeddable":true,"href":"https:\/\/politicosaldesnudo.com.mx\/index.php\/wp-json\/wp\/v2\/comments?post=54435"}],"version-history":[{"count":0,"href":"https:\/\/politicosaldesnudo.com.mx\/index.php\/wp-json\/wp\/v2\/posts\/54435\/revisions"}],"wp:featuredmedia":[{"embeddable":true,"href":"https:\/\/politicosaldesnudo.com.mx\/index.php\/wp-json\/wp\/v2\/media\/54436"}],"wp:attachment":[{"href":"https:\/\/politicosaldesnudo.com.mx\/index.php\/wp-json\/wp\/v2\/media?parent=54435"}],"wp:term":[{"taxonomy":"category","embeddable":true,"href":"https:\/\/politicosaldesnudo.com.mx\/index.php\/wp-json\/wp\/v2\/categories?post=54435"},{"taxonomy":"post_tag","embeddable":true,"href":"https:\/\/politicosaldesnudo.com.mx\/index.php\/wp-json\/wp\/v2\/tags?post=54435"}],"curies":[{"name":"wp","href":"https:\/\/api.w.org\/{rel}","templated":true}]}}