{"id":54438,"date":"2025-01-15T00:18:06","date_gmt":"2025-01-15T06:18:06","guid":{"rendered":"https:\/\/politicosaldesnudo.com.mx\/?p=54438"},"modified":"2025-01-14T23:41:29","modified_gmt":"2025-01-15T05:41:29","slug":"ministro-frances-propone-renegociar-reforma-de-las-pensiones-impuesta-por-macron","status":"publish","type":"post","link":"https:\/\/politicosaldesnudo.com.mx\/index.php\/2025\/01\/15\/ministro-frances-propone-renegociar-reforma-de-las-pensiones-impuesta-por-macron\/","title":{"rendered":"Ministro franc\u00e9s propone renegociar reforma de las pensiones impuesta por Macron"},"content":{"rendered":"<p>El primer ministro franc\u00e9s, el centrista Fran\u00e7ois Bayrou, propuso este martes renegociar la impopular reforma de las pensiones del presidente Emmanuel Macron, en una mano tendida a la oposici\u00f3n de izquierda para evitar una r\u00e1pida ca\u00edda de su gobierno.<\/p>\n<p>El anuncio rompe una l\u00ednea roja del oficialismo que hasta ahora rechazaba reabrir esta reforma clave, que Macron impuso en 2023 por decreto pese a las protestas masivas, la oposici\u00f3n de los principales sindicatos y sin votaci\u00f3n en el Parlamento.<\/p>\n<p>Pero la profunda crisis pol\u00edtica desde las elecciones legislativas anticipadas de 2024 y la situaci\u00f3n econ\u00f3mica, con unos niveles de d\u00e9ficit y deuda p\u00fablicos por encima de los l\u00edmites de la zona euro, motivaron a Bayrou a dar el paso para \u00abrecuperar la estabilidad\u00bb.<\/p>\n<p>\u00abPodemos buscar una nueva v\u00eda de reforma, sin t\u00f3tems ni tab\u00faes, ni siquiera la edad de jubilaci\u00f3n &#8211;los famosos 64 a\u00f1os&#8211; a condici\u00f3n\u00bb de no socavar el \u00abequilibrio financiero\u00bb, anunci\u00f3 Bayrou, de 73 a\u00f1os, en su Declaraci\u00f3n de Pol\u00edtica General ante el Parlamento.<\/p>\n<p>Al frente de un gobierno sin mayor\u00eda que re\u00fane a la alianza centroderechista de Macron y al partido conservador Los Republicanos (LR), el objetivo del primer ministro es convencer a los socialistas para que no apoyen una moci\u00f3n de censura y garantizarse su supervivencia.<\/p>\n<p>Los socialistas, que concurrieron a las legislativas en el seno de la coalici\u00f3n Nuevo Frente Popular (NFP) con otros partidos de izquierda, hicieron campa\u00f1a por la derogaci\u00f3n de la reforma de las pensiones y hab\u00edan reclamado a Bayrou al menos su suspensi\u00f3n temporal.<\/p>\n<p>El primer ministro lo rechaz\u00f3, pero acept\u00f3 renegociarla \u00abcon los interlocutores sociales\u00bb a partir del viernes y durante tres meses para buscar una alternativa al retraso de la edad de jubilaci\u00f3n de 62 a 64 a\u00f1os que respete el \u00abequilibrio financiero\u00bb.<\/p>\n<p>Pero el aliado hist\u00f3rico de Macron advirti\u00f3: Si no se logra \u00abun acuerdo que sea equilibrado y m\u00e1s justo\u00bb, \u00abla reforma actual seguir\u00e1 aplic\u00e1ndose\u00bb.<\/p>\n<p>\u00abLas cuentas no salen\u00bb, respondi\u00f3 el vocero socialista en la Asamblea Nacional (c\u00e1mara baja), Boris Vallaud, quien celebr\u00f3 las discusiones pero rechaz\u00f3 que se vuelva \u00aba la ley anterior\u00bb si no se logra un acuerdo.<\/p>\n","protected":false},"excerpt":{"rendered":"<p>El primer ministro franc\u00e9s, el centrista Fran\u00e7ois Bayrou, propuso este martes renegociar la impopular reforma de las pensiones del presidente<\/p>\n","protected":false},"author":4,"featured_media":54439,"comment_status":"closed","ping_status":"closed","sticky":false,"template":"","format":"standard","meta":{"colormag_page_container_layout":"default_layout","colormag_page_sidebar_layout":"default_layout","_jetpack_memberships_contains_paid_content":false,"footnotes":"","jetpack_publicize_message":"","jetpack_publicize_feature_enabled":true,"jetpack_social_post_already_shared":false,"jetpack_social_options":{"image_generator_settings":{"template":"highway","default_image_id":0,"font":"","enabled":false},"version":2}},"categories":[28],"tags":[],"class_list":["post-54438","post","type-post","status-publish","format-standard","has-post-thumbnail","hentry","category-internacional"],"jetpack_publicize_connections":[],"jetpack_featured_media_url":"https:\/\/i0.wp.com\/politicosaldesnudo.com.mx\/wp-content\/uploads\/2025\/01\/fr.jpg?fit=775%2C465&ssl=1","jetpack-related-posts":[],"jetpack_sharing_enabled":true,"_links":{"self":[{"href":"https:\/\/politicosaldesnudo.com.mx\/index.php\/wp-json\/wp\/v2\/posts\/54438","targetHints":{"allow":["GET"]}}],"collection":[{"href":"https:\/\/politicosaldesnudo.com.mx\/index.php\/wp-json\/wp\/v2\/posts"}],"about":[{"href":"https:\/\/politicosaldesnudo.com.mx\/index.php\/wp-json\/wp\/v2\/types\/post"}],"author":[{"embeddable":true,"href":"https:\/\/politicosaldesnudo.com.mx\/index.php\/wp-json\/wp\/v2\/users\/4"}],"replies":[{"embeddable":true,"href":"https:\/\/politicosaldesnudo.com.mx\/index.php\/wp-json\/wp\/v2\/comments?post=54438"}],"version-history":[{"count":0,"href":"https:\/\/politicosaldesnudo.com.mx\/index.php\/wp-json\/wp\/v2\/posts\/54438\/revisions"}],"wp:featuredmedia":[{"embeddable":true,"href":"https:\/\/politicosaldesnudo.com.mx\/index.php\/wp-json\/wp\/v2\/media\/54439"}],"wp:attachment":[{"href":"https:\/\/politicosaldesnudo.com.mx\/index.php\/wp-json\/wp\/v2\/media?parent=54438"}],"wp:term":[{"taxonomy":"category","embeddable":true,"href":"https:\/\/politicosaldesnudo.com.mx\/index.php\/wp-json\/wp\/v2\/categories?post=54438"},{"taxonomy":"post_tag","embeddable":true,"href":"https:\/\/politicosaldesnudo.com.mx\/index.php\/wp-json\/wp\/v2\/tags?post=54438"}],"curies":[{"name":"wp","href":"https:\/\/api.w.org\/{rel}","templated":true}]}}