{"id":54453,"date":"2025-01-16T00:01:26","date_gmt":"2025-01-16T06:01:26","guid":{"rendered":"https:\/\/politicosaldesnudo.com.mx\/?p=54453"},"modified":"2025-01-15T21:38:20","modified_gmt":"2025-01-16T03:38:20","slug":"reanuda-actividades-el-movimiento-social","status":"publish","type":"post","link":"https:\/\/politicosaldesnudo.com.mx\/index.php\/2025\/01\/16\/reanuda-actividades-el-movimiento-social\/","title":{"rendered":"Reanuda actividades el Movimiento Social"},"content":{"rendered":"<p>En un ambiente festivo y lleno de color, el Movimiento Social por Tuxpan, reanud\u00f3 sus actividades festejando a los peque\u00f1os con motivo de Reyes Magos, llevando alegr\u00eda a los ni\u00f1os de la Colonia Ruiz Cortines con una celebraci\u00f3n especial.<\/p>\n<p>Cientos de peque\u00f1os disfrutaron de una tarde m\u00e1gica, recibiendo juguetes, dulces y rompiendo pi\u00f1atas, esta iniciativa, que se ha convertido en una tradici\u00f3n para la agrupaci\u00f3n, busca fomentar la uni\u00f3n familiar y llevar un poco de felicidad a los m\u00e1s peque\u00f1os, as\u00ed lo coment\u00f3 su presidente Rogelio Abrego Hern\u00e1ndez.<\/p>\n<p>El entrevistado destac\u00f3 que este tipo de actividades son parte del compromiso social que tienen con la comunidad, a trav\u00e9s de la gesti\u00f3n de varias actividades en diferentes rubros.<\/p>\n<p>\u00abEstamos reiniciando las diversas acciones en beneficio de los habitantes como jornadas m\u00e9dicas gratuitas, donde ofrecemos consultas y medicamentos, adem\u00e1s de los festejos de Reyes Magos, que vamos llevando a diversas colonias y comunidades\u201d, se\u00f1al\u00f3.<\/p>\n<p>Al ser cuestionado sobre los planes a futuro, asegur\u00f3 que seguir\u00e1n trabajando arduamente para mejorar la calidad de vida de los habitantes del municipio, enfoc\u00e1ndose en \u00e1reas como la salud, educaci\u00f3n y el desarrollo comunitario y aprovech\u00f3 para aclarar que estas actividades son sin fines de lucro y tras negar que se haya registrado para alg\u00fan cargo de elecci\u00f3n popular.<\/p>\n","protected":false},"excerpt":{"rendered":"<p>En un ambiente festivo y lleno de color, el Movimiento Social por Tuxpan, reanud\u00f3 sus actividades festejando a los peque\u00f1os<\/p>\n","protected":false},"author":4,"featured_media":54454,"comment_status":"closed","ping_status":"closed","sticky":false,"template":"","format":"standard","meta":{"colormag_page_container_layout":"default_layout","colormag_page_sidebar_layout":"default_layout","_jetpack_memberships_contains_paid_content":false,"footnotes":"","jetpack_publicize_message":"","jetpack_publicize_feature_enabled":true,"jetpack_social_post_already_shared":false,"jetpack_social_options":{"image_generator_settings":{"template":"highway","default_image_id":0,"font":"","enabled":false},"version":2}},"categories":[1082],"tags":[],"class_list":["post-54453","post","type-post","status-publish","format-standard","has-post-thumbnail","hentry","category-tuxpan"],"jetpack_publicize_connections":[],"jetpack_featured_media_url":"https:\/\/i0.wp.com\/politicosaldesnudo.com.mx\/wp-content\/uploads\/2025\/01\/5c-6.jpg?fit=911%2C774&ssl=1","jetpack-related-posts":[],"jetpack_sharing_enabled":true,"_links":{"self":[{"href":"https:\/\/politicosaldesnudo.com.mx\/index.php\/wp-json\/wp\/v2\/posts\/54453","targetHints":{"allow":["GET"]}}],"collection":[{"href":"https:\/\/politicosaldesnudo.com.mx\/index.php\/wp-json\/wp\/v2\/posts"}],"about":[{"href":"https:\/\/politicosaldesnudo.com.mx\/index.php\/wp-json\/wp\/v2\/types\/post"}],"author":[{"embeddable":true,"href":"https:\/\/politicosaldesnudo.com.mx\/index.php\/wp-json\/wp\/v2\/users\/4"}],"replies":[{"embeddable":true,"href":"https:\/\/politicosaldesnudo.com.mx\/index.php\/wp-json\/wp\/v2\/comments?post=54453"}],"version-history":[{"count":0,"href":"https:\/\/politicosaldesnudo.com.mx\/index.php\/wp-json\/wp\/v2\/posts\/54453\/revisions"}],"wp:featuredmedia":[{"embeddable":true,"href":"https:\/\/politicosaldesnudo.com.mx\/index.php\/wp-json\/wp\/v2\/media\/54454"}],"wp:attachment":[{"href":"https:\/\/politicosaldesnudo.com.mx\/index.php\/wp-json\/wp\/v2\/media?parent=54453"}],"wp:term":[{"taxonomy":"category","embeddable":true,"href":"https:\/\/politicosaldesnudo.com.mx\/index.php\/wp-json\/wp\/v2\/categories?post=54453"},{"taxonomy":"post_tag","embeddable":true,"href":"https:\/\/politicosaldesnudo.com.mx\/index.php\/wp-json\/wp\/v2\/tags?post=54453"}],"curies":[{"name":"wp","href":"https:\/\/api.w.org\/{rel}","templated":true}]}}