{"id":5447,"date":"2022-05-18T06:15:02","date_gmt":"2022-05-18T11:15:02","guid":{"rendered":"https:\/\/politicosaldesnudo.com.mx\/?p=5447"},"modified":"2022-05-18T06:15:02","modified_gmt":"2022-05-18T11:15:02","slug":"el-acuario-de-los-peces-gordos","status":"publish","type":"post","link":"https:\/\/politicosaldesnudo.com.mx\/index.php\/2022\/05\/18\/el-acuario-de-los-peces-gordos\/","title":{"rendered":"El acuario de los peces gordos"},"content":{"rendered":"<p class=\"p2\">\n<p class=\"p2\"><strong><span style=\"font-size: 18pt;\">Por Jos\u00e9 Garc\u00eda S\u00e1nchez<\/span><\/strong><\/p>\n<p class=\"p2\"><span style=\"font-size: 14pt;\">Con el retiro de la <strong>concesi\u00f3n del Acuario de Veracruz<\/strong>,\u00a0que alberga\u00a0<strong>3 mil 258 ejemplares de alrededor de 170 especies<\/strong>,\u00a0al <strong>fideicomiso en manos de particulares se muestra que el pago de 170 pesos por entrada no era suficiente para su mantenimiento<\/strong> y as\u00ed <strong>justificaban la mercantilizaci\u00f3n de un espacio<\/strong> donde no pude realizarse eventos con m\u00fasica viva, menos a\u00fan con mariachis, como se hizo en varias ocasiones.<\/span><\/p>\n<p class=\"p2\"><span style=\"font-size: 18pt;\"><strong>Hay especie marinas muy delicadas, para otros el ruido y las luces son mortal, la aglomeraci\u00f3n de personas es malo para el sistema nervioso de otros. No podemos decir que se hayan entrenado para resistir la estridencia de m\u00fasica ni la presencia de gente tomada a su alrededor; sin embargo, el Acuario de Veracruz, inaugurado el 14 de diciembre de 1992, en lugar de proteger las especies la sacrifican. Hasta los aniversarios del acuario lo celebran con mariachis.<\/strong><\/span><\/p>\n<p>&nbsp;<\/p>\n<p><img data-recalc-dims=\"1\" loading=\"lazy\" decoding=\"async\" class=\"aligncenter wp-image-5448 size-large\" src=\"https:\/\/i0.wp.com\/politicosaldesnudo.com.mx\/wp-content\/uploads\/2022\/05\/P-ACUARIO1-1024x573.png?resize=800%2C448&#038;ssl=1\" alt=\"\" width=\"800\" height=\"448\" srcset=\"https:\/\/i0.wp.com\/politicosaldesnudo.com.mx\/wp-content\/uploads\/2022\/05\/P-ACUARIO1.png?resize=1024%2C573&amp;ssl=1 1024w, https:\/\/i0.wp.com\/politicosaldesnudo.com.mx\/wp-content\/uploads\/2022\/05\/P-ACUARIO1.png?resize=300%2C168&amp;ssl=1 300w, https:\/\/i0.wp.com\/politicosaldesnudo.com.mx\/wp-content\/uploads\/2022\/05\/P-ACUARIO1.png?resize=768%2C430&amp;ssl=1 768w, https:\/\/i0.wp.com\/politicosaldesnudo.com.mx\/wp-content\/uploads\/2022\/05\/P-ACUARIO1.png?resize=1536%2C859&amp;ssl=1 1536w, https:\/\/i0.wp.com\/politicosaldesnudo.com.mx\/wp-content\/uploads\/2022\/05\/P-ACUARIO1.png?w=1816&amp;ssl=1 1816w, https:\/\/i0.wp.com\/politicosaldesnudo.com.mx\/wp-content\/uploads\/2022\/05\/P-ACUARIO1.png?w=1600&amp;ssl=1 1600w\" sizes=\"auto, (max-width: 800px) 100vw, 800px\" \/><\/p>\n<p>&nbsp;<\/p>\n<p class=\"p2\"><span style=\"font-size: 14pt;\">El<strong> primer administrador del acuario fue el hermano del comentarista pol\u00edtico de ultraderecha Luis Pazos de la Torre<\/strong>, o sea Baltazar, de los mismos apellidos.<strong> Luis Pazos fue diputado federal por el PAN<\/strong> de 2003 a 2006, durante el sexenio de Vicente Fox, y director general de Obras y servicios P\u00fablicos, cargo que deja Calder\u00f3n para ocupar la presidencia de la Rep\u00fablica, y de inmediato lo ocupa Pazos para cubrirle las espaldas. <strong>Durante el sexenio de Enrique Pe\u00f1a Nieto fue presidente de la Comisi\u00f3n Nacional para la Protecci\u00f3n y defensa de los Usuarios Financieros, todo un especialista en la actividad bancaria<\/strong>, tema que desarrolla en varios de sus libros desde una postura conservadora.\u00a0<strong>Actualmente es Director del Centro de Investigaciones Sobre la Libre Empresa, A.C.<\/strong><\/span><\/p>\n<p class=\"p2\"><strong><span style=\"font-size: 18pt;\">El 27 de diciembre de 2019, el gobierno del estado env\u00eda un extra\u00f1amiento, que a la letra dice: \u201cLamentamos el manejo del Acuario de Veracruz, con intereses particulares. Revisaremos el reglamento que lo opera y responsabilidades del Consejo de administraci\u00f3n privado\u201d.<\/span><\/strong><\/p>\n<p class=\"p2\"><span style=\"font-size: 14pt;\"><strong>Ah\u00ed los \u201chambrientalistas\u201d que brotan del fango de la far\u00e1ndula ahora no dijeron nada<\/strong>. La <strong>exhaustiva comercializaci\u00f3n del espacio en manos del fideicomiso, donde estuvo implicado Inbursa<\/strong>. Los abusos fueron tanto que no debe extra\u00f1ar su apropiaci\u00f3n sino la tolerancia de las autoridades, la cual nunca fue tomada en cuenta por la mayor\u00eda de los medios tradicionales de Veracruz, que de inmediato asociaron la acci\u00f3n de la Procuradur\u00eda Estatal de Protecci\u00f3n al Medio Ambiente, con la expropiaci\u00f3n de medios de producci\u00f3n que, seg\u00fan ellos, identifica al socialismo entre sus normas econ\u00f3micas.<span style=\"font-size: 18pt;\"><strong> Es decir, consideran todav\u00eda que hay alg\u00fan pa\u00eds en el mundo que quita un carro si tienes dos o una casa si tienes m\u00e1s. Ahora no se las han podido quitar ni a Alejandro Moreno C\u00e1rdenas, l\u00edder nacional del PRI, que tiene m\u00e1s casas que un magnate.<\/strong><\/span><\/span><\/p>\n<p class=\"p2\"><span style=\"font-size: 14pt;\">As\u00ed, las protestas de los medios sorprendieron a los veracruzanos quienes conocen muy bien el fin que el dieron los directivos del fideicomiso, que se promov\u00eda m\u00e1s como sal\u00f3n de fiestas que como centro educativo, lo cual causaba da\u00f1o a las especies en exhibici\u00f3n y algunas veces, la muerte. <strong>Muri\u00f3 un manat\u00ed a causa del ruido y los flashes de las c\u00e1maras y luces de las fiestas en uno de los eventos sociales para los que alquilaron el acuario, quisieron ocultar el problema quemando el cuerpo, pero su incineraci\u00f3n completa no fue posible.<\/strong><\/span><\/p>\n<p class=\"p2\"><strong><span style=\"font-size: 18pt;\">Lo que s\u00ed sorprende es el hecho de que el chiapaneco, el ex perredista Sergio Rodr\u00edguez Cort\u00e9s, encabece la Procuradur\u00eda Estatal de Protecci\u00f3n al Medio Ambiente, cuya trayectoria no es muy clara ni transparente.<\/span><\/strong><\/p>\n<p class=\"p2\"><span style=\"font-size: 14pt;\">Desde luego que no se afect\u00f3 s\u00f3lo a los miembros del fideicomiso que hab\u00edan adoptado el acuario como su sal\u00f3n de fiestas particular, sino a los comercios alrededor del acuario. Seguramente les afecta el cierre temporal, pero tambi\u00e9n es seguro que no les cay\u00f3 de sorpresa porque los excesos estaban a la vista de todos.<\/span><\/p>\n<p class=\"p2\"><span style=\"font-size: 18pt;\"><strong>Desde la renta del espacio para fiestas hasta el dinero de las fotograf\u00edas que se tomaban los visitantes no estaban registrados oficialmente y nunca dieron cuenta a la autoridad de esos ingresos al Acuario de Veracruz. El Comit\u00e9 mantiene en la opacidad el uso y destino de los ingresos obtenidos por cuotas de visitantes y contratos mercantiles.<\/strong><\/span><\/p>\n<p class=\"p2\"><span style=\"font-size: 18pt;\"><strong>Se sab\u00eda en los medios los siguiente: \u201cEl m\u00e1s reciente informe de medici\u00f3n de transparencia gubernamental, presentado por el\u00a0INAI\u00a0y el\u00a0Centro de Investigaci\u00f3n y Docencia Econ\u00f3micas, revel\u00f3 que el\u00a0Fideicomiso de Administraci\u00f3n denominado \u201cAcuario de Veracruz\u201d, tiene bajo desempe\u00f1o en materia de transparencia y participaci\u00f3n ciudadana\u201d.<\/strong><\/span><\/p>\n<p class=\"p2\"><span style=\"font-size: 14pt;\">De acuerdo con la evaluaci\u00f3n, este Fideicomiso, se\u00f1ala esta autoridad,\u00a0no cuenta con apertura para el acceso a la informaci\u00f3n, datos abiertos, transparencia y medios\u00a0para la atenci\u00f3n ciudadana.<\/span><\/p>\n<p class=\"p2\"><span style=\"font-size: 18pt;\"><strong>El Fideicomiso nunca inform\u00f3 sobre contratos de obras, bienes y servicios, las modificaciones a su contrato constitutivo, as\u00ed como el monto, uso y destino del patrimonio.<\/strong><\/span><\/p>\n<p class=\"p2\"><span style=\"font-size: 18pt;\"><strong>Reporta que el ingreso por concepto de donaciones de origen privado, fue de 114 millones 470 mil 031 pesos; y el monto anual de rendimiento de inversiones realizadas fue de 2 millones 351 mil 544.08 pesos. Todo esto con la anuencia y complicidad de las autoridades municipales encabezadas por Patricia Lobeira Rodr\u00edguez, esposa de\u00a0Miguel \u00c1ngel Yunes M\u00e1rquez, hijo de Miguel \u00c1ngel Yunes Linares, quien fuera gobernador de Veracruz dos a\u00f1os. Todos panistas.<\/strong><\/span><\/p>\n<p class=\"p2\"><span style=\"font-size: 14pt;\">El\u00a0Comit\u00e9 T\u00e9cnico del Acuario de Veracruz\u00a0se encontraba integrado por\u00a0Jaime Rivero Mantec\u00f3n,\u00a0presidente y\u00a0Jos\u00e9 Arturo Hern\u00e1ndez Mier, secretario t\u00e9cnico y responsable operativo.<\/span><\/p>\n<p class=\"p2\"><span style=\"font-size: 14pt;\">Ahora habr\u00e1 m\u00e1s vinculaci\u00f3n con la sociedad, se cuidar\u00e1 la fauna tal y como rigen las atribuciones de acuario y un d\u00eda a la semana habr\u00e1 entrada libre.<\/span><\/p>\n<p class=\"p2\"><span style=\"font-size: 14pt;\"><strong>Este caso muestra algo m\u00e1s que el PAN tiene en sus manos gran parte de los medios de informaci\u00f3n<\/strong>, ya sea porque son propietarios, due\u00f1os o mecenas de los due\u00f1os, lo peor es que a pesar de que los veracruzanos lo saben, siguen crey\u00e9ndoles.<\/span><\/p>\n<p>&nbsp;<\/p>\n<p>&nbsp;<\/p>\n<p><strong><span style=\"font-size: 18pt;\">Twitter: <a href=\"https:\/\/twitter.com\/Josangasa3\">@Josangasa3<\/a><\/span><\/strong><\/p>\n<p>&nbsp;<\/p>\n<p>&nbsp;<\/p>\n<p>&nbsp;<\/p>\n<p>&nbsp;<\/p>\n","protected":false},"excerpt":{"rendered":"<p>Por Jos\u00e9 Garc\u00eda S\u00e1nchez Con el retiro de la concesi\u00f3n del Acuario de Veracruz,\u00a0que alberga\u00a03 mil 258 ejemplares de alrededor<\/p>\n","protected":false},"author":4,"featured_media":3934,"comment_status":"closed","ping_status":"closed","sticky":false,"template":"","format":"standard","meta":{"colormag_page_container_layout":"default_layout","colormag_page_sidebar_layout":"default_layout","_jetpack_memberships_contains_paid_content":false,"footnotes":"","jetpack_publicize_message":"","jetpack_publicize_feature_enabled":true,"jetpack_social_post_already_shared":true,"jetpack_social_options":{"image_generator_settings":{"template":"highway","default_image_id":0,"font":"","enabled":false},"version":2}},"categories":[26],"tags":[764,765,103],"class_list":["post-5447","post","type-post","status-publish","format-standard","has-post-thumbnail","hentry","category-columnistas","tag-acuario-de-veracruz","tag-fideicomiso","tag-pan"],"jetpack_publicize_connections":[],"jetpack_featured_media_url":"https:\/\/i0.wp.com\/politicosaldesnudo.com.mx\/wp-content\/uploads\/2022\/04\/JOSE%CC%81-GARCI%CC%81A.png?fit=1816%2C1016&ssl=1","jetpack-related-posts":[],"jetpack_sharing_enabled":true,"_links":{"self":[{"href":"https:\/\/politicosaldesnudo.com.mx\/index.php\/wp-json\/wp\/v2\/posts\/5447","targetHints":{"allow":["GET"]}}],"collection":[{"href":"https:\/\/politicosaldesnudo.com.mx\/index.php\/wp-json\/wp\/v2\/posts"}],"about":[{"href":"https:\/\/politicosaldesnudo.com.mx\/index.php\/wp-json\/wp\/v2\/types\/post"}],"author":[{"embeddable":true,"href":"https:\/\/politicosaldesnudo.com.mx\/index.php\/wp-json\/wp\/v2\/users\/4"}],"replies":[{"embeddable":true,"href":"https:\/\/politicosaldesnudo.com.mx\/index.php\/wp-json\/wp\/v2\/comments?post=5447"}],"version-history":[{"count":0,"href":"https:\/\/politicosaldesnudo.com.mx\/index.php\/wp-json\/wp\/v2\/posts\/5447\/revisions"}],"wp:featuredmedia":[{"embeddable":true,"href":"https:\/\/politicosaldesnudo.com.mx\/index.php\/wp-json\/wp\/v2\/media\/3934"}],"wp:attachment":[{"href":"https:\/\/politicosaldesnudo.com.mx\/index.php\/wp-json\/wp\/v2\/media?parent=5447"}],"wp:term":[{"taxonomy":"category","embeddable":true,"href":"https:\/\/politicosaldesnudo.com.mx\/index.php\/wp-json\/wp\/v2\/categories?post=5447"},{"taxonomy":"post_tag","embeddable":true,"href":"https:\/\/politicosaldesnudo.com.mx\/index.php\/wp-json\/wp\/v2\/tags?post=5447"}],"curies":[{"name":"wp","href":"https:\/\/api.w.org\/{rel}","templated":true}]}}