{"id":54480,"date":"2025-01-16T00:10:35","date_gmt":"2025-01-16T06:10:35","guid":{"rendered":"https:\/\/politicosaldesnudo.com.mx\/?p=54480"},"modified":"2025-01-15T22:44:03","modified_gmt":"2025-01-16T04:44:03","slug":"venezuela-cerro-2024-con-inflacion-de-48-pondera-maduro","status":"publish","type":"post","link":"https:\/\/politicosaldesnudo.com.mx\/index.php\/2025\/01\/16\/venezuela-cerro-2024-con-inflacion-de-48-pondera-maduro\/","title":{"rendered":"Venezuela cerr\u00f3 2024 con inflaci\u00f3n de 48%, pondera Maduro"},"content":{"rendered":"<p>El presidente de Venezuela, Nicol\u00e1s Maduro, asegur\u00f3 el mi\u00e9rcoles que la econom\u00eda nacional registr\u00f3 una inflaci\u00f3n anualizada que se ubic\u00f3 en 48 por ciento en 2024, la m\u00e1s baja de los \u00faltimos 12 a\u00f1os.<\/p>\n<p>\u201cNosotros, anualizados, estamos teniendo la inflaci\u00f3n m\u00e1s baja en los \u00faltimos 12 a\u00f1os, que es del 48 por ciento en 2024, y es una inflaci\u00f3n sustentada en una pol\u00edtica econ\u00f3mica productiva, de equilibrio\u201d, expres\u00f3 Maduro durante la presentaci\u00f3n de su mensaje anual a la naci\u00f3n.<\/p>\n<p>Maduro ofreci\u00f3 esta declaraci\u00f3n desde el teatro Teresa Carre\u00f1o ubicado en el centro de la capital venezolana, en presencia de diputados de la Asamblea Nacional, autoridades del Tribunal Supremo, miembros de la direcci\u00f3n del gobernante Partido Socialista Unido de Venezuela (PSUV) y movimientos y organizaciones sociales de todo el pa\u00eds.<\/p>\n<p>\u201cEl a\u00f1o 2023 hab\u00edamos tenido 190 por ciento, ven\u00edamos venciendo la inflaci\u00f3n, venimos de 130 mil por ciento anualizada, luego 190 en el a\u00f1o 2023, 48 por ciento este a\u00f1o (\u2026) vencida la inflaci\u00f3n, controlada la inflaci\u00f3n, ahora a derrotarla completamente, con producci\u00f3n, con pol\u00edticas econ\u00f3micas correctas\u201d, subray\u00f3 Maduro.<\/p>\n<p>En su discurso, el presidente tambi\u00e9n detall\u00f3 los avances del pa\u00eds en los aspectos pol\u00edticos, sociales y administrativos de su gesti\u00f3n durante el 2024.<\/p>\n<p>Entre ellos, recalc\u00f3 el crecimiento de la econom\u00eda, el cual atribuy\u00f3 al incremento de la producci\u00f3n nacional.<\/p>\n","protected":false},"excerpt":{"rendered":"<p>El presidente de Venezuela, Nicol\u00e1s Maduro, asegur\u00f3 el mi\u00e9rcoles que la econom\u00eda nacional registr\u00f3 una inflaci\u00f3n anualizada que se ubic\u00f3<\/p>\n","protected":false},"author":4,"featured_media":54481,"comment_status":"closed","ping_status":"closed","sticky":false,"template":"","format":"standard","meta":{"colormag_page_container_layout":"default_layout","colormag_page_sidebar_layout":"default_layout","_jetpack_memberships_contains_paid_content":false,"footnotes":"","jetpack_publicize_message":"","jetpack_publicize_feature_enabled":true,"jetpack_social_post_already_shared":false,"jetpack_social_options":{"image_generator_settings":{"template":"highway","default_image_id":0,"font":"","enabled":false},"version":2}},"categories":[2050],"tags":[],"class_list":["post-54480","post","type-post","status-publish","format-standard","has-post-thumbnail","hentry","category-economia"],"jetpack_publicize_connections":[],"jetpack_featured_media_url":"https:\/\/i0.wp.com\/politicosaldesnudo.com.mx\/wp-content\/uploads\/2025\/01\/MAD.jpg?fit=677%2C431&ssl=1","jetpack-related-posts":[],"jetpack_sharing_enabled":true,"_links":{"self":[{"href":"https:\/\/politicosaldesnudo.com.mx\/index.php\/wp-json\/wp\/v2\/posts\/54480","targetHints":{"allow":["GET"]}}],"collection":[{"href":"https:\/\/politicosaldesnudo.com.mx\/index.php\/wp-json\/wp\/v2\/posts"}],"about":[{"href":"https:\/\/politicosaldesnudo.com.mx\/index.php\/wp-json\/wp\/v2\/types\/post"}],"author":[{"embeddable":true,"href":"https:\/\/politicosaldesnudo.com.mx\/index.php\/wp-json\/wp\/v2\/users\/4"}],"replies":[{"embeddable":true,"href":"https:\/\/politicosaldesnudo.com.mx\/index.php\/wp-json\/wp\/v2\/comments?post=54480"}],"version-history":[{"count":0,"href":"https:\/\/politicosaldesnudo.com.mx\/index.php\/wp-json\/wp\/v2\/posts\/54480\/revisions"}],"wp:featuredmedia":[{"embeddable":true,"href":"https:\/\/politicosaldesnudo.com.mx\/index.php\/wp-json\/wp\/v2\/media\/54481"}],"wp:attachment":[{"href":"https:\/\/politicosaldesnudo.com.mx\/index.php\/wp-json\/wp\/v2\/media?parent=54480"}],"wp:term":[{"taxonomy":"category","embeddable":true,"href":"https:\/\/politicosaldesnudo.com.mx\/index.php\/wp-json\/wp\/v2\/categories?post=54480"},{"taxonomy":"post_tag","embeddable":true,"href":"https:\/\/politicosaldesnudo.com.mx\/index.php\/wp-json\/wp\/v2\/tags?post=54480"}],"curies":[{"name":"wp","href":"https:\/\/api.w.org\/{rel}","templated":true}]}}