{"id":54483,"date":"2025-01-16T00:11:47","date_gmt":"2025-01-16T06:11:47","guid":{"rendered":"https:\/\/politicosaldesnudo.com.mx\/?p=54483"},"modified":"2025-01-15T22:46:08","modified_gmt":"2025-01-16T04:46:08","slug":"la-inflacion-anual-en-rusia-se-situo-en-9-5-a-finales-de-2024","status":"publish","type":"post","link":"https:\/\/politicosaldesnudo.com.mx\/index.php\/2025\/01\/16\/la-inflacion-anual-en-rusia-se-situo-en-9-5-a-finales-de-2024\/","title":{"rendered":"La inflaci\u00f3n anual en Rusia se situ\u00f3 en 9.5% a finales de 2024"},"content":{"rendered":"<p>La inflaci\u00f3n en Rusia se aceler\u00f3 en diciembre y lleg\u00f3 a 9.5 por ciento anual, anunci\u00f3 el mi\u00e9rcoles la agencia nacional de estad\u00edsticas Rosstat, pese a los esfuerzos del banco central por frenar la subida de los precios de consumo.<\/p>\n<p>El dato qued\u00f3 muy por encima del objetivo oficial de 4 por ciento. En 2023, la inflaci\u00f3n fue de 7.4 por ciento anual.<\/p>\n<p>El crecimiento de los precios en Rusia fue impulsado, entre otros factores, por la explosi\u00f3n de los gastos militares para la ofensiva en Ucrania, los efectos de las sanciones y el aumento de los salarios.<\/p>\n<p>Este \u00faltimo es consecuencia directa de la escasez de mano de obra en el mercado laboral, ya que las empresas se ven obligadas a ofrecer remuneraciones m\u00e1s atractivas para reclutar.<\/p>\n<p>La escasez de mano de obra es consecuencia de la partida al frente ucraniano o al extranjero de cientos de miles de hombres desde febrero de 2022.<\/p>\n<p>El fuerte aumento de los precios redujo el poder adquisitivo de los rusos y aliment\u00f3 los debates en el seno de la clase pol\u00edtica y econ\u00f3mica.<\/p>\n<p>El presidente ruso, Vladimir Putin, reconoci\u00f3 en diciembre que el alza de los precios era \u201cuna se\u00f1al preocupante\u201d.<\/p>\n<p>Su declaraci\u00f3n se produjo despu\u00e9s de que varios empresarios rusos denunciaran p\u00fablicamente la pol\u00edtica monetaria del Banco Central de Rusia.<\/p>\n<p>Desde el inicio de la ofensiva rusa en Ucrania hace tres a\u00f1os, su presidenta, Elvira Nabi\u00fallina, ha repetido que su objetivo es contener el aumento de los precios, aunque sea a costa del crecimiento.<\/p>\n<p>La tasa de inter\u00e9s de referencia se sit\u00faa actualmente en 21 por ciento, un nivel in\u00e9dito desde 2003.<\/p>\n","protected":false},"excerpt":{"rendered":"<p>La inflaci\u00f3n en Rusia se aceler\u00f3 en diciembre y lleg\u00f3 a 9.5 por ciento anual, anunci\u00f3 el mi\u00e9rcoles la agencia<\/p>\n","protected":false},"author":4,"featured_media":54484,"comment_status":"closed","ping_status":"closed","sticky":false,"template":"","format":"standard","meta":{"colormag_page_container_layout":"default_layout","colormag_page_sidebar_layout":"default_layout","_jetpack_memberships_contains_paid_content":false,"footnotes":"","jetpack_publicize_message":"","jetpack_publicize_feature_enabled":true,"jetpack_social_post_already_shared":false,"jetpack_social_options":{"image_generator_settings":{"template":"highway","default_image_id":0,"font":"","enabled":false},"version":2}},"categories":[2050],"tags":[],"class_list":["post-54483","post","type-post","status-publish","format-standard","has-post-thumbnail","hentry","category-economia"],"jetpack_publicize_connections":[],"jetpack_featured_media_url":"https:\/\/i0.wp.com\/politicosaldesnudo.com.mx\/wp-content\/uploads\/2025\/01\/ICFWUQWKLZEPNKLKFLGZVJQGLE-scaled.jpg?fit=2560%2C1640&ssl=1","jetpack-related-posts":[],"jetpack_sharing_enabled":true,"_links":{"self":[{"href":"https:\/\/politicosaldesnudo.com.mx\/index.php\/wp-json\/wp\/v2\/posts\/54483","targetHints":{"allow":["GET"]}}],"collection":[{"href":"https:\/\/politicosaldesnudo.com.mx\/index.php\/wp-json\/wp\/v2\/posts"}],"about":[{"href":"https:\/\/politicosaldesnudo.com.mx\/index.php\/wp-json\/wp\/v2\/types\/post"}],"author":[{"embeddable":true,"href":"https:\/\/politicosaldesnudo.com.mx\/index.php\/wp-json\/wp\/v2\/users\/4"}],"replies":[{"embeddable":true,"href":"https:\/\/politicosaldesnudo.com.mx\/index.php\/wp-json\/wp\/v2\/comments?post=54483"}],"version-history":[{"count":0,"href":"https:\/\/politicosaldesnudo.com.mx\/index.php\/wp-json\/wp\/v2\/posts\/54483\/revisions"}],"wp:featuredmedia":[{"embeddable":true,"href":"https:\/\/politicosaldesnudo.com.mx\/index.php\/wp-json\/wp\/v2\/media\/54484"}],"wp:attachment":[{"href":"https:\/\/politicosaldesnudo.com.mx\/index.php\/wp-json\/wp\/v2\/media?parent=54483"}],"wp:term":[{"taxonomy":"category","embeddable":true,"href":"https:\/\/politicosaldesnudo.com.mx\/index.php\/wp-json\/wp\/v2\/categories?post=54483"},{"taxonomy":"post_tag","embeddable":true,"href":"https:\/\/politicosaldesnudo.com.mx\/index.php\/wp-json\/wp\/v2\/tags?post=54483"}],"curies":[{"name":"wp","href":"https:\/\/api.w.org\/{rel}","templated":true}]}}