{"id":5450,"date":"2022-05-18T06:32:41","date_gmt":"2022-05-18T11:32:41","guid":{"rendered":"https:\/\/politicosaldesnudo.com.mx\/?p=5450"},"modified":"2022-05-18T06:34:52","modified_gmt":"2022-05-18T11:34:52","slug":"murat-entre-el-amor-y-el-odio","status":"publish","type":"post","link":"https:\/\/politicosaldesnudo.com.mx\/index.php\/2022\/05\/18\/murat-entre-el-amor-y-el-odio\/","title":{"rendered":"Murat, entre el amor y el odio"},"content":{"rendered":"<p class=\"p1\"><span style=\"font-size: 18pt;\"><b>Por \u00c1ngel \u00c1lvaro Pe\u00f1a<\/b><\/span><\/p>\n<p class=\"p1\"><span style=\"font-size: 14pt;\">Cuando no hay otra manera de distinguirse del gobierno m\u00e1s que insultando a sus integrantes,<strong> la pol\u00edtica se radicaliza y la sociedad se polariza<\/strong>; sin embargo, para algunos sectores de la clase pol\u00edtica, la agresi\u00f3n f\u00edsica o la violencia verbal han sido la \u00fanica manera de mostrar desacuerdo con las autoridades.<\/span><\/p>\n<p class=\"p1\"><span style=\"font-size: 18pt;\"><strong>Esto quiere decir que si hay alg\u00fan pol\u00edtico o funcionario p\u00fablico que no pertenezca a la Cuarta Transformaci\u00f3n y mantiene no s\u00f3lo buena relaci\u00f3n sino armon\u00eda, es considerado un traidor.<\/strong><\/span><\/p>\n<p><img data-recalc-dims=\"1\" loading=\"lazy\" decoding=\"async\" class=\"aligncenter wp-image-5451 size-large\" src=\"https:\/\/i0.wp.com\/politicosaldesnudo.com.mx\/wp-content\/uploads\/2022\/05\/P-MURAT1-1024x573.png?resize=800%2C448&#038;ssl=1\" alt=\"\" width=\"800\" height=\"448\" srcset=\"https:\/\/i0.wp.com\/politicosaldesnudo.com.mx\/wp-content\/uploads\/2022\/05\/P-MURAT1.png?resize=1024%2C573&amp;ssl=1 1024w, https:\/\/i0.wp.com\/politicosaldesnudo.com.mx\/wp-content\/uploads\/2022\/05\/P-MURAT1.png?resize=300%2C168&amp;ssl=1 300w, https:\/\/i0.wp.com\/politicosaldesnudo.com.mx\/wp-content\/uploads\/2022\/05\/P-MURAT1.png?resize=768%2C430&amp;ssl=1 768w, https:\/\/i0.wp.com\/politicosaldesnudo.com.mx\/wp-content\/uploads\/2022\/05\/P-MURAT1.png?resize=1536%2C859&amp;ssl=1 1536w, https:\/\/i0.wp.com\/politicosaldesnudo.com.mx\/wp-content\/uploads\/2022\/05\/P-MURAT1.png?w=1816&amp;ssl=1 1816w, https:\/\/i0.wp.com\/politicosaldesnudo.com.mx\/wp-content\/uploads\/2022\/05\/P-MURAT1.png?w=1600&amp;ssl=1 1600w\" sizes=\"auto, (max-width: 800px) 100vw, 800px\" \/><\/p>\n<p class=\"p1\"><span style=\"font-size: 18pt;\"><strong>El caso del gobernador\u00a0de Oaxaca, Alejandro Murat, es muy ilustrativo, porque el viernes 13 de mayo, viaj\u00f3 a Para\u00edso, Tabasco, para visitar la obra de la refiner\u00eda Olmeca, en Dos Bocas, acompa\u00f1ado del gobernador de esa entidad, Carlos Merino, la gobernadora de Campeche, Layda Sansores, la jefa de Gobierno de la Ciudad de M\u00e9xico, Claudia Sheinbaum, y la secretaria de Energ\u00eda, Roc\u00edo Nahle, todos de Morena, motivo por el cual, dentro y fuera de su partido, el PRI, lo se\u00f1alaban como traidor.<\/strong><\/span><\/p>\n<p class=\"p1\"><span style=\"font-size: 14pt;\">Pero <strong>no s\u00f3lo era el insulto<\/strong>, sino que le pronosticaban que ir\u00eda de embajador o que tendr\u00eda un cargo en el gabinete del actual gobierno federal en cuanto dejara la gubernatura del estado.<\/span><\/p>\n<p class=\"p1\"><span style=\"font-size: 14pt;\">Un grupo al interior del PRI, exaltado y furioso lleg\u00f3 al extremo de intentar expulsarlo de sus filas por haber coincidido en giras y visitas del Presidente de la Rep\u00fablica, cuando en realidad hay verdaderos delincuentes al frente de ese partido, cuya expulsi\u00f3n nadie exige.<\/span><\/p>\n<p class=\"p1\"><span style=\"font-size: 18pt;\"><strong>En la gira mencionada Alejandro Murat Hinojosa, se\u00f1ala: \u201cAqu\u00ed se construye la coquizadora de la Refiner\u00eda Olmeca, en donde Pemex y Secretar\u00eda de Energ\u00eda est\u00e1n haciendo un gran trabajo. El gobierno de M\u00e9xico eval\u00faa que tengamos una infraestructura similar en Salina Cruz, para eficientar la producci\u00f3n de di\u00e9sel y gasolina del 53 por ciento a m\u00e1s del 93 por ciento\u201d.<\/strong><\/span><\/p>\n<p>&nbsp;<\/p>\n<p><img data-recalc-dims=\"1\" loading=\"lazy\" decoding=\"async\" class=\"aligncenter wp-image-5453 size-large\" src=\"https:\/\/i0.wp.com\/politicosaldesnudo.com.mx\/wp-content\/uploads\/2022\/05\/P-MURAT3-1024x573.png?resize=800%2C448&#038;ssl=1\" alt=\"\" width=\"800\" height=\"448\" srcset=\"https:\/\/i0.wp.com\/politicosaldesnudo.com.mx\/wp-content\/uploads\/2022\/05\/P-MURAT3.png?resize=1024%2C573&amp;ssl=1 1024w, https:\/\/i0.wp.com\/politicosaldesnudo.com.mx\/wp-content\/uploads\/2022\/05\/P-MURAT3.png?resize=300%2C168&amp;ssl=1 300w, https:\/\/i0.wp.com\/politicosaldesnudo.com.mx\/wp-content\/uploads\/2022\/05\/P-MURAT3.png?resize=768%2C430&amp;ssl=1 768w, https:\/\/i0.wp.com\/politicosaldesnudo.com.mx\/wp-content\/uploads\/2022\/05\/P-MURAT3.png?resize=1536%2C859&amp;ssl=1 1536w, https:\/\/i0.wp.com\/politicosaldesnudo.com.mx\/wp-content\/uploads\/2022\/05\/P-MURAT3.png?w=1816&amp;ssl=1 1816w, https:\/\/i0.wp.com\/politicosaldesnudo.com.mx\/wp-content\/uploads\/2022\/05\/P-MURAT3.png?w=1600&amp;ssl=1 1600w\" sizes=\"auto, (max-width: 800px) 100vw, 800px\" \/><\/p>\n<p>&nbsp;<\/p>\n<p class=\"p1\"><span style=\"font-size: 14pt;\">Es decir, <strong>Alejandro Murat va a lo suyo, a ocuparse de su estado y conocer el proceso de una obra que seguramente tendr\u00e1 repercusiones en la entidad que encabeza<\/strong>, pero para quienes la \u00fanica manera de definir la oposici\u00f3n es agrediendo, dividiendo e insultando, lo que hace Murat es una traici\u00f3n, porque en su mentalidad no cabe la posibilidad de mantener una buena relaci\u00f3n con otras instancias de la pol\u00edtica, aunque no pertenezcan al mismo partido.<\/span><\/p>\n<p class=\"p1\"><strong><span style=\"font-size: 18pt;\">Cuatro d\u00edas despu\u00e9s de la visita y luego de un fin de semana con comentarios negativos sobre la gira de Alejandro Murat, \u00e9ste hace una declaraci\u00f3n que sorprendi\u00f3 a propios y extra\u00f1os: \u201cPor supuesto que tengo levantada la mano, pero eso lo va a definir mi partido. Ya lo que defina mi partido nosotros vamos a ser institucionales, por supuesto que vamos a salir a dar la pelea, con argumentos, con reflexi\u00f3n y haciendo los contrastes que necesita M\u00e9xico\u201d.<\/span><\/strong><\/p>\n<p class=\"p1\"><strong><span style=\"font-size: 14pt;\">Es decir, se incluy\u00f3 en la selecci\u00f3n de priistas para ocupar la candidatura por la Presidencia de la Rep\u00fablica. Asegur\u00f3 que sus aspiraciones est\u00e1n sujetas a lo que defina su partido.<\/span><\/strong><\/p>\n<p class=\"p1\"><span style=\"font-size: 14pt;\">Se\u00f1al\u00f3 que, para contender en 2024, es necesario tener resultados, los cuales se ver\u00e1n reflejados cuando termine su administraci\u00f3n.<\/span><\/p>\n<p class=\"p1\"><strong><span style=\"font-size: 18pt;\">Coment\u00f3 que\u00a0M\u00e9xico necesita dejar la \u201cpol\u00edtica de odio\u201d\u00a0puesto que la poblaci\u00f3n requiere tener esperanza de cara al futuro. Seguramente en alusi\u00f3n a las cr\u00edticas que le llovieron por cuatro d\u00edas sobre una simple gira de trabajo a un estado vecino a una obra que tendr\u00e1 importantes repercusiones en Oaxaca.<\/span><\/strong><\/p>\n<p class=\"p1\"><span style=\"font-size: 14pt;\">Desde meses antes de diciembre de 2018, la oposici\u00f3n ha marcado su lugar con el alejamiento del partido en el poder, de la funci\u00f3n p\u00fablica y del propio Presidente de la Rep\u00fablica, para demostrar p\u00fablicamente que no est\u00e1n de acuerdo con su pol\u00edtica. La oposici\u00f3n ha dejado de ser un grupo de pol\u00edticos que gobierna con el poder, que tiene una responsabilidad compartida para convertirse en un cr\u00edtico permanente de lo que es responsabilidad del gobierno federal y de lo que no lo es.<\/span><\/p>\n<p class=\"p1\"><span style=\"font-size: 14pt;\">Para la visi\u00f3n opositora el simple hecho de compartir una gira, o recibir amablemente al Presidente de la Rep\u00fablica acusa traici\u00f3n a los principios de sus respectivos partidos, cuando en realidad la democracia es construcci\u00f3n y unidad y no todo lo contrario.<\/span><\/p>\n<p class=\"p1\"><strong><span style=\"font-size: 18pt;\">Alejandro si bien tiene una escuela pol\u00edtica heredada de su padre, no puede ser considerado una continuidad de su forma de hacer pol\u00edtica. Est\u00e1 consciente de que son otros tiempos y que el pa\u00eds cambia junto con el mundo.<\/span><\/strong><\/p>\n<p class=\"p1\"><span style=\"font-size: 14pt;\">As\u00ed, en estos momentos la figura de Alejandro Murat se encuentra entre la aceptaci\u00f3n de priistas y no priistas y el odio de otros tantos, que dentro y fuera de su partido parecieran no saber qu\u00e9 hacer con su persona.<\/span><\/p>\n<p class=\"p1\"><strong><span style=\"font-size: 18pt;\">El trabajo de Murat en Oaxaca no ha sido malo; sin embargo, puede decirse que ser\u00e1 el \u00faltimo gobernador del PRI y esto lo sabe el mandatario y reconoce en sus adversarios la fuerza electoral y no por ello regala al estado ni se deja vencer por la ola de la Cuarta Transformaci\u00f3n.<\/span><\/strong><\/p>\n<p class=\"p1\"><span style=\"font-size: 14pt;\">Lo cierto es que lo que en otros tiempos fuera una conducta natural de un gobernador respecto a las autoridades de otro partido, ahora se vuelve motivo de posturas radicales que no benefician a nadie, ni a los oaxaque\u00f1os, ni a los pri\u00edstas, ni a los mexicanos.<\/span><\/p>\n<p class=\"p1\"><span style=\"font-size: 14pt;\">Murat se convierte en figura nacional a causa de las cr\u00edticas de sus enemigos y no por su capacidad de gobernar, que es lo que debiera imperar en su trayectoria, que pasa a segundo grado.<\/span><\/p>\n<p>&nbsp;<\/p>\n<p class=\"p1\"><span style=\"font-size: 18pt;\"><b>PEGA Y CORRE<\/b><\/span><\/p>\n<p class=\"p1\"><span style=\"font-size: 14pt;\">El consejo general del INE aprob\u00f3 la realizaci\u00f3n de una consulta \u201cprevia, libre e informada a las personas ind\u00edgenas, pueblos y comunidades para la postulaci\u00f3n de candidaturas a cargos federales de elecci\u00f3n popular y su protocolo\u201d, el Tribunal Electoral del Poder Judicial de la Federaci\u00f3n orden\u00f3 al INE realizar la consulta\u2026 <\/span><\/p>\n<p>&nbsp;<\/p>\n<p class=\"p1\"><span style=\"font-size: 18pt;\"><strong>Esta columna se publica los lunes, mi\u00e9rcoles y viernes.<\/strong><\/span><\/p>\n<p>&nbsp;<\/p>\n<p>&nbsp;<\/p>\n<p>&nbsp;<\/p>\n<p>&nbsp;<\/p>\n<p>&nbsp;<\/p>\n<p>&nbsp;<\/p>\n","protected":false},"excerpt":{"rendered":"<p>Por \u00c1ngel \u00c1lvaro Pe\u00f1a Cuando no hay otra manera de distinguirse del gobierno m\u00e1s que insultando a sus integrantes, la<\/p>\n","protected":false},"author":4,"featured_media":3775,"comment_status":"closed","ping_status":"closed","sticky":false,"template":"","format":"standard","meta":{"colormag_page_container_layout":"default_layout","colormag_page_sidebar_layout":"default_layout","_jetpack_memberships_contains_paid_content":false,"footnotes":"","jetpack_publicize_message":"","jetpack_publicize_feature_enabled":true,"jetpack_social_post_already_shared":true,"jetpack_social_options":{"image_generator_settings":{"template":"highway","default_image_id":0,"font":"","enabled":false},"version":2}},"categories":[26],"tags":[766,142,226],"class_list":["post-5450","post","type-post","status-publish","format-standard","has-post-thumbnail","hentry","category-columnistas","tag-alejandro-murat","tag-cuarta-transformacion","tag-pri"],"jetpack_publicize_connections":[],"jetpack_featured_media_url":"https:\/\/i0.wp.com\/politicosaldesnudo.com.mx\/wp-content\/uploads\/2022\/04\/A%CC%81NGEL-A%CC%81LVARO-PEN%CC%83A1.png?fit=1816%2C1016&ssl=1","jetpack-related-posts":[],"jetpack_sharing_enabled":true,"_links":{"self":[{"href":"https:\/\/politicosaldesnudo.com.mx\/index.php\/wp-json\/wp\/v2\/posts\/5450","targetHints":{"allow":["GET"]}}],"collection":[{"href":"https:\/\/politicosaldesnudo.com.mx\/index.php\/wp-json\/wp\/v2\/posts"}],"about":[{"href":"https:\/\/politicosaldesnudo.com.mx\/index.php\/wp-json\/wp\/v2\/types\/post"}],"author":[{"embeddable":true,"href":"https:\/\/politicosaldesnudo.com.mx\/index.php\/wp-json\/wp\/v2\/users\/4"}],"replies":[{"embeddable":true,"href":"https:\/\/politicosaldesnudo.com.mx\/index.php\/wp-json\/wp\/v2\/comments?post=5450"}],"version-history":[{"count":0,"href":"https:\/\/politicosaldesnudo.com.mx\/index.php\/wp-json\/wp\/v2\/posts\/5450\/revisions"}],"wp:featuredmedia":[{"embeddable":true,"href":"https:\/\/politicosaldesnudo.com.mx\/index.php\/wp-json\/wp\/v2\/media\/3775"}],"wp:attachment":[{"href":"https:\/\/politicosaldesnudo.com.mx\/index.php\/wp-json\/wp\/v2\/media?parent=5450"}],"wp:term":[{"taxonomy":"category","embeddable":true,"href":"https:\/\/politicosaldesnudo.com.mx\/index.php\/wp-json\/wp\/v2\/categories?post=5450"},{"taxonomy":"post_tag","embeddable":true,"href":"https:\/\/politicosaldesnudo.com.mx\/index.php\/wp-json\/wp\/v2\/tags?post=5450"}],"curies":[{"name":"wp","href":"https:\/\/api.w.org\/{rel}","templated":true}]}}