{"id":54516,"date":"2025-01-16T00:21:51","date_gmt":"2025-01-16T06:21:51","guid":{"rendered":"https:\/\/politicosaldesnudo.com.mx\/?p=54516"},"modified":"2025-01-15T23:39:53","modified_gmt":"2025-01-16T05:39:53","slug":"osx-inicia-temporada-con-la-cuarta-de-tchaikovsky","status":"publish","type":"post","link":"https:\/\/politicosaldesnudo.com.mx\/index.php\/2025\/01\/16\/osx-inicia-temporada-con-la-cuarta-de-tchaikovsky\/","title":{"rendered":"OSX inicia temporada con la Cuarta de Tchaikovsky"},"content":{"rendered":"<ul>\n<li>Ang\u00e9lica Olivo, solista en Concierto para viol\u00edn de Sibelius<\/li>\n<li>Martin Lebel, director titular\n<p>La Orquesta Sinf\u00f3nica de Xalapa traer\u00e1 de vuelta la m\u00fasica sinf\u00f3nica a Xalapa con la presentaci\u00f3n de la Primera Temporada de Conciertos 2025. 23 programas musicales, m\u00e1s de 25 artistas invitados y colaboraci\u00f3n con diferentes grupos art\u00edsticos en el periodo de enero a junio de este a\u00f1o. Continuando la invitaci\u00f3n al p\u00fablico veracruzano de vivir su \u201c#MomentOSX\u201d desde el hogar de la OSX, Tlaqn\u00e1, Centro Cultural. Incluyendo en este primer programa la Sinfon\u00eda n.\u00b0 4 de Piotr I. Tchaikovsky, adem\u00e1s de la Obertura \u201cPrimavera\u201d de Joaqu\u00edn Berista\u00edn y el Concierto para viol\u00edn de Jean Sibelius.<br \/>\nCon la participaci\u00f3n estelar de la violinista venezolana, Ang\u00e9lica Olivo, quien es concertina de la Orquesta Filarm\u00f3nica de Jalisco. Bajo la batuta de Martin Lebel, director titular, quien contin\u00faa al frente de la OSX en su segundo periodo (2024-2027).<br \/>\nEste concierto se realizar\u00e1 el viernes 17 de enero de 2025 a las 20:00 h desde Tlaqn\u00e1, Centro Cultural.<\/li>\n<\/ul>\n<p><img data-recalc-dims=\"1\" loading=\"lazy\" decoding=\"async\" class=\"aligncenter size-large wp-image-54517\" src=\"https:\/\/i0.wp.com\/politicosaldesnudo.com.mx\/wp-content\/uploads\/2025\/01\/FOTO-OSX-4-1024x683.jpg?resize=800%2C534&#038;ssl=1\" alt=\"\" width=\"800\" height=\"534\" srcset=\"https:\/\/i0.wp.com\/politicosaldesnudo.com.mx\/wp-content\/uploads\/2025\/01\/FOTO-OSX-4-scaled.jpg?resize=1024%2C683&amp;ssl=1 1024w, https:\/\/i0.wp.com\/politicosaldesnudo.com.mx\/wp-content\/uploads\/2025\/01\/FOTO-OSX-4-scaled.jpg?resize=300%2C200&amp;ssl=1 300w, https:\/\/i0.wp.com\/politicosaldesnudo.com.mx\/wp-content\/uploads\/2025\/01\/FOTO-OSX-4-scaled.jpg?resize=768%2C512&amp;ssl=1 768w, https:\/\/i0.wp.com\/politicosaldesnudo.com.mx\/wp-content\/uploads\/2025\/01\/FOTO-OSX-4-scaled.jpg?resize=1536%2C1024&amp;ssl=1 1536w, https:\/\/i0.wp.com\/politicosaldesnudo.com.mx\/wp-content\/uploads\/2025\/01\/FOTO-OSX-4-scaled.jpg?resize=2048%2C1365&amp;ssl=1 2048w, https:\/\/i0.wp.com\/politicosaldesnudo.com.mx\/wp-content\/uploads\/2025\/01\/FOTO-OSX-4-scaled.jpg?w=1600&amp;ssl=1 1600w, https:\/\/i0.wp.com\/politicosaldesnudo.com.mx\/wp-content\/uploads\/2025\/01\/FOTO-OSX-4-scaled.jpg?w=2400&amp;ssl=1 2400w\" sizes=\"auto, (max-width: 800px) 100vw, 800px\" \/><\/p>\n<p>La Obertura \u00abPrimavera\u00bb de Joaqu\u00edn Berist\u00e1in fue una de las primeras obras de m\u00fasica descriptiva escritas en M\u00e9xico, y ciertamente sigue una tendencia muy generalizada en la m\u00fasica de concierto: la de describir las estaciones del a\u00f1o a trav\u00e9s de im\u00e1genes sonoras.<\/p>\n<p>La \u201cSinfon\u00eda N\u00ba 4 en fa menor\u201d op. 36 fue iniciada en el mes de mayo de 1877 y terminada en el 7 de enero de 1878. Esta Cuarta Sinfon\u00eda es la primera expresi\u00f3n completa de Tchaikovsky en su voz art\u00edstica y representa un punto de inflexi\u00f3n en m\u00faltiples niveles: como compositor, hacia el dominio de la t\u00e9cnica; como ser humano, hacia la confrontaci\u00f3n con sus demonios; como artista, hacia un lenguaje m\u00e1s cosmopolita.<\/p>\n<p><img data-recalc-dims=\"1\" loading=\"lazy\" decoding=\"async\" class=\"aligncenter size-large wp-image-54518\" src=\"https:\/\/i0.wp.com\/politicosaldesnudo.com.mx\/wp-content\/uploads\/2025\/01\/Rueda-de-prensa-enero-14-2025-4508-1024x683.jpg?resize=800%2C534&#038;ssl=1\" alt=\"\" width=\"800\" height=\"534\" srcset=\"https:\/\/i0.wp.com\/politicosaldesnudo.com.mx\/wp-content\/uploads\/2025\/01\/Rueda-de-prensa-enero-14-2025-4508-scaled.jpg?resize=1024%2C683&amp;ssl=1 1024w, https:\/\/i0.wp.com\/politicosaldesnudo.com.mx\/wp-content\/uploads\/2025\/01\/Rueda-de-prensa-enero-14-2025-4508-scaled.jpg?resize=300%2C200&amp;ssl=1 300w, https:\/\/i0.wp.com\/politicosaldesnudo.com.mx\/wp-content\/uploads\/2025\/01\/Rueda-de-prensa-enero-14-2025-4508-scaled.jpg?resize=768%2C512&amp;ssl=1 768w, https:\/\/i0.wp.com\/politicosaldesnudo.com.mx\/wp-content\/uploads\/2025\/01\/Rueda-de-prensa-enero-14-2025-4508-scaled.jpg?resize=1536%2C1024&amp;ssl=1 1536w, https:\/\/i0.wp.com\/politicosaldesnudo.com.mx\/wp-content\/uploads\/2025\/01\/Rueda-de-prensa-enero-14-2025-4508-scaled.jpg?resize=2048%2C1365&amp;ssl=1 2048w, https:\/\/i0.wp.com\/politicosaldesnudo.com.mx\/wp-content\/uploads\/2025\/01\/Rueda-de-prensa-enero-14-2025-4508-scaled.jpg?w=1600&amp;ssl=1 1600w, https:\/\/i0.wp.com\/politicosaldesnudo.com.mx\/wp-content\/uploads\/2025\/01\/Rueda-de-prensa-enero-14-2025-4508-scaled.jpg?w=2400&amp;ssl=1 2400w\" sizes=\"auto, (max-width: 800px) 100vw, 800px\" \/><\/p>\n<p>Al escuchar el Concierto para viol\u00edn y orquesta de Sibelius parece dif\u00edcil contener la emoci\u00f3n. En sus tres movimientos est\u00e1 resumida la pasi\u00f3n de una vida. En ese sentido es como Mahler: cada acorde, cada armon\u00eda es un billete directo al coraz\u00f3n, a la dureza de una vida desdichada. Interpretado por la solista: Ang\u00e9lica Olivo, concertina de la Orquesta Filarm\u00f3nica de Jalisco.<\/p>\n<p>Violinista venezolana, inici\u00f3 su formaci\u00f3n en El Sistema de Orquestas Venezolano del maestro Jos\u00e9 Antonio Abreu y en la Academia Latinoamericana del Viol\u00edn de Venezuela con el maestro Jos\u00e9 Francisco del Castillo, posteriormente obtuvo el t\u00edtulo de Licentiate of The Royal Schools of Music in Violin Performance, con distinci\u00f3n en 2019, por la ABRSM. Desde muy joven, se desempe\u00f1\u00f3 como concertino de la Orquesta Sinf\u00f3nica Juvenil Teresa Carre\u00f1o y tambi\u00e9n invitada de la Orquesta Sim\u00f3n Bol\u00edvar de Venezuela. En el 2015 fue concertino invitada por la Orquesta Sinf\u00f3nica del Estado de S\u00e3o Paulo, tambi\u00e9n de la Internacional Youth Orchestra en la ONU, entre otras.<\/p>\n<p>Asiste a la Charla de Concierto previa a las 19:00 h desde el mezannine de Tlaqn\u00e1, Centro Cultural. Este viernes con la presencia del ponente, el Dr. Enrique Salmer\u00f3n, Acad\u00e9mico de la Universidad Veracruzana.<\/p>\n<p>Puedes comprar tus boletos en l\u00ednea en www.orquestasinfonicadexalapa.com, Tienda UV, Tienda UV Museo de Antropolog\u00eda y Taquilla Tlaqn\u00e1.<\/p>\n<p>Correo electr\u00f3nico: mercadotecnia.osx@gmail.com.<\/p>\n","protected":false},"excerpt":{"rendered":"<p>Ang\u00e9lica Olivo, solista en Concierto para viol\u00edn de Sibelius Martin Lebel, director titular La Orquesta Sinf\u00f3nica de Xalapa traer\u00e1 de<\/p>\n","protected":false},"author":4,"featured_media":54519,"comment_status":"closed","ping_status":"closed","sticky":false,"template":"","format":"standard","meta":{"colormag_page_container_layout":"default_layout","colormag_page_sidebar_layout":"default_layout","_jetpack_memberships_contains_paid_content":false,"footnotes":"","jetpack_publicize_message":"","jetpack_publicize_feature_enabled":true,"jetpack_social_post_already_shared":false,"jetpack_social_options":{"image_generator_settings":{"template":"highway","default_image_id":0,"font":"","enabled":false},"version":2}},"categories":[474,30],"tags":[],"class_list":["post-54516","post","type-post","status-publish","format-standard","has-post-thumbnail","hentry","category-cultura","category-estados"],"jetpack_publicize_connections":[],"jetpack_featured_media_url":"https:\/\/i0.wp.com\/politicosaldesnudo.com.mx\/wp-content\/uploads\/2025\/01\/Rueda-de-prensa-enero-14-2025-4512-scaled.jpg?fit=2560%2C1707&ssl=1","jetpack-related-posts":[],"jetpack_sharing_enabled":true,"_links":{"self":[{"href":"https:\/\/politicosaldesnudo.com.mx\/index.php\/wp-json\/wp\/v2\/posts\/54516","targetHints":{"allow":["GET"]}}],"collection":[{"href":"https:\/\/politicosaldesnudo.com.mx\/index.php\/wp-json\/wp\/v2\/posts"}],"about":[{"href":"https:\/\/politicosaldesnudo.com.mx\/index.php\/wp-json\/wp\/v2\/types\/post"}],"author":[{"embeddable":true,"href":"https:\/\/politicosaldesnudo.com.mx\/index.php\/wp-json\/wp\/v2\/users\/4"}],"replies":[{"embeddable":true,"href":"https:\/\/politicosaldesnudo.com.mx\/index.php\/wp-json\/wp\/v2\/comments?post=54516"}],"version-history":[{"count":0,"href":"https:\/\/politicosaldesnudo.com.mx\/index.php\/wp-json\/wp\/v2\/posts\/54516\/revisions"}],"wp:featuredmedia":[{"embeddable":true,"href":"https:\/\/politicosaldesnudo.com.mx\/index.php\/wp-json\/wp\/v2\/media\/54519"}],"wp:attachment":[{"href":"https:\/\/politicosaldesnudo.com.mx\/index.php\/wp-json\/wp\/v2\/media?parent=54516"}],"wp:term":[{"taxonomy":"category","embeddable":true,"href":"https:\/\/politicosaldesnudo.com.mx\/index.php\/wp-json\/wp\/v2\/categories?post=54516"},{"taxonomy":"post_tag","embeddable":true,"href":"https:\/\/politicosaldesnudo.com.mx\/index.php\/wp-json\/wp\/v2\/tags?post=54516"}],"curies":[{"name":"wp","href":"https:\/\/api.w.org\/{rel}","templated":true}]}}