{"id":54529,"date":"2025-01-16T21:57:20","date_gmt":"2025-01-17T03:57:20","guid":{"rendered":"https:\/\/politicosaldesnudo.com.mx\/?p=54529"},"modified":"2025-01-16T21:57:20","modified_gmt":"2025-01-17T03:57:20","slug":"gobierno-municipal-y-dif-tuxpan-inauguran-las-jornadas-de-salud-multidisciplinarias-en-tu-comunidad","status":"publish","type":"post","link":"https:\/\/politicosaldesnudo.com.mx\/index.php\/2025\/01\/16\/gobierno-municipal-y-dif-tuxpan-inauguran-las-jornadas-de-salud-multidisciplinarias-en-tu-comunidad\/","title":{"rendered":"Gobierno Municipal y DIF Tuxpan inauguran las \u201cJornadas de Salud Multidisciplinarias en tu Comunidad\u201d"},"content":{"rendered":"<p>\u2022 Frijolillo fue sede de la puesta en marcha de este programa gratuito que se estar\u00e1 realizando semanalmente en las localidades de Tuxpan.<br \/>\n\u2022 A trav\u00e9s de su labor social, Ej\u00e9rcito Mexicano y Guardia Nacional se sumar\u00e1n a las jornadas al igual que instituciones de salud.<\/p>\n<p><img data-recalc-dims=\"1\" loading=\"lazy\" decoding=\"async\" class=\"aligncenter size-large wp-image-54543\" src=\"https:\/\/i0.wp.com\/politicosaldesnudo.com.mx\/wp-content\/uploads\/2025\/01\/WhatsApp-Image-2025-01-16-at-21.42.36-1024x552.jpeg?resize=800%2C431&#038;ssl=1\" alt=\"\" width=\"800\" height=\"431\" srcset=\"https:\/\/i0.wp.com\/politicosaldesnudo.com.mx\/wp-content\/uploads\/2025\/01\/WhatsApp-Image-2025-01-16-at-21.42.36.jpeg?resize=1024%2C552&amp;ssl=1 1024w, https:\/\/i0.wp.com\/politicosaldesnudo.com.mx\/wp-content\/uploads\/2025\/01\/WhatsApp-Image-2025-01-16-at-21.42.36.jpeg?resize=300%2C162&amp;ssl=1 300w, https:\/\/i0.wp.com\/politicosaldesnudo.com.mx\/wp-content\/uploads\/2025\/01\/WhatsApp-Image-2025-01-16-at-21.42.36.jpeg?resize=768%2C414&amp;ssl=1 768w, https:\/\/i0.wp.com\/politicosaldesnudo.com.mx\/wp-content\/uploads\/2025\/01\/WhatsApp-Image-2025-01-16-at-21.42.36.jpeg?w=1280&amp;ssl=1 1280w\" sizes=\"auto, (max-width: 800px) 100vw, 800px\" \/><br \/>\n\u2060<br \/>\nCon una gran participaci\u00f3n de habitantes de la localidad de Frijolillo, el Gobierno Municipal y el Sistema para el Desarrollo Integral de la Familia (DIF) Tuxpan iniciaron las \u201cJornadas de Salud Multidisciplinarias en tu Comunidad\u201d para facilitar a la poblaci\u00f3n el acceso a medidas preventivas de promoci\u00f3n y educaci\u00f3n para la salud, adem\u00e1s de servicios, acciones sociales y entregas de apoyos.<\/p>\n<p><img data-recalc-dims=\"1\" loading=\"lazy\" decoding=\"async\" class=\"aligncenter size-large wp-image-54542\" src=\"https:\/\/i0.wp.com\/politicosaldesnudo.com.mx\/wp-content\/uploads\/2025\/01\/WhatsApp-Image-2025-01-16-at-21.42.35-1024x633.jpeg?resize=800%2C495&#038;ssl=1\" alt=\"\" width=\"800\" height=\"495\" srcset=\"https:\/\/i0.wp.com\/politicosaldesnudo.com.mx\/wp-content\/uploads\/2025\/01\/WhatsApp-Image-2025-01-16-at-21.42.35.jpeg?resize=1024%2C633&amp;ssl=1 1024w, https:\/\/i0.wp.com\/politicosaldesnudo.com.mx\/wp-content\/uploads\/2025\/01\/WhatsApp-Image-2025-01-16-at-21.42.35.jpeg?resize=300%2C185&amp;ssl=1 300w, https:\/\/i0.wp.com\/politicosaldesnudo.com.mx\/wp-content\/uploads\/2025\/01\/WhatsApp-Image-2025-01-16-at-21.42.35.jpeg?resize=768%2C475&amp;ssl=1 768w, https:\/\/i0.wp.com\/politicosaldesnudo.com.mx\/wp-content\/uploads\/2025\/01\/WhatsApp-Image-2025-01-16-at-21.42.35.jpeg?w=1280&amp;ssl=1 1280w\" sizes=\"auto, (max-width: 800px) 100vw, 800px\" \/><\/p>\n<p>La presidenta del DIF local, Melba L\u00f3pez Guti\u00e9rrez encabez\u00f3 la inauguraci\u00f3n de esta iniciativa que se estar\u00e1 realizando semanalmente y de manera gratuita en las comunidades del municipio, gracias al respaldo del Ayuntamiento, ISSSTE Tuxpan, Jurisdicci\u00f3n Sanitar\u00eda No.2, Registro Civil, Ej\u00e9rcito Mexicano y Guardia Nacional.<\/p>\n<p><img data-recalc-dims=\"1\" loading=\"lazy\" decoding=\"async\" class=\"aligncenter size-large wp-image-54541\" src=\"https:\/\/i0.wp.com\/politicosaldesnudo.com.mx\/wp-content\/uploads\/2025\/01\/WhatsApp-Image-2025-01-16-at-21.42.35-2-1024x579.jpeg?resize=800%2C452&#038;ssl=1\" alt=\"\" width=\"800\" height=\"452\" srcset=\"https:\/\/i0.wp.com\/politicosaldesnudo.com.mx\/wp-content\/uploads\/2025\/01\/WhatsApp-Image-2025-01-16-at-21.42.35-2.jpeg?resize=1024%2C579&amp;ssl=1 1024w, https:\/\/i0.wp.com\/politicosaldesnudo.com.mx\/wp-content\/uploads\/2025\/01\/WhatsApp-Image-2025-01-16-at-21.42.35-2.jpeg?resize=300%2C170&amp;ssl=1 300w, https:\/\/i0.wp.com\/politicosaldesnudo.com.mx\/wp-content\/uploads\/2025\/01\/WhatsApp-Image-2025-01-16-at-21.42.35-2.jpeg?resize=768%2C434&amp;ssl=1 768w, https:\/\/i0.wp.com\/politicosaldesnudo.com.mx\/wp-content\/uploads\/2025\/01\/WhatsApp-Image-2025-01-16-at-21.42.35-2.jpeg?w=1280&amp;ssl=1 1280w\" sizes=\"auto, (max-width: 800px) 100vw, 800px\" \/><\/p>\n<p>En su mensaje, L\u00f3pez Guti\u00e9rrez expres\u00f3 que para el organismo que preside y para el alcalde Jes\u00fas Fomperoza Torres, la salud es primordial, por ello, a\u00f1adi\u00f3 que se han organizado este tipo de jornadas para atender las necesidades de las familias del campo, que por sus condiciones geogr\u00e1ficas o econ\u00f3micas se les dificulta la atenci\u00f3n m\u00e9dica, principalmente.<\/p>\n<p><img data-recalc-dims=\"1\" loading=\"lazy\" decoding=\"async\" class=\"aligncenter size-large wp-image-54540\" src=\"https:\/\/i0.wp.com\/politicosaldesnudo.com.mx\/wp-content\/uploads\/2025\/01\/WhatsApp-Image-2025-01-16-at-21.42.35-1-1024x642.jpeg?resize=800%2C502&#038;ssl=1\" alt=\"\" width=\"800\" height=\"502\" srcset=\"https:\/\/i0.wp.com\/politicosaldesnudo.com.mx\/wp-content\/uploads\/2025\/01\/WhatsApp-Image-2025-01-16-at-21.42.35-1.jpeg?resize=1024%2C642&amp;ssl=1 1024w, https:\/\/i0.wp.com\/politicosaldesnudo.com.mx\/wp-content\/uploads\/2025\/01\/WhatsApp-Image-2025-01-16-at-21.42.35-1.jpeg?resize=300%2C188&amp;ssl=1 300w, https:\/\/i0.wp.com\/politicosaldesnudo.com.mx\/wp-content\/uploads\/2025\/01\/WhatsApp-Image-2025-01-16-at-21.42.35-1.jpeg?resize=768%2C481&amp;ssl=1 768w, https:\/\/i0.wp.com\/politicosaldesnudo.com.mx\/wp-content\/uploads\/2025\/01\/WhatsApp-Image-2025-01-16-at-21.42.35-1.jpeg?w=1280&amp;ssl=1 1280w\" sizes=\"auto, (max-width: 800px) 100vw, 800px\" \/><\/p>\n<p>Durante la jornada donde tambi\u00e9n asistieron pobladores de Chomotla y la colonia Chijolar, el DIF Tuxpan ofreci\u00f3 consultas m\u00e9dicas y odontol\u00f3gicas, medicamentos, las entregas de aparatos funcionales, asesor\u00edas jur\u00eddicas y de trabajo social, as\u00ed como la donaci\u00f3n de ropa, como parte del programa del DIF Estatal \u201cAbrigando Corazones\u201d.<\/p>\n<p><img data-recalc-dims=\"1\" loading=\"lazy\" decoding=\"async\" class=\"aligncenter size-large wp-image-54539\" src=\"https:\/\/i0.wp.com\/politicosaldesnudo.com.mx\/wp-content\/uploads\/2025\/01\/WhatsApp-Image-2025-01-16-at-21.42.34-1024x640.jpeg?resize=800%2C500&#038;ssl=1\" alt=\"\" width=\"800\" height=\"500\" srcset=\"https:\/\/i0.wp.com\/politicosaldesnudo.com.mx\/wp-content\/uploads\/2025\/01\/WhatsApp-Image-2025-01-16-at-21.42.34.jpeg?resize=1024%2C640&amp;ssl=1 1024w, https:\/\/i0.wp.com\/politicosaldesnudo.com.mx\/wp-content\/uploads\/2025\/01\/WhatsApp-Image-2025-01-16-at-21.42.34.jpeg?resize=300%2C188&amp;ssl=1 300w, https:\/\/i0.wp.com\/politicosaldesnudo.com.mx\/wp-content\/uploads\/2025\/01\/WhatsApp-Image-2025-01-16-at-21.42.34.jpeg?resize=768%2C480&amp;ssl=1 768w, https:\/\/i0.wp.com\/politicosaldesnudo.com.mx\/wp-content\/uploads\/2025\/01\/WhatsApp-Image-2025-01-16-at-21.42.34.jpeg?w=1280&amp;ssl=1 1280w\" sizes=\"auto, (max-width: 800px) 100vw, 800px\" \/><\/p>\n<p>Se cont\u00f3 con la participaci\u00f3n de elementos del Ej\u00e9rcito Mexicano y la Guardia Nacional quienes proporcionaron consultas m\u00e9dicas, odontol\u00f3gicas y de psicolog\u00eda, reparaciones de aparatos electrodom\u00e9sticos y de instalaciones el\u00e9ctricas en una escuela de la localidad sum\u00e1ndose la pintura de su barda perimetral, cortes de cabello, difusi\u00f3n de programas de medicina preventiva y de planteles militares.<\/p>\n<p><img data-recalc-dims=\"1\" loading=\"lazy\" decoding=\"async\" class=\"aligncenter size-large wp-image-54538\" src=\"https:\/\/i0.wp.com\/politicosaldesnudo.com.mx\/wp-content\/uploads\/2025\/01\/WhatsApp-Image-2025-01-16-at-21.42.34-1-1024x675.jpeg?resize=800%2C527&#038;ssl=1\" alt=\"\" width=\"800\" height=\"527\" srcset=\"https:\/\/i0.wp.com\/politicosaldesnudo.com.mx\/wp-content\/uploads\/2025\/01\/WhatsApp-Image-2025-01-16-at-21.42.34-1.jpeg?resize=1024%2C675&amp;ssl=1 1024w, https:\/\/i0.wp.com\/politicosaldesnudo.com.mx\/wp-content\/uploads\/2025\/01\/WhatsApp-Image-2025-01-16-at-21.42.34-1.jpeg?resize=300%2C198&amp;ssl=1 300w, https:\/\/i0.wp.com\/politicosaldesnudo.com.mx\/wp-content\/uploads\/2025\/01\/WhatsApp-Image-2025-01-16-at-21.42.34-1.jpeg?resize=768%2C506&amp;ssl=1 768w, https:\/\/i0.wp.com\/politicosaldesnudo.com.mx\/wp-content\/uploads\/2025\/01\/WhatsApp-Image-2025-01-16-at-21.42.34-1.jpeg?w=1280&amp;ssl=1 1280w\" sizes=\"auto, (max-width: 800px) 100vw, 800px\" \/><\/p>\n<p>Por su parte, la cl\u00ednica del ISSSTE Tuxpan y personal de la Jurisdicci\u00f3n Sanitar\u00eda No.2 realizaron toma de presi\u00f3n y glucosa, vacunaciones, orientaciones de nutrici\u00f3n, pruebas de VIH y s\u00edfilis, sum\u00e1ndose la vacunaci\u00f3n antirr\u00e1bica canina y felina, as\u00ed como el m\u00f3dulo de informaci\u00f3n del Registro Civil.<\/p>\n<p><img data-recalc-dims=\"1\" loading=\"lazy\" decoding=\"async\" class=\"aligncenter size-large wp-image-54536\" src=\"https:\/\/i0.wp.com\/politicosaldesnudo.com.mx\/wp-content\/uploads\/2025\/01\/WhatsApp-Image-2025-01-16-at-21.42.33-1-1024x576.jpeg?resize=800%2C450&#038;ssl=1\" alt=\"\" width=\"800\" height=\"450\" srcset=\"https:\/\/i0.wp.com\/politicosaldesnudo.com.mx\/wp-content\/uploads\/2025\/01\/WhatsApp-Image-2025-01-16-at-21.42.33-1.jpeg?resize=1024%2C576&amp;ssl=1 1024w, https:\/\/i0.wp.com\/politicosaldesnudo.com.mx\/wp-content\/uploads\/2025\/01\/WhatsApp-Image-2025-01-16-at-21.42.33-1.jpeg?resize=300%2C169&amp;ssl=1 300w, https:\/\/i0.wp.com\/politicosaldesnudo.com.mx\/wp-content\/uploads\/2025\/01\/WhatsApp-Image-2025-01-16-at-21.42.33-1.jpeg?resize=768%2C432&amp;ssl=1 768w, https:\/\/i0.wp.com\/politicosaldesnudo.com.mx\/wp-content\/uploads\/2025\/01\/WhatsApp-Image-2025-01-16-at-21.42.33-1.jpeg?w=1280&amp;ssl=1 1280w\" sizes=\"auto, (max-width: 800px) 100vw, 800px\" \/><\/p>\n<p>En el acto inaugural se cont\u00f3 con la presencia del Coronel de Infanter\u00eda de Estado Mayor, Jos\u00e9 Le\u00f3n Corral Mendoza, Jefe de Estado Mayor de la 19\/a. Zona Militar en representaci\u00f3n del General de Brigada de Estado Mayor, Jorge Antonio Maldonado Guevara, Comandante de la 19\/a. Zona Militar, los regidores Anah\u00ed Aguilar L\u00f3pez, Lucero Magdalena Resendis Ambrosio y Axel Andr\u00e9s Bernal Herrera, funcionarios municipales, agentes municipales, directivos, maestros y padres de familia de las instituciones educativas.<\/p>\n<p><img data-recalc-dims=\"1\" loading=\"lazy\" decoding=\"async\" class=\"aligncenter size-large wp-image-54535\" src=\"https:\/\/i0.wp.com\/politicosaldesnudo.com.mx\/wp-content\/uploads\/2025\/01\/WhatsApp-Image-2025-01-16-at-21.42.32-1024x682.jpeg?resize=800%2C533&#038;ssl=1\" alt=\"\" width=\"800\" height=\"533\" srcset=\"https:\/\/i0.wp.com\/politicosaldesnudo.com.mx\/wp-content\/uploads\/2025\/01\/WhatsApp-Image-2025-01-16-at-21.42.32.jpeg?resize=1024%2C682&amp;ssl=1 1024w, https:\/\/i0.wp.com\/politicosaldesnudo.com.mx\/wp-content\/uploads\/2025\/01\/WhatsApp-Image-2025-01-16-at-21.42.32.jpeg?resize=300%2C200&amp;ssl=1 300w, https:\/\/i0.wp.com\/politicosaldesnudo.com.mx\/wp-content\/uploads\/2025\/01\/WhatsApp-Image-2025-01-16-at-21.42.32.jpeg?resize=768%2C512&amp;ssl=1 768w, https:\/\/i0.wp.com\/politicosaldesnudo.com.mx\/wp-content\/uploads\/2025\/01\/WhatsApp-Image-2025-01-16-at-21.42.32.jpeg?resize=1536%2C1023&amp;ssl=1 1536w, https:\/\/i0.wp.com\/politicosaldesnudo.com.mx\/wp-content\/uploads\/2025\/01\/WhatsApp-Image-2025-01-16-at-21.42.32.jpeg?w=1600&amp;ssl=1 1600w\" sizes=\"auto, (max-width: 800px) 100vw, 800px\" \/> <img data-recalc-dims=\"1\" loading=\"lazy\" decoding=\"async\" class=\"aligncenter size-large wp-image-54534\" src=\"https:\/\/i0.wp.com\/politicosaldesnudo.com.mx\/wp-content\/uploads\/2025\/01\/WhatsApp-Image-2025-01-16-at-21.42.32-2-1024x682.jpeg?resize=800%2C533&#038;ssl=1\" alt=\"\" width=\"800\" height=\"533\" srcset=\"https:\/\/i0.wp.com\/politicosaldesnudo.com.mx\/wp-content\/uploads\/2025\/01\/WhatsApp-Image-2025-01-16-at-21.42.32-2.jpeg?resize=1024%2C682&amp;ssl=1 1024w, https:\/\/i0.wp.com\/politicosaldesnudo.com.mx\/wp-content\/uploads\/2025\/01\/WhatsApp-Image-2025-01-16-at-21.42.32-2.jpeg?resize=300%2C200&amp;ssl=1 300w, https:\/\/i0.wp.com\/politicosaldesnudo.com.mx\/wp-content\/uploads\/2025\/01\/WhatsApp-Image-2025-01-16-at-21.42.32-2.jpeg?resize=768%2C512&amp;ssl=1 768w, https:\/\/i0.wp.com\/politicosaldesnudo.com.mx\/wp-content\/uploads\/2025\/01\/WhatsApp-Image-2025-01-16-at-21.42.32-2.jpeg?resize=1536%2C1023&amp;ssl=1 1536w, https:\/\/i0.wp.com\/politicosaldesnudo.com.mx\/wp-content\/uploads\/2025\/01\/WhatsApp-Image-2025-01-16-at-21.42.32-2.jpeg?w=1600&amp;ssl=1 1600w\" sizes=\"auto, (max-width: 800px) 100vw, 800px\" \/> <img data-recalc-dims=\"1\" loading=\"lazy\" decoding=\"async\" class=\"aligncenter size-large wp-image-54533\" src=\"https:\/\/i0.wp.com\/politicosaldesnudo.com.mx\/wp-content\/uploads\/2025\/01\/WhatsApp-Image-2025-01-16-at-21.42.32-1-1024x682.jpeg?resize=800%2C533&#038;ssl=1\" alt=\"\" width=\"800\" height=\"533\" srcset=\"https:\/\/i0.wp.com\/politicosaldesnudo.com.mx\/wp-content\/uploads\/2025\/01\/WhatsApp-Image-2025-01-16-at-21.42.32-1.jpeg?resize=1024%2C682&amp;ssl=1 1024w, https:\/\/i0.wp.com\/politicosaldesnudo.com.mx\/wp-content\/uploads\/2025\/01\/WhatsApp-Image-2025-01-16-at-21.42.32-1.jpeg?resize=300%2C200&amp;ssl=1 300w, https:\/\/i0.wp.com\/politicosaldesnudo.com.mx\/wp-content\/uploads\/2025\/01\/WhatsApp-Image-2025-01-16-at-21.42.32-1.jpeg?resize=768%2C512&amp;ssl=1 768w, https:\/\/i0.wp.com\/politicosaldesnudo.com.mx\/wp-content\/uploads\/2025\/01\/WhatsApp-Image-2025-01-16-at-21.42.32-1.jpeg?resize=1536%2C1023&amp;ssl=1 1536w, https:\/\/i0.wp.com\/politicosaldesnudo.com.mx\/wp-content\/uploads\/2025\/01\/WhatsApp-Image-2025-01-16-at-21.42.32-1.jpeg?w=1600&amp;ssl=1 1600w\" sizes=\"auto, (max-width: 800px) 100vw, 800px\" \/> <img data-recalc-dims=\"1\" loading=\"lazy\" decoding=\"async\" class=\"aligncenter size-large wp-image-54532\" src=\"https:\/\/i0.wp.com\/politicosaldesnudo.com.mx\/wp-content\/uploads\/2025\/01\/WhatsApp-Image-2025-01-16-at-21.42.31-1024x682.jpeg?resize=800%2C533&#038;ssl=1\" alt=\"\" width=\"800\" height=\"533\" srcset=\"https:\/\/i0.wp.com\/politicosaldesnudo.com.mx\/wp-content\/uploads\/2025\/01\/WhatsApp-Image-2025-01-16-at-21.42.31.jpeg?resize=1024%2C682&amp;ssl=1 1024w, https:\/\/i0.wp.com\/politicosaldesnudo.com.mx\/wp-content\/uploads\/2025\/01\/WhatsApp-Image-2025-01-16-at-21.42.31.jpeg?resize=300%2C200&amp;ssl=1 300w, https:\/\/i0.wp.com\/politicosaldesnudo.com.mx\/wp-content\/uploads\/2025\/01\/WhatsApp-Image-2025-01-16-at-21.42.31.jpeg?resize=768%2C512&amp;ssl=1 768w, https:\/\/i0.wp.com\/politicosaldesnudo.com.mx\/wp-content\/uploads\/2025\/01\/WhatsApp-Image-2025-01-16-at-21.42.31.jpeg?resize=1536%2C1023&amp;ssl=1 1536w, https:\/\/i0.wp.com\/politicosaldesnudo.com.mx\/wp-content\/uploads\/2025\/01\/WhatsApp-Image-2025-01-16-at-21.42.31.jpeg?w=1600&amp;ssl=1 1600w\" sizes=\"auto, (max-width: 800px) 100vw, 800px\" \/> <img data-recalc-dims=\"1\" loading=\"lazy\" decoding=\"async\" class=\"aligncenter size-large wp-image-54531\" src=\"https:\/\/i0.wp.com\/politicosaldesnudo.com.mx\/wp-content\/uploads\/2025\/01\/WhatsApp-Image-2025-01-16-at-21.42.31-2-1024x682.jpeg?resize=800%2C533&#038;ssl=1\" alt=\"\" width=\"800\" height=\"533\" srcset=\"https:\/\/i0.wp.com\/politicosaldesnudo.com.mx\/wp-content\/uploads\/2025\/01\/WhatsApp-Image-2025-01-16-at-21.42.31-2.jpeg?resize=1024%2C682&amp;ssl=1 1024w, https:\/\/i0.wp.com\/politicosaldesnudo.com.mx\/wp-content\/uploads\/2025\/01\/WhatsApp-Image-2025-01-16-at-21.42.31-2.jpeg?resize=300%2C200&amp;ssl=1 300w, https:\/\/i0.wp.com\/politicosaldesnudo.com.mx\/wp-content\/uploads\/2025\/01\/WhatsApp-Image-2025-01-16-at-21.42.31-2.jpeg?resize=768%2C512&amp;ssl=1 768w, https:\/\/i0.wp.com\/politicosaldesnudo.com.mx\/wp-content\/uploads\/2025\/01\/WhatsApp-Image-2025-01-16-at-21.42.31-2.jpeg?resize=1536%2C1023&amp;ssl=1 1536w, https:\/\/i0.wp.com\/politicosaldesnudo.com.mx\/wp-content\/uploads\/2025\/01\/WhatsApp-Image-2025-01-16-at-21.42.31-2.jpeg?w=1600&amp;ssl=1 1600w\" sizes=\"auto, (max-width: 800px) 100vw, 800px\" \/> <img data-recalc-dims=\"1\" loading=\"lazy\" decoding=\"async\" class=\"aligncenter size-large wp-image-54530\" src=\"https:\/\/i0.wp.com\/politicosaldesnudo.com.mx\/wp-content\/uploads\/2025\/01\/WhatsApp-Image-2025-01-16-at-21.42.31-1-1024x682.jpeg?resize=800%2C533&#038;ssl=1\" alt=\"\" width=\"800\" height=\"533\" srcset=\"https:\/\/i0.wp.com\/politicosaldesnudo.com.mx\/wp-content\/uploads\/2025\/01\/WhatsApp-Image-2025-01-16-at-21.42.31-1.jpeg?resize=1024%2C682&amp;ssl=1 1024w, https:\/\/i0.wp.com\/politicosaldesnudo.com.mx\/wp-content\/uploads\/2025\/01\/WhatsApp-Image-2025-01-16-at-21.42.31-1.jpeg?resize=300%2C200&amp;ssl=1 300w, https:\/\/i0.wp.com\/politicosaldesnudo.com.mx\/wp-content\/uploads\/2025\/01\/WhatsApp-Image-2025-01-16-at-21.42.31-1.jpeg?resize=768%2C512&amp;ssl=1 768w, https:\/\/i0.wp.com\/politicosaldesnudo.com.mx\/wp-content\/uploads\/2025\/01\/WhatsApp-Image-2025-01-16-at-21.42.31-1.jpeg?resize=1536%2C1023&amp;ssl=1 1536w, https:\/\/i0.wp.com\/politicosaldesnudo.com.mx\/wp-content\/uploads\/2025\/01\/WhatsApp-Image-2025-01-16-at-21.42.31-1.jpeg?w=1600&amp;ssl=1 1600w\" sizes=\"auto, (max-width: 800px) 100vw, 800px\" \/><\/p>\n","protected":false},"excerpt":{"rendered":"<p>\u2022 Frijolillo fue sede de la puesta en marcha de este programa gratuito que se estar\u00e1 realizando semanalmente en las<\/p>\n","protected":false},"author":4,"featured_media":54537,"comment_status":"closed","ping_status":"closed","sticky":false,"template":"","format":"standard","meta":{"colormag_page_container_layout":"default_layout","colormag_page_sidebar_layout":"default_layout","_jetpack_memberships_contains_paid_content":false,"footnotes":"","jetpack_publicize_message":"","jetpack_publicize_feature_enabled":true,"jetpack_social_post_already_shared":false,"jetpack_social_options":{"image_generator_settings":{"template":"highway","default_image_id":0,"font":"","enabled":false},"version":2}},"categories":[3205,1082],"tags":[],"class_list":["post-54529","post","type-post","status-publish","format-standard","has-post-thumbnail","hentry","category-gobierno-tuxpan","category-tuxpan"],"jetpack_publicize_connections":[],"jetpack_featured_media_url":"https:\/\/i0.wp.com\/politicosaldesnudo.com.mx\/wp-content\/uploads\/2025\/01\/WhatsApp-Image-2025-01-16-at-21.42.33.jpeg?fit=1280%2C698&ssl=1","jetpack-related-posts":[],"jetpack_sharing_enabled":true,"_links":{"self":[{"href":"https:\/\/politicosaldesnudo.com.mx\/index.php\/wp-json\/wp\/v2\/posts\/54529","targetHints":{"allow":["GET"]}}],"collection":[{"href":"https:\/\/politicosaldesnudo.com.mx\/index.php\/wp-json\/wp\/v2\/posts"}],"about":[{"href":"https:\/\/politicosaldesnudo.com.mx\/index.php\/wp-json\/wp\/v2\/types\/post"}],"author":[{"embeddable":true,"href":"https:\/\/politicosaldesnudo.com.mx\/index.php\/wp-json\/wp\/v2\/users\/4"}],"replies":[{"embeddable":true,"href":"https:\/\/politicosaldesnudo.com.mx\/index.php\/wp-json\/wp\/v2\/comments?post=54529"}],"version-history":[{"count":0,"href":"https:\/\/politicosaldesnudo.com.mx\/index.php\/wp-json\/wp\/v2\/posts\/54529\/revisions"}],"wp:featuredmedia":[{"embeddable":true,"href":"https:\/\/politicosaldesnudo.com.mx\/index.php\/wp-json\/wp\/v2\/media\/54537"}],"wp:attachment":[{"href":"https:\/\/politicosaldesnudo.com.mx\/index.php\/wp-json\/wp\/v2\/media?parent=54529"}],"wp:term":[{"taxonomy":"category","embeddable":true,"href":"https:\/\/politicosaldesnudo.com.mx\/index.php\/wp-json\/wp\/v2\/categories?post=54529"},{"taxonomy":"post_tag","embeddable":true,"href":"https:\/\/politicosaldesnudo.com.mx\/index.php\/wp-json\/wp\/v2\/tags?post=54529"}],"curies":[{"name":"wp","href":"https:\/\/api.w.org\/{rel}","templated":true}]}}