{"id":54567,"date":"2025-01-17T00:08:21","date_gmt":"2025-01-17T06:08:21","guid":{"rendered":"https:\/\/politicosaldesnudo.com.mx\/?p=54567"},"modified":"2025-01-16T22:57:54","modified_gmt":"2025-01-17T04:57:54","slug":"ine-pide-al-gobierno-mil-511-mdp-para-alcanzar-la-excelencia-en-eleccion-judicial","status":"publish","type":"post","link":"https:\/\/politicosaldesnudo.com.mx\/index.php\/2025\/01\/17\/ine-pide-al-gobierno-mil-511-mdp-para-alcanzar-la-excelencia-en-eleccion-judicial\/","title":{"rendered":"INE pide al Gobierno mil 511 mdp para alcanzar la \u00abexcelencia\u00bb en elecci\u00f3n judicial"},"content":{"rendered":"<div id=\"article-content-tts\" class=\"nota-contenido mb-5\">\n<div id=\"content_nitf\">\n<p class=\"western\">Consejeros del Instituto Nacional Electoral (INE) pidieron que el gobierno admita \u2013y les deposite en breve- una ampliaci\u00f3n presupuestal por mil 511 millones de pesos, como la v\u00eda para alcanzar \u201cniveles de excelencia\u201d en la elecci\u00f3n judicial.<\/p>\n<p class=\"western\">\u201cApelo al compromiso y convicci\u00f3n democr\u00e1tica de la Presidenta de la Rep\u00fablica, as\u00ed como de las y los legisladores para que se admita esta propuesta de ampliaci\u00f3n, sin reservas o suspicacias, mirando ante todo por la democracia y el fortalecimiento institucional del pa\u00eds\u201d, dijo Jorge Monta\u00f1o, presidente de la comisi\u00f3n organizadora de la elecci\u00f3n judicial.<\/p>\n<p class=\"western\">A su vez, la consejera Carla Humprhey se\u00f1al\u00f3 que no est\u00e1n solicitando recursos \u201cpara ocurrencias, ni caprichos, ni programas superfluos o suntuarios\u201d sino con la idea de garantizar de mejor manera la autenticidad de los comicios.<\/p>\n<p class=\"western\">Durante la sesi\u00f3n de consejo general durante la cual se aprob\u00f3 de manera un\u00e1nime la solicitud de ampliaci\u00f3n presupuestal, se ratific\u00f3 el objetivo de instalar el domingo 1 de junio 86 mil casillas seccionales, esto es, 16.5 por ciento m\u00e1s respecto de la previsi\u00f3n original de 73 mil 850 mesas.<\/p>\n<p class=\"western\">El costo promedio de instalaci\u00f3n de cada casilla es de 4 mil 500 pesos, pero si se suma lo necesario en recursos humanos y materiales de todo tipo este se eleva a 29 mil 177 pesos por cada receptora del voto (y no los 34 mil 126 pesos previstos con la bolsa actual, antes de la ampliaci\u00f3n), de ah\u00ed que tener casillas en todo el pa\u00eds costar\u00e1 alrededor de 2 mil 187 millones.<\/p>\n<p class=\"western\">Como se difundi\u00f3 desde la v\u00edspera, la ampliaci\u00f3n permitir\u00e1 la contrataci\u00f3n de un mayor n\u00famero de supervisores y capacitadores, quienes son los encargados de caminar todo el territorio nacional en busca de quienes ser\u00e1n los funcionarios de casilla e instruirlos de lo que representa esta elecci\u00f3n sin precedentes.<\/p>\n<p class=\"western\">\u201cEsa es la naturaleza, alcance y dimensi\u00f3n de las preocupaciones institucionales: servir de mejor manera al prop\u00f3sito para el que esta instituci\u00f3n fue creada en 1990, elecciones \u00edntegras, libres, directas, con todas las casillas posibles, y con los procedimientos de capacitaci\u00f3n y asistencia electoral, escrutinio y c\u00f3mputos tan cercanos a la ley como las condiciones f\u00e1cticas lo permitan\u201d, a\u00f1adi\u00f3 Humprhey.<\/p>\n<p class=\"western\">Dijo que frente al recorte presupuestal para 2025 se debe tomar en cuenta que ya hubo otros para \u00e1reas fundamentales como el Sistema de Contabilidad en L\u00ednea, para tareas de fiscalizaci\u00f3n y en materia de Quejas, por lo que ante la carencia de recursos se dificulta su modernizaci\u00f3n.<\/p>\n<p class=\"western\">Al dejar en cero pesos estas herramientas, agreg\u00f3, ponemos a la Unidad T\u00e9cnica de Fiscalizaci\u00f3n en una situaci\u00f3n de \u201cprecariedad operativa y log\u00edstica\u201d, en riesgo de incumplir con sus responsabilidades.<\/p>\n<p class=\"western\">Reiter\u00f3 que el INE debe mandar imprimir m\u00e1s de 600 millones de boletas, casi el doble de lo que se produjo en la elecci\u00f3n federal de junio pasado.<\/p>\n<p class=\"western\">Monta\u00f1o sostuvo que el monto adicional solicitado \u201ccorresponde a los recursos estrictamente indispensables para el desahogo del c\u00famulo de actividades que supone la organizaci\u00f3n del Proceso Electoral Extrdaordinario, as\u00ed como de las otras actividades del Instituto\u201d como las municipales de Durango y Veracruz, entre otras.<\/p>\n<p class=\"western\">\u201cEl presupuesto \u2013 abund\u00f3- es totalmente transparente, verificable, fundado y motivado\u201d.<\/p>\n<p class=\"western\">Tanto en su exposici\u00f3n como en entrevista posterior, Monta\u00f1o apel\u00f3 \u201ca la disposici\u00f3n de la Presidenta de la Rep\u00fablica en dicha reuni\u00f3n (con los once consejeros), as\u00ed como a su compromiso manifiesto con la democracia de nuestro pa\u00eds y la celebraci\u00f3n de procesos electorales de excelencia, para que esta solicitud de ampliaci\u00f3n sea analizada con altura de miras y con el compromiso de lograr un proceso electoral de excelencia\u201d.<\/p>\n<p class=\"western\">Norma de la Cruz, tambi\u00e9n integrante de esta comisi\u00f3n temporal, se\u00f1al\u00f3 que el recorte de m\u00e1s de 13 mil millones a la petici\u00f3n original del INE lo oblig\u00f3 a replantear modelos, en af\u00e1n de no recortar personal.<\/p>\n<p class=\"western\">Sin embargo, indic\u00f3, aun con los ajustes \u201cno logramos la suficiencia presupuestal, por lo cual hoy estamos a punto de solicitar una ampliaci\u00f3n que nos permita operar con eficacia\u201d.<\/p>\n<p class=\"western\">Destac\u00f3 la \u201csensibilidad pol\u00edtica y apertura al di\u00e1logo\u201d de la Presidenta Sheinbaum, de ah\u00ed que el anuncio de la mandataria (de admitir la ampliaci\u00f3n, de al menos 800 millones, aunque todav\u00eda no se concreta el monto admitido) \u201cnos genera tranquilidad y confianza\u201d.<\/p>\n<p class=\"western\">En t\u00e9rminos operativos, dijo De la Cruz, m\u00e1s recursos significar\u00e1 una mayor contrataci\u00f3n de personal y optimizar los tiempos de los c\u00f3mputos, as\u00ed como dar alimentos a los funcionarios de casilla, adem\u00e1s de financiar los proyectos de difusi\u00f3n para llamar a la participaci\u00f3n ciudadana.<\/p>\n<p class=\"western\">A su vez, la consejera Dania Ravel dijo que en la lista de 19 proyectos a partir de los cuales se hizo la solicitud de los mil 511 millones adicionales no hay claridad respecto en qu\u00e9 se van a invertir los recursos, por ejemplo, los 351 millones para garantizar los sueldos, a partir del 27 de abril, de mil 881 supervisores y 10 mil 928 capacitadores enfocados en casi la mitad de las casillas, lo mismo que el mill\u00f3n 950 mil para el micrositio en el que los candidatos divulgar\u00e1n sus propuestas.<\/p>\n<p class=\"western\">Y aunque la consejera pidi\u00f3 informaci\u00f3n a las \u00e1reas y le dijeron que era para ampliar hasta julio la vigencia de las contrataciones de ese micrositio, el argumento no est\u00e1 en el dictamen aprobado este jueves.<\/p>\n<\/div>\n<\/div>\n<div class=\"notas-relacionadas\"><\/div>\n<div class=\"nota-tags\"><\/div>\n","protected":false},"excerpt":{"rendered":"<p>Consejeros del Instituto Nacional Electoral (INE) pidieron que el gobierno admita \u2013y les deposite en breve- una ampliaci\u00f3n presupuestal por<\/p>\n","protected":false},"author":4,"featured_media":54568,"comment_status":"closed","ping_status":"closed","sticky":false,"template":"","format":"standard","meta":{"colormag_page_container_layout":"default_layout","colormag_page_sidebar_layout":"default_layout","_jetpack_memberships_contains_paid_content":false,"footnotes":"","jetpack_publicize_message":"","jetpack_publicize_feature_enabled":true,"jetpack_social_post_already_shared":false,"jetpack_social_options":{"image_generator_settings":{"template":"highway","default_image_id":0,"font":"","enabled":false},"version":2}},"categories":[33],"tags":[],"class_list":["post-54567","post","type-post","status-publish","format-standard","has-post-thumbnail","hentry","category-nacional"],"jetpack_publicize_connections":[],"jetpack_featured_media_url":"https:\/\/i0.wp.com\/politicosaldesnudo.com.mx\/wp-content\/uploads\/2025\/01\/ASDE.jpg?fit=764%2C510&ssl=1","jetpack-related-posts":[],"jetpack_sharing_enabled":true,"_links":{"self":[{"href":"https:\/\/politicosaldesnudo.com.mx\/index.php\/wp-json\/wp\/v2\/posts\/54567","targetHints":{"allow":["GET"]}}],"collection":[{"href":"https:\/\/politicosaldesnudo.com.mx\/index.php\/wp-json\/wp\/v2\/posts"}],"about":[{"href":"https:\/\/politicosaldesnudo.com.mx\/index.php\/wp-json\/wp\/v2\/types\/post"}],"author":[{"embeddable":true,"href":"https:\/\/politicosaldesnudo.com.mx\/index.php\/wp-json\/wp\/v2\/users\/4"}],"replies":[{"embeddable":true,"href":"https:\/\/politicosaldesnudo.com.mx\/index.php\/wp-json\/wp\/v2\/comments?post=54567"}],"version-history":[{"count":0,"href":"https:\/\/politicosaldesnudo.com.mx\/index.php\/wp-json\/wp\/v2\/posts\/54567\/revisions"}],"wp:featuredmedia":[{"embeddable":true,"href":"https:\/\/politicosaldesnudo.com.mx\/index.php\/wp-json\/wp\/v2\/media\/54568"}],"wp:attachment":[{"href":"https:\/\/politicosaldesnudo.com.mx\/index.php\/wp-json\/wp\/v2\/media?parent=54567"}],"wp:term":[{"taxonomy":"category","embeddable":true,"href":"https:\/\/politicosaldesnudo.com.mx\/index.php\/wp-json\/wp\/v2\/categories?post=54567"},{"taxonomy":"post_tag","embeddable":true,"href":"https:\/\/politicosaldesnudo.com.mx\/index.php\/wp-json\/wp\/v2\/tags?post=54567"}],"curies":[{"name":"wp","href":"https:\/\/api.w.org\/{rel}","templated":true}]}}