{"id":54588,"date":"2025-01-17T00:15:08","date_gmt":"2025-01-17T06:15:08","guid":{"rendered":"https:\/\/politicosaldesnudo.com.mx\/?p=54588"},"modified":"2025-01-16T23:16:34","modified_gmt":"2025-01-17T05:16:34","slug":"protestan-docentes-del-paaeb-para-ser-incorporados-al-fone-en-guerrero","status":"publish","type":"post","link":"https:\/\/politicosaldesnudo.com.mx\/index.php\/2025\/01\/17\/protestan-docentes-del-paaeb-para-ser-incorporados-al-fone-en-guerrero\/","title":{"rendered":"Protestan docentes del PAAEB para ser incorporados al Fone en Guerrero"},"content":{"rendered":"<p>Maestros pertenecientes al Personal de Apoyo y Asistencia a la Educaci\u00f3n B\u00e1sica (PAAEB) de Guerrero se manifestaron nuevamente con una concentraci\u00f3n de docentes en el exterior del ex Instituto de Educaci\u00f3n B\u00e1sica y Normal (ex-Ineban), en la prolongaci\u00f3n de la avenida Universidad, para exigir ser incorporados al Fondo de Aportaciones a la N\u00f3mina Educativa y Gasto Operativo (Fone).<\/p>\n<p>La vialidad permaneci\u00f3 cerrada la ma\u00f1ana del jueves, mientras que en las puertas de acceso al ex-Ineban y en los muros fueron colocadas lonas con mensajes de respaldo y tambi\u00e9n para exigir el cumplimiento de diversas demandas de car\u00e1cter laboral pendientes.<\/p>\n<p>Los integrantes del PAAEB recibieron el respaldo de diferentes facciones sindicales y profesores de diferentes centros escolares, quienes se siguen adhiriendo a las manifestaciones magisteriales en los \u00faltimos d\u00edas, para exigir la federalizaci\u00f3n del total de la n\u00f3mina educativa estatal, entre otros planteamientos.<\/p>\n<p>Explicaron que son alrededor de 3 mil 200 trabajadores que faltan por incorporar al Fone.<\/p>\n<p>A la protesta del jueves se sumaron la escuela primaria Benito Ju\u00e1rez, la escuela primaria federal Emiliano Zapata, la escuela secundaria t\u00e9cnica Benito Juarez, y la primaria federal Ricardo Flores Mag\u00f3n.<\/p>\n<p>A unos metros de ah\u00ed, docentes de la secundaria federal n\u00famero uno colocaron pancartas en el acceso a las instalaciones escolares, para demostrar su solidaridad con las protestas magisteriales.<\/p>\n<p>Entre las exigencias principales se encuentra la incorporaci\u00f3n al Fone, pago puntual al 100 por ciento del personal, recategorizaci\u00f3n de plazas, pago a responsables del aula de medios, pago de bonos a personal del Programa Nacional de Ingl\u00e9s, retabulaci\u00f3n de claves, pago de horas adeudo, entre otros pagos y prestaciones.<\/p>\n<p>El mi\u00e9rcoles, profesores de la Coordinadora Estatal de Trabajadores de la Educaci\u00f3n de Guerrero de Acapulco y Costa Grande, emplazaron a autoridades del sector estatales y federales, a atender las problem\u00e1ticas del magisterio guerrerense, adem\u00e1s de recalcar en la solicitud de eliminar la ley de la Unidad del Sistema para la Carrera de las Maestros y Maestros, que ha venido a oprimir m\u00e1s a los docentes, subrayaron.<\/p>\n","protected":false},"excerpt":{"rendered":"<p>Maestros pertenecientes al Personal de Apoyo y Asistencia a la Educaci\u00f3n B\u00e1sica (PAAEB) de Guerrero se manifestaron nuevamente con una [&hellip;]<\/p>\n","protected":false},"author":4,"featured_media":54589,"comment_status":"closed","ping_status":"closed","sticky":false,"template":"","format":"standard","meta":{"site-sidebar-layout":"default","site-content-layout":"","ast-site-content-layout":"default","site-content-style":"default","site-sidebar-style":"default","ast-global-header-display":"","ast-banner-title-visibility":"","ast-main-header-display":"","ast-hfb-above-header-display":"","ast-hfb-below-header-display":"","ast-hfb-mobile-header-display":"","site-post-title":"","ast-breadcrumbs-content":"","ast-featured-img":"","footer-sml-layout":"","ast-disable-related-posts":"","theme-transparent-header-meta":"","adv-header-id-meta":"","stick-header-meta":"","header-above-stick-meta":"","header-main-stick-meta":"","header-below-stick-meta":"","astra-migrate-meta-layouts":"default","ast-page-background-enabled":"default","ast-page-background-meta":{"desktop":{"background-color":"var(--ast-global-color-5)","background-image":"","background-repeat":"repeat","background-position":"center center","background-size":"auto","background-attachment":"scroll","background-type":"","background-media":"","overlay-type":"","overlay-color":"","overlay-opacity":"","overlay-gradient":""},"tablet":{"background-color":"","background-image":"","background-repeat":"repeat","background-position":"center center","background-size":"auto","background-attachment":"scroll","background-type":"","background-media":"","overlay-type":"","overlay-color":"","overlay-opacity":"","overlay-gradient":""},"mobile":{"background-color":"","background-image":"","background-repeat":"repeat","background-position":"center center","background-size":"auto","background-attachment":"scroll","background-type":"","background-media":"","overlay-type":"","overlay-color":"","overlay-opacity":"","overlay-gradient":""}},"ast-content-background-meta":{"desktop":{"background-color":"var(--ast-global-color-4)","background-image":"","background-repeat":"repeat","background-position":"center center","background-size":"auto","background-attachment":"scroll","background-type":"","background-media":"","overlay-type":"","overlay-color":"","overlay-opacity":"","overlay-gradient":""},"tablet":{"background-color":"var(--ast-global-color-4)","background-image":"","background-repeat":"repeat","background-position":"center center","background-size":"auto","background-attachment":"scroll","background-type":"","background-media":"","overlay-type":"","overlay-color":"","overlay-opacity":"","overlay-gradient":""},"mobile":{"background-color":"var(--ast-global-color-4)","background-image":"","background-repeat":"repeat","background-position":"center center","background-size":"auto","background-attachment":"scroll","background-type":"","background-media":"","overlay-type":"","overlay-color":"","overlay-opacity":"","overlay-gradient":""}},"_jetpack_newsletter_access":"","_jetpack_dont_email_post_to_subs":false,"_jetpack_newsletter_tier_id":0,"_jetpack_memberships_contains_paywalled_content":false,"_jetpack_feature_clip_id":0,"_jetpack_memberships_contains_paid_content":false,"footnotes":"","jetpack_publicize_message":"","jetpack_publicize_feature_enabled":true,"jetpack_social_post_already_shared":false,"jetpack_social_options":{"image_generator_settings":{"template":"highway","default_image_id":0,"font":"","enabled":false},"version":2},"jetpack_post_was_ever_published":false},"categories":[30],"tags":[],"class_list":["post-54588","post","type-post","status-publish","format-standard","has-post-thumbnail","hentry","category-estados"],"yoast_head":"<!-- This site is optimized with the Yoast SEO plugin v28.3 - https:\/\/yoast.com\/product\/yoast-seo-wordpress\/ -->\n<title>Protestan docentes del PAAEB para ser incorporados al Fone en Guerrero - Pol\u00edticos al Desnudo<\/title>\n<meta name=\"robots\" content=\"index, follow, max-snippet:-1, max-image-preview:large, max-video-preview:-1\" \/>\n<link rel=\"canonical\" href=\"https:\/\/politicosaldesnudo.com.mx\/index.php\/2025\/01\/17\/protestan-docentes-del-paaeb-para-ser-incorporados-al-fone-en-guerrero\/\" \/>\n<meta property=\"og:locale\" content=\"es_ES\" \/>\n<meta property=\"og:type\" content=\"article\" \/>\n<meta property=\"og:title\" content=\"Protestan docentes del PAAEB para ser incorporados al Fone en Guerrero - Pol\u00edticos al Desnudo\" \/>\n<meta property=\"og:description\" content=\"Maestros pertenecientes al Personal de Apoyo y Asistencia a la Educaci\u00f3n B\u00e1sica (PAAEB) de Guerrero se manifestaron nuevamente con una [&hellip;]\" \/>\n<meta property=\"og:url\" content=\"https:\/\/politicosaldesnudo.com.mx\/index.php\/2025\/01\/17\/protestan-docentes-del-paaeb-para-ser-incorporados-al-fone-en-guerrero\/\" \/>\n<meta property=\"og:site_name\" content=\"Pol\u00edticos al Desnudo\" \/>\n<meta property=\"article:publisher\" content=\"https:\/\/www.facebook.com\/PoliticosAD\" \/>\n<meta property=\"article:published_time\" content=\"2025-01-17T06:15:08+00:00\" \/>\n<meta property=\"og:image\" content=\"https:\/\/i0.wp.com\/politicosaldesnudo.com.mx\/wp-content\/uploads\/2025\/01\/MAESTR.jpg?fit=768%2C504&ssl=1\" \/>\n\t<meta property=\"og:image:width\" content=\"768\" \/>\n\t<meta property=\"og:image:height\" content=\"504\" \/>\n\t<meta property=\"og:image:type\" content=\"image\/jpeg\" \/>\n<meta name=\"author\" content=\"Redacci\u00f3n Pol\u00edticos\" \/>\n<meta name=\"twitter:card\" content=\"summary_large_image\" \/>\n<meta name=\"twitter:label1\" content=\"Escrito por\" \/>\n\t<meta name=\"twitter:data1\" content=\"Redacci\u00f3n Pol\u00edticos\" \/>\n\t<meta name=\"twitter:label2\" content=\"Tiempo de lectura\" \/>\n\t<meta name=\"twitter:data2\" content=\"2 minutos\" \/>\n<script type=\"application\/ld+json\" class=\"yoast-schema-graph\">{\"@context\":\"https:\\\/\\\/schema.org\",\"@graph\":[{\"@type\":\"Article\",\"@id\":\"https:\\\/\\\/politicosaldesnudo.com.mx\\\/index.php\\\/2025\\\/01\\\/17\\\/protestan-docentes-del-paaeb-para-ser-incorporados-al-fone-en-guerrero\\\/#article\",\"isPartOf\":{\"@id\":\"https:\\\/\\\/politicosaldesnudo.com.mx\\\/index.php\\\/2025\\\/01\\\/17\\\/protestan-docentes-del-paaeb-para-ser-incorporados-al-fone-en-guerrero\\\/\"},\"author\":{\"name\":\"Redacci\u00f3n Pol\u00edticos\",\"@id\":\"https:\\\/\\\/politicosaldesnudo.com.mx\\\/#\\\/schema\\\/person\\\/ef3a64e561cc3f3f5dc52fab81adde7e\"},\"headline\":\"Protestan docentes del PAAEB para ser incorporados al Fone en Guerrero\",\"datePublished\":\"2025-01-17T06:15:08+00:00\",\"mainEntityOfPage\":{\"@id\":\"https:\\\/\\\/politicosaldesnudo.com.mx\\\/index.php\\\/2025\\\/01\\\/17\\\/protestan-docentes-del-paaeb-para-ser-incorporados-al-fone-en-guerrero\\\/\"},\"wordCount\":368,\"publisher\":{\"@id\":\"https:\\\/\\\/politicosaldesnudo.com.mx\\\/#organization\"},\"image\":{\"@id\":\"https:\\\/\\\/politicosaldesnudo.com.mx\\\/index.php\\\/2025\\\/01\\\/17\\\/protestan-docentes-del-paaeb-para-ser-incorporados-al-fone-en-guerrero\\\/#primaryimage\"},\"thumbnailUrl\":\"https:\\\/\\\/i0.wp.com\\\/politicosaldesnudo.com.mx\\\/wp-content\\\/uploads\\\/2025\\\/01\\\/MAESTR.jpg?fit=768%2C504&ssl=1\",\"articleSection\":[\"ESTADOS\"],\"inLanguage\":\"es\"},{\"@type\":\"WebPage\",\"@id\":\"https:\\\/\\\/politicosaldesnudo.com.mx\\\/index.php\\\/2025\\\/01\\\/17\\\/protestan-docentes-del-paaeb-para-ser-incorporados-al-fone-en-guerrero\\\/\",\"url\":\"https:\\\/\\\/politicosaldesnudo.com.mx\\\/index.php\\\/2025\\\/01\\\/17\\\/protestan-docentes-del-paaeb-para-ser-incorporados-al-fone-en-guerrero\\\/\",\"name\":\"Protestan docentes del PAAEB para ser incorporados al Fone en Guerrero - Pol\u00edticos al Desnudo\",\"isPartOf\":{\"@id\":\"https:\\\/\\\/politicosaldesnudo.com.mx\\\/#website\"},\"primaryImageOfPage\":{\"@id\":\"https:\\\/\\\/politicosaldesnudo.com.mx\\\/index.php\\\/2025\\\/01\\\/17\\\/protestan-docentes-del-paaeb-para-ser-incorporados-al-fone-en-guerrero\\\/#primaryimage\"},\"image\":{\"@id\":\"https:\\\/\\\/politicosaldesnudo.com.mx\\\/index.php\\\/2025\\\/01\\\/17\\\/protestan-docentes-del-paaeb-para-ser-incorporados-al-fone-en-guerrero\\\/#primaryimage\"},\"thumbnailUrl\":\"https:\\\/\\\/i0.wp.com\\\/politicosaldesnudo.com.mx\\\/wp-content\\\/uploads\\\/2025\\\/01\\\/MAESTR.jpg?fit=768%2C504&ssl=1\",\"datePublished\":\"2025-01-17T06:15:08+00:00\",\"breadcrumb\":{\"@id\":\"https:\\\/\\\/politicosaldesnudo.com.mx\\\/index.php\\\/2025\\\/01\\\/17\\\/protestan-docentes-del-paaeb-para-ser-incorporados-al-fone-en-guerrero\\\/#breadcrumb\"},\"inLanguage\":\"es\",\"potentialAction\":[{\"@type\":\"ReadAction\",\"target\":[\"https:\\\/\\\/politicosaldesnudo.com.mx\\\/index.php\\\/2025\\\/01\\\/17\\\/protestan-docentes-del-paaeb-para-ser-incorporados-al-fone-en-guerrero\\\/\"]}]},{\"@type\":\"ImageObject\",\"inLanguage\":\"es\",\"@id\":\"https:\\\/\\\/politicosaldesnudo.com.mx\\\/index.php\\\/2025\\\/01\\\/17\\\/protestan-docentes-del-paaeb-para-ser-incorporados-al-fone-en-guerrero\\\/#primaryimage\",\"url\":\"https:\\\/\\\/i0.wp.com\\\/politicosaldesnudo.com.mx\\\/wp-content\\\/uploads\\\/2025\\\/01\\\/MAESTR.jpg?fit=768%2C504&ssl=1\",\"contentUrl\":\"https:\\\/\\\/i0.wp.com\\\/politicosaldesnudo.com.mx\\\/wp-content\\\/uploads\\\/2025\\\/01\\\/MAESTR.jpg?fit=768%2C504&ssl=1\",\"width\":768,\"height\":504},{\"@type\":\"BreadcrumbList\",\"@id\":\"https:\\\/\\\/politicosaldesnudo.com.mx\\\/index.php\\\/2025\\\/01\\\/17\\\/protestan-docentes-del-paaeb-para-ser-incorporados-al-fone-en-guerrero\\\/#breadcrumb\",\"itemListElement\":[{\"@type\":\"ListItem\",\"position\":1,\"name\":\"Portada\",\"item\":\"https:\\\/\\\/politicosaldesnudo.com.mx\\\/\"},{\"@type\":\"ListItem\",\"position\":2,\"name\":\"Protestan docentes del PAAEB para ser incorporados al Fone en Guerrero\"}]},{\"@type\":\"WebSite\",\"@id\":\"https:\\\/\\\/politicosaldesnudo.com.mx\\\/#website\",\"url\":\"https:\\\/\\\/politicosaldesnudo.com.mx\\\/\",\"name\":\"Pol\u00edticos al Desnudo\",\"description\":\"\",\"publisher\":{\"@id\":\"https:\\\/\\\/politicosaldesnudo.com.mx\\\/#organization\"},\"potentialAction\":[{\"@type\":\"SearchAction\",\"target\":{\"@type\":\"EntryPoint\",\"urlTemplate\":\"https:\\\/\\\/politicosaldesnudo.com.mx\\\/?s={search_term_string}\"},\"query-input\":{\"@type\":\"PropertyValueSpecification\",\"valueRequired\":true,\"valueName\":\"search_term_string\"}}],\"inLanguage\":\"es\"},{\"@type\":\"Organization\",\"@id\":\"https:\\\/\\\/politicosaldesnudo.com.mx\\\/#organization\",\"name\":\"Pol\u00edticos al Desnudo\",\"url\":\"https:\\\/\\\/politicosaldesnudo.com.mx\\\/\",\"logo\":{\"@type\":\"ImageObject\",\"inLanguage\":\"es\",\"@id\":\"https:\\\/\\\/politicosaldesnudo.com.mx\\\/#\\\/schema\\\/logo\\\/image\\\/\",\"url\":\"https:\\\/\\\/i0.wp.com\\\/politicosaldesnudo.com.mx\\\/wp-content\\\/uploads\\\/2026\\\/08\\\/cropped-logo.webp?fit=400%2C126&ssl=1\",\"contentUrl\":\"https:\\\/\\\/i0.wp.com\\\/politicosaldesnudo.com.mx\\\/wp-content\\\/uploads\\\/2026\\\/08\\\/cropped-logo.webp?fit=400%2C126&ssl=1\",\"width\":400,\"height\":126,\"caption\":\"Pol\u00edticos al Desnudo\"},\"image\":{\"@id\":\"https:\\\/\\\/politicosaldesnudo.com.mx\\\/#\\\/schema\\\/logo\\\/image\\\/\"},\"sameAs\":[\"https:\\\/\\\/www.facebook.com\\\/PoliticosAD\"]},{\"@type\":\"Person\",\"@id\":\"https:\\\/\\\/politicosaldesnudo.com.mx\\\/#\\\/schema\\\/person\\\/ef3a64e561cc3f3f5dc52fab81adde7e\",\"name\":\"Redacci\u00f3n Pol\u00edticos\",\"url\":\"https:\\\/\\\/politicosaldesnudo.com.mx\\\/index.php\\\/author\\\/redaccion-politicos\\\/\"}]}<\/script>\n<!-- \/ Yoast SEO plugin. -->","yoast_head_json":{"title":"Protestan docentes del PAAEB para ser incorporados al Fone en Guerrero - Pol\u00edticos al Desnudo","robots":{"index":"index","follow":"follow","max-snippet":"max-snippet:-1","max-image-preview":"max-image-preview:large","max-video-preview":"max-video-preview:-1"},"canonical":"https:\/\/politicosaldesnudo.com.mx\/index.php\/2025\/01\/17\/protestan-docentes-del-paaeb-para-ser-incorporados-al-fone-en-guerrero\/","og_locale":"es_ES","og_type":"article","og_title":"Protestan docentes del PAAEB para ser incorporados al Fone en Guerrero - Pol\u00edticos al Desnudo","og_description":"Maestros pertenecientes al Personal de Apoyo y Asistencia a la Educaci\u00f3n B\u00e1sica (PAAEB) de Guerrero se manifestaron nuevamente con una [&hellip;]","og_url":"https:\/\/politicosaldesnudo.com.mx\/index.php\/2025\/01\/17\/protestan-docentes-del-paaeb-para-ser-incorporados-al-fone-en-guerrero\/","og_site_name":"Pol\u00edticos al Desnudo","article_publisher":"https:\/\/www.facebook.com\/PoliticosAD","article_published_time":"2025-01-17T06:15:08+00:00","og_image":[{"width":768,"height":504,"url":"https:\/\/i0.wp.com\/politicosaldesnudo.com.mx\/wp-content\/uploads\/2025\/01\/MAESTR.jpg?fit=768%2C504&ssl=1","type":"image\/jpeg"}],"author":"Redacci\u00f3n Pol\u00edticos","twitter_card":"summary_large_image","twitter_misc":{"Escrito por":"Redacci\u00f3n Pol\u00edticos","Tiempo de lectura":"2 minutos"},"schema":{"@context":"https:\/\/schema.org","@graph":[{"@type":"Article","@id":"https:\/\/politicosaldesnudo.com.mx\/index.php\/2025\/01\/17\/protestan-docentes-del-paaeb-para-ser-incorporados-al-fone-en-guerrero\/#article","isPartOf":{"@id":"https:\/\/politicosaldesnudo.com.mx\/index.php\/2025\/01\/17\/protestan-docentes-del-paaeb-para-ser-incorporados-al-fone-en-guerrero\/"},"author":{"name":"Redacci\u00f3n Pol\u00edticos","@id":"https:\/\/politicosaldesnudo.com.mx\/#\/schema\/person\/ef3a64e561cc3f3f5dc52fab81adde7e"},"headline":"Protestan docentes del PAAEB para ser incorporados al Fone en Guerrero","datePublished":"2025-01-17T06:15:08+00:00","mainEntityOfPage":{"@id":"https:\/\/politicosaldesnudo.com.mx\/index.php\/2025\/01\/17\/protestan-docentes-del-paaeb-para-ser-incorporados-al-fone-en-guerrero\/"},"wordCount":368,"publisher":{"@id":"https:\/\/politicosaldesnudo.com.mx\/#organization"},"image":{"@id":"https:\/\/politicosaldesnudo.com.mx\/index.php\/2025\/01\/17\/protestan-docentes-del-paaeb-para-ser-incorporados-al-fone-en-guerrero\/#primaryimage"},"thumbnailUrl":"https:\/\/i0.wp.com\/politicosaldesnudo.com.mx\/wp-content\/uploads\/2025\/01\/MAESTR.jpg?fit=768%2C504&ssl=1","articleSection":["ESTADOS"],"inLanguage":"es"},{"@type":"WebPage","@id":"https:\/\/politicosaldesnudo.com.mx\/index.php\/2025\/01\/17\/protestan-docentes-del-paaeb-para-ser-incorporados-al-fone-en-guerrero\/","url":"https:\/\/politicosaldesnudo.com.mx\/index.php\/2025\/01\/17\/protestan-docentes-del-paaeb-para-ser-incorporados-al-fone-en-guerrero\/","name":"Protestan docentes del PAAEB para ser incorporados al Fone en Guerrero - Pol\u00edticos al Desnudo","isPartOf":{"@id":"https:\/\/politicosaldesnudo.com.mx\/#website"},"primaryImageOfPage":{"@id":"https:\/\/politicosaldesnudo.com.mx\/index.php\/2025\/01\/17\/protestan-docentes-del-paaeb-para-ser-incorporados-al-fone-en-guerrero\/#primaryimage"},"image":{"@id":"https:\/\/politicosaldesnudo.com.mx\/index.php\/2025\/01\/17\/protestan-docentes-del-paaeb-para-ser-incorporados-al-fone-en-guerrero\/#primaryimage"},"thumbnailUrl":"https:\/\/i0.wp.com\/politicosaldesnudo.com.mx\/wp-content\/uploads\/2025\/01\/MAESTR.jpg?fit=768%2C504&ssl=1","datePublished":"2025-01-17T06:15:08+00:00","breadcrumb":{"@id":"https:\/\/politicosaldesnudo.com.mx\/index.php\/2025\/01\/17\/protestan-docentes-del-paaeb-para-ser-incorporados-al-fone-en-guerrero\/#breadcrumb"},"inLanguage":"es","potentialAction":[{"@type":"ReadAction","target":["https:\/\/politicosaldesnudo.com.mx\/index.php\/2025\/01\/17\/protestan-docentes-del-paaeb-para-ser-incorporados-al-fone-en-guerrero\/"]}]},{"@type":"ImageObject","inLanguage":"es","@id":"https:\/\/politicosaldesnudo.com.mx\/index.php\/2025\/01\/17\/protestan-docentes-del-paaeb-para-ser-incorporados-al-fone-en-guerrero\/#primaryimage","url":"https:\/\/i0.wp.com\/politicosaldesnudo.com.mx\/wp-content\/uploads\/2025\/01\/MAESTR.jpg?fit=768%2C504&ssl=1","contentUrl":"https:\/\/i0.wp.com\/politicosaldesnudo.com.mx\/wp-content\/uploads\/2025\/01\/MAESTR.jpg?fit=768%2C504&ssl=1","width":768,"height":504},{"@type":"BreadcrumbList","@id":"https:\/\/politicosaldesnudo.com.mx\/index.php\/2025\/01\/17\/protestan-docentes-del-paaeb-para-ser-incorporados-al-fone-en-guerrero\/#breadcrumb","itemListElement":[{"@type":"ListItem","position":1,"name":"Portada","item":"https:\/\/politicosaldesnudo.com.mx\/"},{"@type":"ListItem","position":2,"name":"Protestan docentes del PAAEB para ser incorporados al Fone en Guerrero"}]},{"@type":"WebSite","@id":"https:\/\/politicosaldesnudo.com.mx\/#website","url":"https:\/\/politicosaldesnudo.com.mx\/","name":"Pol\u00edticos al Desnudo","description":"","publisher":{"@id":"https:\/\/politicosaldesnudo.com.mx\/#organization"},"potentialAction":[{"@type":"SearchAction","target":{"@type":"EntryPoint","urlTemplate":"https:\/\/politicosaldesnudo.com.mx\/?s={search_term_string}"},"query-input":{"@type":"PropertyValueSpecification","valueRequired":true,"valueName":"search_term_string"}}],"inLanguage":"es"},{"@type":"Organization","@id":"https:\/\/politicosaldesnudo.com.mx\/#organization","name":"Pol\u00edticos al Desnudo","url":"https:\/\/politicosaldesnudo.com.mx\/","logo":{"@type":"ImageObject","inLanguage":"es","@id":"https:\/\/politicosaldesnudo.com.mx\/#\/schema\/logo\/image\/","url":"https:\/\/i0.wp.com\/politicosaldesnudo.com.mx\/wp-content\/uploads\/2026\/08\/cropped-logo.webp?fit=400%2C126&ssl=1","contentUrl":"https:\/\/i0.wp.com\/politicosaldesnudo.com.mx\/wp-content\/uploads\/2026\/08\/cropped-logo.webp?fit=400%2C126&ssl=1","width":400,"height":126,"caption":"Pol\u00edticos al Desnudo"},"image":{"@id":"https:\/\/politicosaldesnudo.com.mx\/#\/schema\/logo\/image\/"},"sameAs":["https:\/\/www.facebook.com\/PoliticosAD"]},{"@type":"Person","@id":"https:\/\/politicosaldesnudo.com.mx\/#\/schema\/person\/ef3a64e561cc3f3f5dc52fab81adde7e","name":"Redacci\u00f3n Pol\u00edticos","url":"https:\/\/politicosaldesnudo.com.mx\/index.php\/author\/redaccion-politicos\/"}]}},"jetpack_publicize_connections":[],"jetpack-related-posts":[{"id":87433,"url":"https:\/\/politicosaldesnudo.com.mx\/index.php\/2026\/07\/31\/educar-no-es-militarizar\/","url_meta":{"origin":54588,"position":0},"title":"Educar no es militarizar","author":"Redacci\u00f3n Pol\u00edticos","date":"31 de julio de 2026","format":false,"excerpt":"ALMA GRANDE POR \u00c0NGEL \u00c1LVARO PE\u00d1A La educaci\u00f3n tiene un prop\u00f3sito claro: formar ciudadanos, no soldados. Por eso resulta acertada la determinaci\u00f3n de la Secretar\u00eda de Educaci\u00f3n P\u00fablica de prohibir que escuelas particulares operen bajo denominaciones que hagan referencia a una formaci\u00f3n militar o castrense. Durante a\u00f1os se normaliz\u00f3 la\u2026","rel":"","context":"En \u00abOPINI\u00d3N\u00bb","block_context":{"text":"OPINI\u00d3N","link":"https:\/\/politicosaldesnudo.com.mx\/index.php\/category\/columnistas\/"},"img":{"alt_text":"","src":"https:\/\/i0.wp.com\/politicosaldesnudo.com.mx\/wp-content\/uploads\/2026\/07\/BANNER-LOPEZ-DORIGA-DIGITAL-4.jpg?fit=800%2C445&ssl=1&resize=350%2C200","width":350,"height":200,"srcset":"https:\/\/i0.wp.com\/politicosaldesnudo.com.mx\/wp-content\/uploads\/2026\/07\/BANNER-LOPEZ-DORIGA-DIGITAL-4.jpg?fit=800%2C445&ssl=1&resize=350%2C200 1x, https:\/\/i0.wp.com\/politicosaldesnudo.com.mx\/wp-content\/uploads\/2026\/07\/BANNER-LOPEZ-DORIGA-DIGITAL-4.jpg?fit=800%2C445&ssl=1&resize=525%2C300 1.5x, https:\/\/i0.wp.com\/politicosaldesnudo.com.mx\/wp-content\/uploads\/2026\/07\/BANNER-LOPEZ-DORIGA-DIGITAL-4.jpg?fit=800%2C445&ssl=1&resize=700%2C400 2x"},"classes":[]},{"id":87118,"url":"https:\/\/politicosaldesnudo.com.mx\/index.php\/2026\/07\/22\/la-infancia-digital-entra-a-la-agenda-nacional\/","url_meta":{"origin":54588,"position":1},"title":"La infancia digital entra a la agenda nacional","author":"Redacci\u00f3n Pol\u00edticos","date":"22 de julio de 2026","format":false,"excerpt":"ALMA GRANDE POR \u00c1NGEL \u00c1LVARO PE\u00d1A La decisi\u00f3n de la presidenta Claudia Sheinbaum de dedicar un espacio semanal en \u201cLa ma\u00f1anera del pueblo\u201d para hablar sobre el impacto de las redes sociales en ni\u00f1as, ni\u00f1os y adolescentes coloca en la agenda p\u00fablica un tema que durante a\u00f1os se ha discutido\u2026","rel":"","context":"En \u00abOPINI\u00d3N\u00bb","block_context":{"text":"OPINI\u00d3N","link":"https:\/\/politicosaldesnudo.com.mx\/index.php\/category\/columnistas\/"},"img":{"alt_text":"","src":"https:\/\/i0.wp.com\/politicosaldesnudo.com.mx\/wp-content\/uploads\/2026\/07\/BANNER-LOPEZ-DORIGA-DIGITAL-3.jpg?fit=800%2C445&ssl=1&resize=350%2C200","width":350,"height":200,"srcset":"https:\/\/i0.wp.com\/politicosaldesnudo.com.mx\/wp-content\/uploads\/2026\/07\/BANNER-LOPEZ-DORIGA-DIGITAL-3.jpg?fit=800%2C445&ssl=1&resize=350%2C200 1x, https:\/\/i0.wp.com\/politicosaldesnudo.com.mx\/wp-content\/uploads\/2026\/07\/BANNER-LOPEZ-DORIGA-DIGITAL-3.jpg?fit=800%2C445&ssl=1&resize=525%2C300 1.5x, https:\/\/i0.wp.com\/politicosaldesnudo.com.mx\/wp-content\/uploads\/2026\/07\/BANNER-LOPEZ-DORIGA-DIGITAL-3.jpg?fit=800%2C445&ssl=1&resize=700%2C400 2x"},"classes":[]},{"id":52020,"url":"https:\/\/politicosaldesnudo.com.mx\/index.php\/2024\/12\/10\/cambios-en-el-ivea\/","url_meta":{"origin":54588,"position":2},"title":"Cambios en el IVEA","author":"Redacci\u00f3n Pol\u00edticos","date":"10 de diciembre de 2024","format":false,"excerpt":"A partir de este lunes, Bibiano Herrera ser\u00e1 el nuevo Coordinador de Zona del Instituto Veracruzano de Educaci\u00f3n para los Adultos, IVEA, en sustituci\u00f3n de Yeni Elizabeth D\u00edaz Quevedo, de acuerdo a la rotaci\u00f3n de personal y cambios propuestos por el nuevo gobierno. El nuevo coordinador, se desempe\u00f1aba como T\u00e9cnico\u2026","rel":"","context":"En \u00abTUXPAN\u00bb","block_context":{"text":"TUXPAN","link":"https:\/\/politicosaldesnudo.com.mx\/index.php\/category\/tuxpan\/"},"img":{"alt_text":"","src":"https:\/\/i0.wp.com\/politicosaldesnudo.com.mx\/wp-content\/uploads\/2024\/12\/6b-1.jpg?fit=1200%2C900&ssl=1&resize=350%2C200","width":350,"height":200,"srcset":"https:\/\/i0.wp.com\/politicosaldesnudo.com.mx\/wp-content\/uploads\/2024\/12\/6b-1.jpg?fit=1200%2C900&ssl=1&resize=350%2C200 1x, https:\/\/i0.wp.com\/politicosaldesnudo.com.mx\/wp-content\/uploads\/2024\/12\/6b-1.jpg?fit=1200%2C900&ssl=1&resize=525%2C300 1.5x, https:\/\/i0.wp.com\/politicosaldesnudo.com.mx\/wp-content\/uploads\/2024\/12\/6b-1.jpg?fit=1200%2C900&ssl=1&resize=700%2C400 2x, https:\/\/i0.wp.com\/politicosaldesnudo.com.mx\/wp-content\/uploads\/2024\/12\/6b-1.jpg?fit=1200%2C900&ssl=1&resize=1050%2C600 3x"},"classes":[]},{"id":87103,"url":"https:\/\/politicosaldesnudo.com.mx\/index.php\/2026\/07\/22\/vecinos-de-acapulco-protestan-ante-la-cfe-por-apagones-prolongados-llevan-5-dias-sin-luz\/","url_meta":{"origin":54588,"position":3},"title":"Vecinos de Acapulco protestan ante la CFE por apagones prolongados; llevan 5 d\u00edas sin luz","author":"Redacci\u00f3n Pol\u00edticos","date":"22 de julio de 2026","format":false,"excerpt":"Habitantes de las colonias Brisas del Mar e Ignacio Manuel Altamirano, en la zona poniente de la ciudad de Acapulco, se manifestaron este martes en las instalaciones de la Comisi\u00f3n Federal de Electricidad (CFE) en la calle Campeche, colonia progreso, para protestar por la falta de suministro de energ\u00eda el\u00e9ctrica\u2026","rel":"","context":"En \u00abESTADOS\u00bb","block_context":{"text":"ESTADOS","link":"https:\/\/politicosaldesnudo.com.mx\/index.php\/category\/estados\/"},"img":{"alt_text":"","src":"https:\/\/i0.wp.com\/politicosaldesnudo.com.mx\/wp-content\/uploads\/2026\/07\/LALU.webp?fit=1200%2C837&ssl=1&resize=350%2C200","width":350,"height":200,"srcset":"https:\/\/i0.wp.com\/politicosaldesnudo.com.mx\/wp-content\/uploads\/2026\/07\/LALU.webp?fit=1200%2C837&ssl=1&resize=350%2C200 1x, https:\/\/i0.wp.com\/politicosaldesnudo.com.mx\/wp-content\/uploads\/2026\/07\/LALU.webp?fit=1200%2C837&ssl=1&resize=525%2C300 1.5x, https:\/\/i0.wp.com\/politicosaldesnudo.com.mx\/wp-content\/uploads\/2026\/07\/LALU.webp?fit=1200%2C837&ssl=1&resize=700%2C400 2x, https:\/\/i0.wp.com\/politicosaldesnudo.com.mx\/wp-content\/uploads\/2026\/07\/LALU.webp?fit=1200%2C837&ssl=1&resize=1050%2C600 3x"},"classes":[]},{"id":87944,"url":"https:\/\/politicosaldesnudo.com.mx\/index.php\/2026\/08\/21\/muere-atanasio-garcia-duran-historico-referente-de-la-izquierda-veracruzana\/","url_meta":{"origin":54588,"position":4},"title":"Muere Atanasio Garc\u00eda Dur\u00e1n, hist\u00f3rico referente de la izquierda veracruzana","author":"Redacci\u00f3n Pol\u00edticos","date":"21 de agosto de 2026","format":false,"excerpt":"El maestro, acad\u00e9mico y exdiputado local Atanasio Garc\u00eda Dur\u00e1n falleci\u00f3 la noche del jueves 20 de agosto, a los 83 a\u00f1os. Adem\u00e1s de su amplia trayectoria en la educaci\u00f3n y la pol\u00edtica de Veracruz, fue padre del exgobernador Cuitl\u00e1huac Garc\u00eda Jim\u00e9nez. Garc\u00eda Dur\u00e1n permanec\u00eda hospitalizado desde principios de agosto debido\u2026","rel":"","context":"En \u00abESTADOS\u00bb","block_context":{"text":"ESTADOS","link":"https:\/\/politicosaldesnudo.com.mx\/index.php\/category\/estados\/"},"img":{"alt_text":"","src":"https:\/\/i0.wp.com\/politicosaldesnudo.com.mx\/wp-content\/uploads\/2026\/08\/fallecio-atanasio-garcia-padre-del-ex-gobernador-de-veracruz-cuitlahuac-garcia_93a1df84-098a-43c7-adf2-51d88e2d2666_media.webp?fit=1200%2C848&ssl=1&resize=350%2C200","width":350,"height":200,"srcset":"https:\/\/i0.wp.com\/politicosaldesnudo.com.mx\/wp-content\/uploads\/2026\/08\/fallecio-atanasio-garcia-padre-del-ex-gobernador-de-veracruz-cuitlahuac-garcia_93a1df84-098a-43c7-adf2-51d88e2d2666_media.webp?fit=1200%2C848&ssl=1&resize=350%2C200 1x, https:\/\/i0.wp.com\/politicosaldesnudo.com.mx\/wp-content\/uploads\/2026\/08\/fallecio-atanasio-garcia-padre-del-ex-gobernador-de-veracruz-cuitlahuac-garcia_93a1df84-098a-43c7-adf2-51d88e2d2666_media.webp?fit=1200%2C848&ssl=1&resize=525%2C300 1.5x, https:\/\/i0.wp.com\/politicosaldesnudo.com.mx\/wp-content\/uploads\/2026\/08\/fallecio-atanasio-garcia-padre-del-ex-gobernador-de-veracruz-cuitlahuac-garcia_93a1df84-098a-43c7-adf2-51d88e2d2666_media.webp?fit=1200%2C848&ssl=1&resize=700%2C400 2x, https:\/\/i0.wp.com\/politicosaldesnudo.com.mx\/wp-content\/uploads\/2026\/08\/fallecio-atanasio-garcia-padre-del-ex-gobernador-de-veracruz-cuitlahuac-garcia_93a1df84-098a-43c7-adf2-51d88e2d2666_media.webp?fit=1200%2C848&ssl=1&resize=1050%2C600 3x"},"classes":[]},{"id":88097,"url":"https:\/\/politicosaldesnudo.com.mx\/index.php\/2026\/08\/27\/gloria-sanchez-la-izquierda-que-todavia-sabe-servir\/","url_meta":{"origin":54588,"position":5},"title":"Gloria S\u00e1nchez: la izquierda que todav\u00eda sabe servir","author":"Redacci\u00f3n Pol\u00edticos","date":"27 de agosto de 2026","format":false,"excerpt":"BIT\u00c1CORA POL\u00cdTICA Por Miguel \u00c1ngel Cristiani G. Hay reconocimientos que se entregan por protocolo y hay otros que, adem\u00e1s de reconocer una trayectoria, sirven para recordarles a los pol\u00edticos de hoy lo que significa realmente dedicar la vida al servicio p\u00fablico. \u00c9ste \u00faltimo parece ser el caso de Gloria S\u00e1nchez\u2026","rel":"","context":"En \u00abOPINI\u00d3N\u00bb","block_context":{"text":"OPINI\u00d3N","link":"https:\/\/politicosaldesnudo.com.mx\/index.php\/category\/columnistas\/"},"img":{"alt_text":"","src":"https:\/\/i0.wp.com\/politicosaldesnudo.com.mx\/wp-content\/uploads\/2026\/08\/COLUMNISTAS-PAD-5.png?fit=1200%2C659&ssl=1&resize=350%2C200","width":350,"height":200,"srcset":"https:\/\/i0.wp.com\/politicosaldesnudo.com.mx\/wp-content\/uploads\/2026\/08\/COLUMNISTAS-PAD-5.png?fit=1200%2C659&ssl=1&resize=350%2C200 1x, https:\/\/i0.wp.com\/politicosaldesnudo.com.mx\/wp-content\/uploads\/2026\/08\/COLUMNISTAS-PAD-5.png?fit=1200%2C659&ssl=1&resize=525%2C300 1.5x, https:\/\/i0.wp.com\/politicosaldesnudo.com.mx\/wp-content\/uploads\/2026\/08\/COLUMNISTAS-PAD-5.png?fit=1200%2C659&ssl=1&resize=700%2C400 2x, https:\/\/i0.wp.com\/politicosaldesnudo.com.mx\/wp-content\/uploads\/2026\/08\/COLUMNISTAS-PAD-5.png?fit=1200%2C659&ssl=1&resize=1050%2C600 3x"},"classes":[]}],"jetpack_sharing_enabled":true,"jetpack_featured_media_url":"https:\/\/i0.wp.com\/politicosaldesnudo.com.mx\/wp-content\/uploads\/2025\/01\/MAESTR.jpg?fit=768%2C504&ssl=1","_links":{"self":[{"href":"https:\/\/politicosaldesnudo.com.mx\/index.php\/wp-json\/wp\/v2\/posts\/54588","targetHints":{"allow":["GET"]}}],"collection":[{"href":"https:\/\/politicosaldesnudo.com.mx\/index.php\/wp-json\/wp\/v2\/posts"}],"about":[{"href":"https:\/\/politicosaldesnudo.com.mx\/index.php\/wp-json\/wp\/v2\/types\/post"}],"author":[{"embeddable":true,"href":"https:\/\/politicosaldesnudo.com.mx\/index.php\/wp-json\/wp\/v2\/users\/4"}],"replies":[{"embeddable":true,"href":"https:\/\/politicosaldesnudo.com.mx\/index.php\/wp-json\/wp\/v2\/comments?post=54588"}],"version-history":[{"count":0,"href":"https:\/\/politicosaldesnudo.com.mx\/index.php\/wp-json\/wp\/v2\/posts\/54588\/revisions"}],"wp:featuredmedia":[{"embeddable":true,"href":"https:\/\/politicosaldesnudo.com.mx\/index.php\/wp-json\/wp\/v2\/media\/54589"}],"wp:attachment":[{"href":"https:\/\/politicosaldesnudo.com.mx\/index.php\/wp-json\/wp\/v2\/media?parent=54588"}],"wp:term":[{"taxonomy":"category","embeddable":true,"href":"https:\/\/politicosaldesnudo.com.mx\/index.php\/wp-json\/wp\/v2\/categories?post=54588"},{"taxonomy":"post_tag","embeddable":true,"href":"https:\/\/politicosaldesnudo.com.mx\/index.php\/wp-json\/wp\/v2\/tags?post=54588"}],"curies":[{"name":"wp","href":"https:\/\/api.w.org\/{rel}","templated":true}]}}