{"id":54617,"date":"2025-01-18T00:05:54","date_gmt":"2025-01-18T06:05:54","guid":{"rendered":"https:\/\/politicosaldesnudo.com.mx\/?p=54617"},"modified":"2025-01-17T22:33:29","modified_gmt":"2025-01-18T04:33:29","slug":"impulsan-monreal-y-adan-lopez-iniciativas-de-sheinbaum-tras-desencuentro","status":"publish","type":"post","link":"https:\/\/politicosaldesnudo.com.mx\/index.php\/2025\/01\/18\/impulsan-monreal-y-adan-lopez-iniciativas-de-sheinbaum-tras-desencuentro\/","title":{"rendered":"Impulsan Monreal y Ad\u00e1n L\u00f3pez iniciativas de Sheinbaum tras desencuentro"},"content":{"rendered":"<p>Los presidentes de la Junta de Coordinaci\u00f3n Pol\u00edtica (Jucopo) en las c\u00e1maras de Diputados y de Senadores, Ricardo Monreal y Ad\u00e1n Augusto L\u00f3pez, respectivamente, se reunieron para impulsar en el Congreso las iniciativas de la presidenta Claudia Sheinbaum, luego de desencuentro que ambos sostuvieron hace algunas semanas.<\/p>\n<p>\u201cEl momento que vive M\u00e9xico requiere de unidad nacional, y la agenda legislativa pr\u00f3xima debe incluir las prioridades del gobierno de la presidenta @Claudiashein para beneficio de la poblaci\u00f3n. De eso hablamos el senador @adan_augusto y yo, reiterando nuestra amistad y respeto\u201d, public\u00f3 este viernes Monreal en su cuenta de X, en un mensaje donde incluy\u00f3 una foto donde aparecen \u00e9l y de L\u00f3pez Hern\u00e1ndez, abrazados y sonrientes.<\/p>\n<p>Como se inform\u00f3 en este diario, el pasado 13 de diciembre ambos l\u00edderes legislativos tuvieron un \u201cencontronazo\u201d declarativo, luego de que Ad\u00e1n Augusto L\u00f3pez denunciara desde la tribuna del Senado que detectaron dos contratos fraudulentos, \u201cdos negocitos ya a\u00f1ejos\u201d por m\u00e1s de 150 millones de pesos que ya rescindieron y les permitir\u00e1n compensar el recorte de 123 millones de pesos que sufri\u00f3 la C\u00e1mara Alta para 2025.<\/p>\n<p>Ello provoc\u00f3 de inmediato la confrontaci\u00f3n con Monreal, quien calific\u00f3 los dichos de su correligionario como \u201cinfundios\u201d y sostuvo que no hubo irregularidades en los contratos que autoriz\u00f3 durante el tiempo que \u00e9l presidi\u00f3 el Senado.<\/p>\n<p>Cuando se le pregunt\u00f3 a L\u00f3pez Hern\u00e1ndez si los contratos irregulares proven\u00edan de la legislatura pasada, en que el titular de la Junta de Coordinaci\u00f3n Pol\u00edtica del Senado fue Monreal, respondi\u00f3 que no se\u00f1alaba a nadie, pero s\u00ed presentar\u00eda denuncias ante la Fiscal\u00eda General de la Rep\u00fablica, la Secretar\u00eda de la Funci\u00f3n P\u00fablica y la Auditor\u00eda Superior de la Federaci\u00f3n.<\/p>\n<p>Para contener el choque, el presidente de la mesa directiva de San L\u00e1zaro, Sergio Guti\u00e9rrez Luna, dio a conocer en redes sociales un comunicado con la firma de los 253 diputados morenistas, en la cual hicieron un llamado a la unidad, para que \u00e9sta prevaleciera \u201cpor encima de cualquier inter\u00e9s personal o particular\u201d, y manifestaron su respaldo a Monreal. Sin embargo, unas horas despu\u00e9s el mensaje fue borrado de las cuentas de Guti\u00e9rrez Luna.<\/p>\n<p>De igual manera, el 16 de diciembre pasado, Monreal y L\u00f3pez Hern\u00e1ndez se reunieron en Palacio Nacional con la presidenta Claudia Sheinbaum y la titular de la Secretar\u00eda de Gobernaci\u00f3n, Rosa Icela Rodr\u00edguez, para atenuar el conflicto entre ambos legisladores.<\/p>\n","protected":false},"excerpt":{"rendered":"<p>Los presidentes de la Junta de Coordinaci\u00f3n Pol\u00edtica (Jucopo) en las c\u00e1maras de Diputados y de Senadores, Ricardo Monreal y<\/p>\n","protected":false},"author":4,"featured_media":54618,"comment_status":"closed","ping_status":"closed","sticky":false,"template":"","format":"standard","meta":{"colormag_page_container_layout":"default_layout","colormag_page_sidebar_layout":"default_layout","_jetpack_memberships_contains_paid_content":false,"footnotes":"","jetpack_publicize_message":"","jetpack_publicize_feature_enabled":true,"jetpack_social_post_already_shared":false,"jetpack_social_options":{"image_generator_settings":{"template":"highway","default_image_id":0,"font":"","enabled":false},"version":2}},"categories":[33],"tags":[],"class_list":["post-54617","post","type-post","status-publish","format-standard","has-post-thumbnail","hentry","category-nacional"],"jetpack_publicize_connections":[],"jetpack_featured_media_url":"https:\/\/i0.wp.com\/politicosaldesnudo.com.mx\/wp-content\/uploads\/2025\/01\/Impulsan-Monreal-y-Adan-Lopez-iniciativas-de-Sheinbaum-tras-desencuentro-1.jpg?fit=549%2C355&ssl=1","jetpack-related-posts":[],"jetpack_sharing_enabled":true,"_links":{"self":[{"href":"https:\/\/politicosaldesnudo.com.mx\/index.php\/wp-json\/wp\/v2\/posts\/54617","targetHints":{"allow":["GET"]}}],"collection":[{"href":"https:\/\/politicosaldesnudo.com.mx\/index.php\/wp-json\/wp\/v2\/posts"}],"about":[{"href":"https:\/\/politicosaldesnudo.com.mx\/index.php\/wp-json\/wp\/v2\/types\/post"}],"author":[{"embeddable":true,"href":"https:\/\/politicosaldesnudo.com.mx\/index.php\/wp-json\/wp\/v2\/users\/4"}],"replies":[{"embeddable":true,"href":"https:\/\/politicosaldesnudo.com.mx\/index.php\/wp-json\/wp\/v2\/comments?post=54617"}],"version-history":[{"count":0,"href":"https:\/\/politicosaldesnudo.com.mx\/index.php\/wp-json\/wp\/v2\/posts\/54617\/revisions"}],"wp:featuredmedia":[{"embeddable":true,"href":"https:\/\/politicosaldesnudo.com.mx\/index.php\/wp-json\/wp\/v2\/media\/54618"}],"wp:attachment":[{"href":"https:\/\/politicosaldesnudo.com.mx\/index.php\/wp-json\/wp\/v2\/media?parent=54617"}],"wp:term":[{"taxonomy":"category","embeddable":true,"href":"https:\/\/politicosaldesnudo.com.mx\/index.php\/wp-json\/wp\/v2\/categories?post=54617"},{"taxonomy":"post_tag","embeddable":true,"href":"https:\/\/politicosaldesnudo.com.mx\/index.php\/wp-json\/wp\/v2\/tags?post=54617"}],"curies":[{"name":"wp","href":"https:\/\/api.w.org\/{rel}","templated":true}]}}