{"id":54620,"date":"2025-01-18T00:06:06","date_gmt":"2025-01-18T06:06:06","guid":{"rendered":"https:\/\/politicosaldesnudo.com.mx\/?p=54620"},"modified":"2025-01-17T22:35:42","modified_gmt":"2025-01-18T04:35:42","slug":"convoca-unam-a-cerrar-filas-ante-embate-anunciado-por-trump-contra-migrantes","status":"publish","type":"post","link":"https:\/\/politicosaldesnudo.com.mx\/index.php\/2025\/01\/18\/convoca-unam-a-cerrar-filas-ante-embate-anunciado-por-trump-contra-migrantes\/","title":{"rendered":"Convoca UNAM a \u00abcerrar filas\u00bb ante embate anunciado por Trump contra migrantes"},"content":{"rendered":"<p class=\"western\">En v\u00edsperas de que comience el segundo mandato presidencial de Donald Trump al frente del gobierno estadunidense, la Universidad Nacional Aut\u00f3noma de M\u00e9xico (UNAM) convoc\u00f3 a la sociedad mexicana a \u201ccerrar filas ante la agresi\u00f3n que se avecina a las comunidades mexicanas en Estados Unidos, a apoyar las iniciativas del gobierno de la Rep\u00fablica ante esta situaci\u00f3n de emergencia, y a desarrollar todas las acciones que est\u00e9n a nuestro alcance para acompa\u00f1ar a las personas migrantes que puedan verse afectadas por las acciones que ha anunciado el pr\u00f3ximo gobierno de los Estados Unidos\u201d.<\/p>\n<p class=\"western\">Al participar en la Conferencia Universitaria por la defensa de los derechos y dignidad de los migrantes y el inter\u00e9s nacional, el rector de la UNAM, Leonardo Lomel\u00ed Vanegas, se\u00f1al\u00f3 que \u201ccriminalizar la migraci\u00f3n, como una estrategia para desviar la tensi\u00f3n de los grandes problemas de nuestro tiempo, representa una regresi\u00f3n hist\u00f3rica y una amenaza para la convivencia pac\u00edfica entre personas de distintas procedencias\u201d.<\/p>\n<p class=\"western\">A\u00f1adi\u00f3 que Estados Unidos es una naci\u00f3n de migrantes. \u201cPor ello resulta inaceptable que no se reconozca la contribuci\u00f3n de la inmigraci\u00f3n mexicana y latinoamericana a la econom\u00eda, la sociedad y la cultura estadounidenses\u201d y asever\u00f3 que, desde una perspectiva m\u00e1s amplia, \u201cresulta preocupante la pretensi\u00f3n de pasar por encima del derecho y las instituciones internacionales, que en los \u00faltimos 80 a\u00f1os han tratado de construir un orden internacional m\u00e1s justo e incluyente\u201d.<\/p>\n<p class=\"western\">Tras desglosar diversas acciones que la casa de estudios ha desplegado favor de la poblaci\u00f3n migrante y los estudiantes universitarios nacionales y extranjeros en movilidad, dijo que en las pr\u00f3ximas semanas la UNAM anunciar\u00e1 una serie de acciones para apoyar desde M\u00e9xico, y a trav\u00e9s de su sedes en Estados Unidos, a nuestra poblaci\u00f3n migrante mexicana en ese pa\u00eds.<\/p>\n<p class=\"western\">\u201cDe esta manera la UNAM ratifica su compromiso con la naci\u00f3n y con la defensa de la dignidad de las personas y los derechos humanos, sin importar su situaci\u00f3n migratoria\u201d, asever\u00f3.<\/p>\n<p class=\"western\">En su ponencia, Lomel\u00ed Vanegas advirti\u00f3 que \u201cen este momento global y regional decisivo, caracterizado por cambios geopol\u00edticos profundos, la Universidad Nacional Aut\u00f3noma de M\u00e9xico, ratifica su compromiso con el pensamiento libre, el conocimiento riguroso y la responsabilidad social\u201d.<\/p>\n<p class=\"western\">En el contexto pol\u00edtico internacional actual, dijo que \u201cla UNAM, desde su papel como una de las instituciones educativas m\u00e1s importantes de Iberoam\u00e9rica y el mundo, hace un llamado a las instituciones educaci\u00f3n superior, a los organismos internacionales, a los gobiernos y la sociedad civil para que trabajemos juntos en la construcci\u00f3n de sociedades que valoren la dignidad humana, la soberan\u00eda y la libertad por encima de ideolog\u00edas e intereses\u201d.<\/p>\n<p class=\"western\">Detall\u00f3 que desde 1989, el Centro de Investigaciones sobre Am\u00e9rica del Norte (Cisan) se consolidado como una punta de lanza en el estudio de la integraci\u00f3n econ\u00f3mica, pol\u00edtica y cultural en Norteam\u00e9rica, coordinando investigaciones claves sobre migraci\u00f3n, econom\u00eda, derechos humanos, cultura e impactos del T-MEC.<\/p>\n<p class=\"western\">En ese tenor, se han establecido programas en favor de las y los migrantes, como la Red de Apoyo para la Defensa Migrantes y la Promoci\u00f3n de la Ciudadan\u00eda, en colaboraci\u00f3n con la Comisi\u00f3n Nacional de los Derechos Humanos (CNDH).<\/p>\n<p class=\"western\">Adem\u00e1s, la UNAM ha reconocido a figuras e instituciones dedicadas a la defensa de los derechos de las personas migrantes,con el premio Alfonso Garc\u00eda Robles, \u201creafirmando nuestro compromiso con la dignidad humana\u201d y recientemente se firm\u00f3 un convenio con la Secretar\u00eda de Relaciones Exteriores, para fortalecer la colaboraci\u00f3n en la ayuda a migrantes mediante acciones conjuntas que incluyen asesor\u00edas jur\u00eddicas, programas educativos, asistencias psicol\u00f3gica y la promoci\u00f3n de los derechos humanos a nivel internacional.<\/p>\n<p class=\"western\">\u201cActualmente,contamos con 65 convenios vigentes con 56 instituciones de Estados Unidos, los cuales han facilitado la movilidad de dos mil 27 personas, incluyendo mil 548 estudiantes de licenciatura en movilidad saliente y 479 estudiantes estadounidenses en movilidad entrante, fortaleciendo los lazos educativos y culturales entre ambas naciones\u201d.<\/p>\n<p class=\"western\">Asimismo, \u201cnuestra instituci\u00f3n ha sido testigo y protagonista de los grandes cambios sociales, culturales, pol\u00edticos y econ\u00f3micos de nuestra naci\u00f3n y del mundo. Por esta razones no podemos permanecer indiferentes ante los retos que enfrentan la comunidad migrante. Recordemos que los muros y enconos m\u00e1s peligrosos son los que construyen la intolerancia y el desprecio a la diversidad\u201d.<\/p>\n<p class=\"western\">Destac\u00f3 que \u201cla migraci\u00f3n no es un fen\u00f3meno problem\u00e1tico que deba contenerse, sino una realidad que debemos atender\u201d. Por \u00e9stos motivos la UNAM se enfocar\u00e1 en fortalecer la investigaci\u00f3n interdisciplinaria sobre los fen\u00f3menos migratorios para generar pol\u00edticas p\u00fablicas que garantizan los derechos humanos y la sostenibilidad.<\/p>\n<p class=\"western\">Tambi\u00e9n, impulsar\u00e1 programas que promuevan la ciudadan\u00eda participativa y el acceso a derechos fundamentales, defender\u00e1 los derechos de estudiantes y trabajadores migrantes, garantiz\u00e1ndoles entorno seguros, generar\u00e1 m\u00e1s alianzas internacionales que ampl\u00eden la colaboraci\u00f3n entre instituciones educativas y organismos de derechos humanos.<\/p>\n","protected":false},"excerpt":{"rendered":"<p>En v\u00edsperas de que comience el segundo mandato presidencial de Donald Trump al frente del gobierno estadunidense, la Universidad Nacional<\/p>\n","protected":false},"author":4,"featured_media":54621,"comment_status":"closed","ping_status":"closed","sticky":false,"template":"","format":"standard","meta":{"colormag_page_container_layout":"default_layout","colormag_page_sidebar_layout":"default_layout","_jetpack_memberships_contains_paid_content":false,"footnotes":"","jetpack_publicize_message":"","jetpack_publicize_feature_enabled":true,"jetpack_social_post_already_shared":false,"jetpack_social_options":{"image_generator_settings":{"template":"highway","default_image_id":0,"font":"","enabled":false},"version":2}},"categories":[33],"tags":[],"class_list":["post-54620","post","type-post","status-publish","format-standard","has-post-thumbnail","hentry","category-nacional"],"jetpack_publicize_connections":[],"jetpack_featured_media_url":"https:\/\/i0.wp.com\/politicosaldesnudo.com.mx\/wp-content\/uploads\/2025\/01\/f1280x720-1072503_1204178_5050.jpg?fit=1280%2C720&ssl=1","jetpack-related-posts":[],"jetpack_sharing_enabled":true,"_links":{"self":[{"href":"https:\/\/politicosaldesnudo.com.mx\/index.php\/wp-json\/wp\/v2\/posts\/54620","targetHints":{"allow":["GET"]}}],"collection":[{"href":"https:\/\/politicosaldesnudo.com.mx\/index.php\/wp-json\/wp\/v2\/posts"}],"about":[{"href":"https:\/\/politicosaldesnudo.com.mx\/index.php\/wp-json\/wp\/v2\/types\/post"}],"author":[{"embeddable":true,"href":"https:\/\/politicosaldesnudo.com.mx\/index.php\/wp-json\/wp\/v2\/users\/4"}],"replies":[{"embeddable":true,"href":"https:\/\/politicosaldesnudo.com.mx\/index.php\/wp-json\/wp\/v2\/comments?post=54620"}],"version-history":[{"count":0,"href":"https:\/\/politicosaldesnudo.com.mx\/index.php\/wp-json\/wp\/v2\/posts\/54620\/revisions"}],"wp:featuredmedia":[{"embeddable":true,"href":"https:\/\/politicosaldesnudo.com.mx\/index.php\/wp-json\/wp\/v2\/media\/54621"}],"wp:attachment":[{"href":"https:\/\/politicosaldesnudo.com.mx\/index.php\/wp-json\/wp\/v2\/media?parent=54620"}],"wp:term":[{"taxonomy":"category","embeddable":true,"href":"https:\/\/politicosaldesnudo.com.mx\/index.php\/wp-json\/wp\/v2\/categories?post=54620"},{"taxonomy":"post_tag","embeddable":true,"href":"https:\/\/politicosaldesnudo.com.mx\/index.php\/wp-json\/wp\/v2\/tags?post=54620"}],"curies":[{"name":"wp","href":"https:\/\/api.w.org\/{rel}","templated":true}]}}