{"id":54644,"date":"2025-01-18T00:14:49","date_gmt":"2025-01-18T06:14:49","guid":{"rendered":"https:\/\/politicosaldesnudo.com.mx\/?p=54644"},"modified":"2025-01-17T22:57:12","modified_gmt":"2025-01-18T04:57:12","slug":"es-raro-que-gobierno-anterior-no-detectara-camaras-del-crimen-organizado-rocio-nahle","status":"publish","type":"post","link":"https:\/\/politicosaldesnudo.com.mx\/index.php\/2025\/01\/18\/es-raro-que-gobierno-anterior-no-detectara-camaras-del-crimen-organizado-rocio-nahle\/","title":{"rendered":"Es \u201craro\u201d que gobierno anterior no detectara c\u00e1maras del crimen organizado: Roc\u00edo Nahle"},"content":{"rendered":"<p><em>Xalapa, Ver.<\/em><\/p>\n<p>\u201cEs raro\u201d que el gobierno de Cuitl\u00e1huac Garc\u00eda Jim\u00e9nez no detectara la existencia de c\u00e1maras de videovigilancia instaladas por la delincuencia organizada en diversas partes del estado de Veracruz, acus\u00f3 la actual Gobernadora, Roc\u00edo Nahle Garc\u00eda.<\/p>\n<p>Expres\u00f3 que actualmente se est\u00e1 haciendo un esfuerzo en conjunto con las fuerzas federales para eliminar este tipo de instalaciones que los grupos delincuenciales utilizan para vigilar las acciones de las autoridades.<\/p>\n<p>Dijo que hasta el momento no se tiene identificado un grupo delincuencial en espec\u00edfico responsable de la instalaci\u00f3n de estas c\u00e1maras, sin embargo no se puede permitir que contin\u00fae porque es necesario poner orden en la entidad.<\/p>\n<p>\u201cEs una gran estrategia que se est\u00e1 haciendo, de seguridad, porque primero, son il\u00edcitas, son espacios p\u00fablicos y es parte de poner orden en Veracruz, y lo estamos haciendo bastante bien\u201d, coment\u00f3 la mandataria.<\/p>\n<p>Cabe destacar que desde los primeros d\u00edas del a\u00f1o, elementos de la Secretar\u00eda de la Defensa Nacional, de la Secretar\u00eda de Marina y de la Secretar\u00eda de Seguridad P\u00fablica del estado de Veracruz han realizado operativos para erradicar estas c\u00e1maras ilegales.<\/p>\n<p>Han sido casi un centenar de c\u00e1maras de videovigilancia las que se han retirado en municipios como Poza Rica, Veracruz, Minatitl\u00e1n, Coatzacoalcos, entre otros y los cuales las autoridades han se\u00f1alado como instaladas por la delincuencia.<\/p>\n<p>El operativo m\u00e1s reciente fue implementado por DEFENSA en los municipios de Tuxpan y Ozuluama, al norte de Veracruz, donde se logr\u00f3 el aseguramiento de 24 c\u00e1maras de vigilancia instaladas en diversos puntos del \u00e1rea urbana.<\/p>\n<p>\u201cDichos dispositivos son empleados para monitorear los movimientos de las autoridades encargadas de garantizar la seguridad p\u00fablica y vigilar las calles como medida de protecci\u00f3n en busca de impunidad\u201d, indicaron las autoridades.<\/p>\n","protected":false},"excerpt":{"rendered":"<p>Xalapa, Ver. \u201cEs raro\u201d que el gobierno de Cuitl\u00e1huac Garc\u00eda Jim\u00e9nez no detectara la existencia de c\u00e1maras de videovigilancia instaladas<\/p>\n","protected":false},"author":4,"featured_media":54645,"comment_status":"closed","ping_status":"closed","sticky":false,"template":"","format":"standard","meta":{"colormag_page_container_layout":"default_layout","colormag_page_sidebar_layout":"default_layout","_jetpack_memberships_contains_paid_content":false,"footnotes":"","jetpack_publicize_message":"","jetpack_publicize_feature_enabled":true,"jetpack_social_post_already_shared":false,"jetpack_social_options":{"image_generator_settings":{"template":"highway","default_image_id":0,"font":"","enabled":false},"version":2}},"categories":[30],"tags":[],"class_list":["post-54644","post","type-post","status-publish","format-standard","has-post-thumbnail","hentry","category-estados"],"jetpack_publicize_connections":[],"jetpack_featured_media_url":"https:\/\/i0.wp.com\/politicosaldesnudo.com.mx\/wp-content\/uploads\/2025\/01\/EHJR.jpg?fit=696%2C341&ssl=1","jetpack-related-posts":[],"jetpack_sharing_enabled":true,"_links":{"self":[{"href":"https:\/\/politicosaldesnudo.com.mx\/index.php\/wp-json\/wp\/v2\/posts\/54644","targetHints":{"allow":["GET"]}}],"collection":[{"href":"https:\/\/politicosaldesnudo.com.mx\/index.php\/wp-json\/wp\/v2\/posts"}],"about":[{"href":"https:\/\/politicosaldesnudo.com.mx\/index.php\/wp-json\/wp\/v2\/types\/post"}],"author":[{"embeddable":true,"href":"https:\/\/politicosaldesnudo.com.mx\/index.php\/wp-json\/wp\/v2\/users\/4"}],"replies":[{"embeddable":true,"href":"https:\/\/politicosaldesnudo.com.mx\/index.php\/wp-json\/wp\/v2\/comments?post=54644"}],"version-history":[{"count":0,"href":"https:\/\/politicosaldesnudo.com.mx\/index.php\/wp-json\/wp\/v2\/posts\/54644\/revisions"}],"wp:featuredmedia":[{"embeddable":true,"href":"https:\/\/politicosaldesnudo.com.mx\/index.php\/wp-json\/wp\/v2\/media\/54645"}],"wp:attachment":[{"href":"https:\/\/politicosaldesnudo.com.mx\/index.php\/wp-json\/wp\/v2\/media?parent=54644"}],"wp:term":[{"taxonomy":"category","embeddable":true,"href":"https:\/\/politicosaldesnudo.com.mx\/index.php\/wp-json\/wp\/v2\/categories?post=54644"},{"taxonomy":"post_tag","embeddable":true,"href":"https:\/\/politicosaldesnudo.com.mx\/index.php\/wp-json\/wp\/v2\/tags?post=54644"}],"curies":[{"name":"wp","href":"https:\/\/api.w.org\/{rel}","templated":true}]}}