{"id":54647,"date":"2025-01-18T00:15:19","date_gmt":"2025-01-18T06:15:19","guid":{"rendered":"https:\/\/politicosaldesnudo.com.mx\/?p=54647"},"modified":"2025-01-17T22:59:30","modified_gmt":"2025-01-18T04:59:30","slug":"ni-alarmados-ni-preocupados-por-tema-migratorio-alcalde-de-tijuana","status":"publish","type":"post","link":"https:\/\/politicosaldesnudo.com.mx\/index.php\/2025\/01\/18\/ni-alarmados-ni-preocupados-por-tema-migratorio-alcalde-de-tijuana\/","title":{"rendered":"Ni alarmados ni preocupados por tema migratorio: alcalde de Tijuana"},"content":{"rendered":"<p>En Tijuana no estamos \u00abni alarmados, no estamos preocupados, el tema migratorio se vive todos los d\u00edas\u201d, expuso el alcalde de esa localidad fronteriza, Ismael Burgue\u00f1o Ruiz.<\/p>\n<div dir=\"auto\">\n<p dir=\"ltr\">Sobre la estrategia de atenci\u00f3n para las personas deportadas,\u00a0a partir del lunes 20 de enero, cuando asuma la presidencia de Estados Unidos, Donald Trump,\u00a0dijo que hay una coordinaci\u00f3n permanente con la Federaci\u00f3n para que responda en caso de que la capacidad de los municipios sea superada, \u00abes un tema que requiere unidad nacional\u00bb, subray\u00f3 en un comunicado.<\/p>\n<p dir=\"ltr\">En Tijuana se ha dispuesto de inmuebles que podr\u00edan habilitarse como albergues temporales.<\/p>\n<p dir=\"ltr\">\u201cAh\u00ed en Tijuana propusimos ya espacios privados, son naves industriales y son espacios donde vamos a garantizar una buena organizaci\u00f3n en caso de que suceda, estamos previniendo, no estamos en estado de alerta estamos listos para colaborar\u201d, confirm\u00f3 Burgue\u00f1o Ruiz.<\/p>\n<p dir=\"ltr\">Puntualiz\u00f3 que no usar\u00edan instalaciones a la intemperie como campos deportivos o parques.<\/p>\n<p dir=\"ltr\">\u201cNo vamos a usar espacios p\u00fablicos s\u00f3lo espacios privados porque tambi\u00e9n de esa manera a la ciudadan\u00eda se le altera su ritmo de vida que es ir a unidades deportivas, hacer deporte con sus hijos, y de esa manera todos estamos contentos y somos parte de esta din\u00e1mica\u201d, detall\u00f3.<\/p>\n<p dir=\"ltr\">Hace tres d\u00edas, el presidente municipal de Tijuana, Ismael Burgue\u00f1o, activ\u00f3 una declaratoria de emergencia en la ciudad ante la posibilidad que Donald Trump cumpla su promesa de deportaciones masivas a partir del lunes 20 de enero, d\u00eda en que toma posesi\u00f3n.<\/p>\n<p dir=\"ltr\">La alerta fue aprobada por unanimidad del cabildo municipal, el objetivo es tener recursos disponibles s\u00f3lo en caso de que la situaci\u00f3n llegue a un punto cr\u00edtico.<\/p>\n<p dir=\"ltr\">\u201cEso es un esquema meramente administrativo, en Tijuana el reglamento te permite hacer declaratoria de emergencia cuando t\u00fa ves venir una posible situaci\u00f3n y te permite hacer uso del recurso municipal de manera inmediata.<\/p>\n<\/div>\n<div dir=\"auto\">El pasado viernes, Ismael Burgue\u00f1o Ruiz particip\u00f3 en el Encuentro Nacional Municipal celebrado en la Ciudad de M\u00e9xico.<\/div>\n","protected":false},"excerpt":{"rendered":"<p>En Tijuana no estamos \u00abni alarmados, no estamos preocupados, el tema migratorio se vive todos los d\u00edas\u201d, expuso el alcalde<\/p>\n","protected":false},"author":4,"featured_media":54648,"comment_status":"closed","ping_status":"closed","sticky":false,"template":"","format":"standard","meta":{"colormag_page_container_layout":"default_layout","colormag_page_sidebar_layout":"default_layout","_jetpack_memberships_contains_paid_content":false,"footnotes":"","jetpack_publicize_message":"","jetpack_publicize_feature_enabled":true,"jetpack_social_post_already_shared":false,"jetpack_social_options":{"image_generator_settings":{"template":"highway","default_image_id":0,"font":"","enabled":false},"version":2}},"categories":[30],"tags":[],"class_list":["post-54647","post","type-post","status-publish","format-standard","has-post-thumbnail","hentry","category-estados"],"jetpack_publicize_connections":[],"jetpack_featured_media_url":"https:\/\/i0.wp.com\/politicosaldesnudo.com.mx\/wp-content\/uploads\/2025\/01\/bd1ce5bf-c5b3-485f-88d2-bd0484666feb.jpg?fit=994%2C498&ssl=1","jetpack-related-posts":[],"jetpack_sharing_enabled":true,"_links":{"self":[{"href":"https:\/\/politicosaldesnudo.com.mx\/index.php\/wp-json\/wp\/v2\/posts\/54647","targetHints":{"allow":["GET"]}}],"collection":[{"href":"https:\/\/politicosaldesnudo.com.mx\/index.php\/wp-json\/wp\/v2\/posts"}],"about":[{"href":"https:\/\/politicosaldesnudo.com.mx\/index.php\/wp-json\/wp\/v2\/types\/post"}],"author":[{"embeddable":true,"href":"https:\/\/politicosaldesnudo.com.mx\/index.php\/wp-json\/wp\/v2\/users\/4"}],"replies":[{"embeddable":true,"href":"https:\/\/politicosaldesnudo.com.mx\/index.php\/wp-json\/wp\/v2\/comments?post=54647"}],"version-history":[{"count":0,"href":"https:\/\/politicosaldesnudo.com.mx\/index.php\/wp-json\/wp\/v2\/posts\/54647\/revisions"}],"wp:featuredmedia":[{"embeddable":true,"href":"https:\/\/politicosaldesnudo.com.mx\/index.php\/wp-json\/wp\/v2\/media\/54648"}],"wp:attachment":[{"href":"https:\/\/politicosaldesnudo.com.mx\/index.php\/wp-json\/wp\/v2\/media?parent=54647"}],"wp:term":[{"taxonomy":"category","embeddable":true,"href":"https:\/\/politicosaldesnudo.com.mx\/index.php\/wp-json\/wp\/v2\/categories?post=54647"},{"taxonomy":"post_tag","embeddable":true,"href":"https:\/\/politicosaldesnudo.com.mx\/index.php\/wp-json\/wp\/v2\/tags?post=54647"}],"curies":[{"name":"wp","href":"https:\/\/api.w.org\/{rel}","templated":true}]}}