{"id":54668,"date":"2025-01-18T00:02:16","date_gmt":"2025-01-18T06:02:16","guid":{"rendered":"https:\/\/politicosaldesnudo.com.mx\/?p=54668"},"modified":"2025-01-17T23:15:05","modified_gmt":"2025-01-18T05:15:05","slug":"dif-tuxpan-invita-a-donar-ropa-de-frio","status":"publish","type":"post","link":"https:\/\/politicosaldesnudo.com.mx\/index.php\/2025\/01\/18\/dif-tuxpan-invita-a-donar-ropa-de-frio\/","title":{"rendered":"DIF Tuxpan invita a donar ropa de fr\u00edo"},"content":{"rendered":"<p>El Sistema para el Desarrollo Integral de la Familia (DIF) Tuxpan est\u00e1 en la recta final de su campa\u00f1a de recaudaci\u00f3n de ropa de fr\u00edo, la cual tiene como objetivo ayudar a las personas en situaci\u00f3n vulnerable durante esta temporada invernal. Este esfuerzo, que se realiza de manera estatal, ha beneficiado a miles de familias a lo largo de los a\u00f1os, inform\u00f3 Melba L\u00f3pez, presidenta del DIF Tuxpan.<\/p>\n<p>En el municipio, la campa\u00f1a incluye la recolecci\u00f3n de abrigos, su\u00e9teres, chamarras y cobijas, tanto nuevos como en buen estado, que ser\u00e1n distribuidos entre las comunidades m\u00e1s necesitadas. Las donaciones se reciben en las instalaciones del DIF, ubicadas en la cabecera municipal, con un horario de atenci\u00f3n de 9:00 a.m. a 3:00 p.m.<\/p>\n<p>Melba L\u00f3pez destac\u00f3 que este programa representa una oportunidad para que la poblaci\u00f3n demuestre su solidaridad y contribuya a mejorar las condiciones de quienes enfrentan las bajas temperaturas con recursos limitados. Record\u00f3 tambi\u00e9n que la campa\u00f1a estar\u00e1 vigente hasta el pr\u00f3ximo 20 de enero, por lo que hizo un llamado a los tuxpe\u00f1os a participar en esta noble causa.<\/p>\n<p>\u201cUn abrigo puede significar mucho m\u00e1s que protecci\u00f3n contra el fr\u00edo, puede ser una muestra de amor y apoyo para aquellos que lo necesitan. Invitamos a todos a unirse a este esfuerzo colectivo y hacer la diferencia\u201d, concluy\u00f3 la presidenta del DIF.<\/p>\n","protected":false},"excerpt":{"rendered":"<p>El Sistema para el Desarrollo Integral de la Familia (DIF) Tuxpan est\u00e1 en la recta final de su campa\u00f1a de<\/p>\n","protected":false},"author":4,"featured_media":54669,"comment_status":"closed","ping_status":"closed","sticky":false,"template":"","format":"standard","meta":{"colormag_page_container_layout":"default_layout","colormag_page_sidebar_layout":"default_layout","_jetpack_memberships_contains_paid_content":false,"footnotes":"","jetpack_publicize_message":"","jetpack_publicize_feature_enabled":true,"jetpack_social_post_already_shared":false,"jetpack_social_options":{"image_generator_settings":{"template":"highway","default_image_id":0,"font":"","enabled":false},"version":2}},"categories":[1082],"tags":[],"class_list":["post-54668","post","type-post","status-publish","format-standard","has-post-thumbnail","hentry","category-tuxpan"],"jetpack_publicize_connections":[],"jetpack_featured_media_url":"https:\/\/i0.wp.com\/politicosaldesnudo.com.mx\/wp-content\/uploads\/2025\/01\/3c-5.jpg?fit=1370%2C1312&ssl=1","jetpack-related-posts":[],"jetpack_sharing_enabled":true,"_links":{"self":[{"href":"https:\/\/politicosaldesnudo.com.mx\/index.php\/wp-json\/wp\/v2\/posts\/54668","targetHints":{"allow":["GET"]}}],"collection":[{"href":"https:\/\/politicosaldesnudo.com.mx\/index.php\/wp-json\/wp\/v2\/posts"}],"about":[{"href":"https:\/\/politicosaldesnudo.com.mx\/index.php\/wp-json\/wp\/v2\/types\/post"}],"author":[{"embeddable":true,"href":"https:\/\/politicosaldesnudo.com.mx\/index.php\/wp-json\/wp\/v2\/users\/4"}],"replies":[{"embeddable":true,"href":"https:\/\/politicosaldesnudo.com.mx\/index.php\/wp-json\/wp\/v2\/comments?post=54668"}],"version-history":[{"count":0,"href":"https:\/\/politicosaldesnudo.com.mx\/index.php\/wp-json\/wp\/v2\/posts\/54668\/revisions"}],"wp:featuredmedia":[{"embeddable":true,"href":"https:\/\/politicosaldesnudo.com.mx\/index.php\/wp-json\/wp\/v2\/media\/54669"}],"wp:attachment":[{"href":"https:\/\/politicosaldesnudo.com.mx\/index.php\/wp-json\/wp\/v2\/media?parent=54668"}],"wp:term":[{"taxonomy":"category","embeddable":true,"href":"https:\/\/politicosaldesnudo.com.mx\/index.php\/wp-json\/wp\/v2\/categories?post=54668"},{"taxonomy":"post_tag","embeddable":true,"href":"https:\/\/politicosaldesnudo.com.mx\/index.php\/wp-json\/wp\/v2\/tags?post=54668"}],"curies":[{"name":"wp","href":"https:\/\/api.w.org\/{rel}","templated":true}]}}