{"id":54685,"date":"2025-01-19T00:02:03","date_gmt":"2025-01-19T06:02:03","guid":{"rendered":"https:\/\/politicosaldesnudo.com.mx\/?p=54685"},"modified":"2025-01-18T21:07:00","modified_gmt":"2025-01-19T03:07:00","slug":"preparan-mercadito-solidario","status":"publish","type":"post","link":"https:\/\/politicosaldesnudo.com.mx\/index.php\/2025\/01\/19\/preparan-mercadito-solidario\/","title":{"rendered":"Preparan Mercadito Solidario"},"content":{"rendered":"<p>Hoy 19 de enero a partir de las 8:00 de la ma\u00f1ana en la explanada de la plaza c\u00edvica del Ayuntamiento, se llevar\u00e1 a cabo la venta de productos del campo a trav\u00e9s del Mercadito Solidario con costos accesibles y donde la finalidad principal es apoyar a los productores Tuxpe\u00f1os.<\/p>\n<p>El mercadito, abrir\u00e1 sus puertas para ofrecer una amplia variedad de frutas, verduras, hortalizas y productos procesados, todos ellos cultivados de manera agroecol\u00f3gica y libres de qu\u00edmicos.<\/p>\n<p>Los asistentes podr\u00e1n disfrutar de los mejores productos de temporada, como frutas c\u00edtricas, chiles, ma\u00edz, lechuga, pl\u00e1tano, frijol, panader\u00eda y mucho m\u00e1s, todo ello, producido por agricultores de los municipios de Tuxpan, Tamiahua, Tihuatl\u00e1n y la regi\u00f3n.<\/p>\n<p>Este evento es posible gracias al programa de extensionismo de la Secretar\u00eda de Desarrollo Agropecuario, Rural y Pesca; SEDARPA y que, con esta iniciativa, buscan promover la agricultura sustentable y apoyar a los productores locales.<\/p>\n<p>\u00abInvitamos a toda la poblaci\u00f3n a que se sume a esta gran fiesta del campo y el consumo responsable, es una oportunidad \u00fanica para conocer a nuestros productores, adquirir productos de calidad y contribuir a fortalecer la econom\u00eda local\u00bb, invitaron los organizadores.<\/p>\n","protected":false},"excerpt":{"rendered":"<p>Hoy 19 de enero a partir de las 8:00 de la ma\u00f1ana en la explanada de la plaza c\u00edvica del<\/p>\n","protected":false},"author":4,"featured_media":54686,"comment_status":"closed","ping_status":"closed","sticky":false,"template":"","format":"standard","meta":{"colormag_page_container_layout":"default_layout","colormag_page_sidebar_layout":"default_layout","_jetpack_memberships_contains_paid_content":false,"footnotes":"","jetpack_publicize_message":"","jetpack_publicize_feature_enabled":true,"jetpack_social_post_already_shared":false,"jetpack_social_options":{"image_generator_settings":{"template":"highway","default_image_id":0,"font":"","enabled":false},"version":2}},"categories":[1082],"tags":[],"class_list":["post-54685","post","type-post","status-publish","format-standard","has-post-thumbnail","hentry","category-tuxpan"],"jetpack_publicize_connections":[],"jetpack_featured_media_url":"https:\/\/i0.wp.com\/politicosaldesnudo.com.mx\/wp-content\/uploads\/2025\/01\/3b1-1.jpg?fit=1200%2C800&ssl=1","jetpack-related-posts":[],"jetpack_sharing_enabled":true,"_links":{"self":[{"href":"https:\/\/politicosaldesnudo.com.mx\/index.php\/wp-json\/wp\/v2\/posts\/54685","targetHints":{"allow":["GET"]}}],"collection":[{"href":"https:\/\/politicosaldesnudo.com.mx\/index.php\/wp-json\/wp\/v2\/posts"}],"about":[{"href":"https:\/\/politicosaldesnudo.com.mx\/index.php\/wp-json\/wp\/v2\/types\/post"}],"author":[{"embeddable":true,"href":"https:\/\/politicosaldesnudo.com.mx\/index.php\/wp-json\/wp\/v2\/users\/4"}],"replies":[{"embeddable":true,"href":"https:\/\/politicosaldesnudo.com.mx\/index.php\/wp-json\/wp\/v2\/comments?post=54685"}],"version-history":[{"count":0,"href":"https:\/\/politicosaldesnudo.com.mx\/index.php\/wp-json\/wp\/v2\/posts\/54685\/revisions"}],"wp:featuredmedia":[{"embeddable":true,"href":"https:\/\/politicosaldesnudo.com.mx\/index.php\/wp-json\/wp\/v2\/media\/54686"}],"wp:attachment":[{"href":"https:\/\/politicosaldesnudo.com.mx\/index.php\/wp-json\/wp\/v2\/media?parent=54685"}],"wp:term":[{"taxonomy":"category","embeddable":true,"href":"https:\/\/politicosaldesnudo.com.mx\/index.php\/wp-json\/wp\/v2\/categories?post=54685"},{"taxonomy":"post_tag","embeddable":true,"href":"https:\/\/politicosaldesnudo.com.mx\/index.php\/wp-json\/wp\/v2\/tags?post=54685"}],"curies":[{"name":"wp","href":"https:\/\/api.w.org\/{rel}","templated":true}]}}