{"id":54688,"date":"2025-01-19T00:03:21","date_gmt":"2025-01-19T06:03:21","guid":{"rendered":"https:\/\/politicosaldesnudo.com.mx\/?p=54688"},"modified":"2025-01-18T21:05:53","modified_gmt":"2025-01-19T03:05:53","slug":"sedema-trabaja-en-gestion-de-residuos","status":"publish","type":"post","link":"https:\/\/politicosaldesnudo.com.mx\/index.php\/2025\/01\/19\/sedema-trabaja-en-gestion-de-residuos\/","title":{"rendered":"Sedema trabaja en gesti\u00f3n de residuos"},"content":{"rendered":"<p>La\u00a0 Secretar\u00eda de Medio Ambiente de Veracruz (Sedema), destac\u00f3 la importancia de que los municipios gestionen correctamente sus centros de transferencia de residuos. Durante una gira por diferentes localidades, enfatiz\u00f3 que el manejo adecuado de los desechos es clave para garantizar el cumplimiento de las normativas ambientales y preservar el entorno, as\u00ed lo indic\u00f3 Luz Mariela Zaleta Mendoza, titular de la Sedema.<\/p>\n<p>\u00abEl objetivo es que los municipios trabajen de manera adecuada en la operaci\u00f3n de estos centros. Desde Sedema estamos abiertos a brindar asesor\u00eda y resolver cualquier duda sobre el manejo de los rellenos sanitarios,\u00bb se\u00f1al\u00f3.<\/p>\n<p>La funcionaria explic\u00f3 que la operaci\u00f3n de los centros de transferencia recae en los municipios. \u00abSi deciden gestionarlos, Sedema les proporciona toda la informaci\u00f3n necesaria y trabajamos de manera coordinada para garantizar su correcto funcionamiento,\u00bb a\u00f1adi\u00f3.<\/p>\n<p>Actualmente, Sedema se encuentra revisando qui\u00e9n opera algunos de estos centros, ya que algunos fueron construidos por la Procuradur\u00eda del Medio Ambiente (PMA). \u00abEstamos analizando si est\u00e1n en manos de concesionarios o si pertenecen a los municipios. Estas visitas son fundamentales para aclarar estos aspectos y fortalecer las acciones locales,\u00bb concluy\u00f3.<\/p>\n<p>La Sedema busca fortalecer la colaboraci\u00f3n con los municipios, promoviendo una gesti\u00f3n sostenible de los residuos s\u00f3lidos que minimice su impacto ambiental y mejore la calidad de vida de los veracruzanos.<\/p>\n","protected":false},"excerpt":{"rendered":"<p>La\u00a0 Secretar\u00eda de Medio Ambiente de Veracruz (Sedema), destac\u00f3 la importancia de que los municipios gestionen correctamente sus centros de<\/p>\n","protected":false},"author":4,"featured_media":54689,"comment_status":"closed","ping_status":"closed","sticky":false,"template":"","format":"standard","meta":{"colormag_page_container_layout":"default_layout","colormag_page_sidebar_layout":"default_layout","_jetpack_memberships_contains_paid_content":false,"footnotes":"","jetpack_publicize_message":"","jetpack_publicize_feature_enabled":true,"jetpack_social_post_already_shared":false,"jetpack_social_options":{"image_generator_settings":{"template":"highway","default_image_id":0,"font":"","enabled":false},"version":2}},"categories":[1082],"tags":[],"class_list":["post-54688","post","type-post","status-publish","format-standard","has-post-thumbnail","hentry","category-tuxpan"],"jetpack_publicize_connections":[],"jetpack_featured_media_url":"https:\/\/i0.wp.com\/politicosaldesnudo.com.mx\/wp-content\/uploads\/2025\/01\/4c-5.jpg?fit=739%2C415&ssl=1","jetpack-related-posts":[],"jetpack_sharing_enabled":true,"_links":{"self":[{"href":"https:\/\/politicosaldesnudo.com.mx\/index.php\/wp-json\/wp\/v2\/posts\/54688","targetHints":{"allow":["GET"]}}],"collection":[{"href":"https:\/\/politicosaldesnudo.com.mx\/index.php\/wp-json\/wp\/v2\/posts"}],"about":[{"href":"https:\/\/politicosaldesnudo.com.mx\/index.php\/wp-json\/wp\/v2\/types\/post"}],"author":[{"embeddable":true,"href":"https:\/\/politicosaldesnudo.com.mx\/index.php\/wp-json\/wp\/v2\/users\/4"}],"replies":[{"embeddable":true,"href":"https:\/\/politicosaldesnudo.com.mx\/index.php\/wp-json\/wp\/v2\/comments?post=54688"}],"version-history":[{"count":0,"href":"https:\/\/politicosaldesnudo.com.mx\/index.php\/wp-json\/wp\/v2\/posts\/54688\/revisions"}],"wp:featuredmedia":[{"embeddable":true,"href":"https:\/\/politicosaldesnudo.com.mx\/index.php\/wp-json\/wp\/v2\/media\/54689"}],"wp:attachment":[{"href":"https:\/\/politicosaldesnudo.com.mx\/index.php\/wp-json\/wp\/v2\/media?parent=54688"}],"wp:term":[{"taxonomy":"category","embeddable":true,"href":"https:\/\/politicosaldesnudo.com.mx\/index.php\/wp-json\/wp\/v2\/categories?post=54688"},{"taxonomy":"post_tag","embeddable":true,"href":"https:\/\/politicosaldesnudo.com.mx\/index.php\/wp-json\/wp\/v2\/tags?post=54688"}],"curies":[{"name":"wp","href":"https:\/\/api.w.org\/{rel}","templated":true}]}}