{"id":54807,"date":"2025-01-20T00:27:50","date_gmt":"2025-01-20T06:27:50","guid":{"rendered":"https:\/\/politicosaldesnudo.com.mx\/?p=54807"},"modified":"2025-01-20T00:27:50","modified_gmt":"2025-01-20T06:27:50","slug":"la-nueva-guerra-fria","status":"publish","type":"post","link":"https:\/\/politicosaldesnudo.com.mx\/index.php\/2025\/01\/20\/la-nueva-guerra-fria\/","title":{"rendered":"La nueva guerra fr\u00eda"},"content":{"rendered":"<p>LA RECOMPOSICI\u00d3N GEOPOL\u00cdTICA DEL MUNDO<\/p>\n<p>Estamos viviendo tiempos de conflicto. Estamos regresando a los tiempos de la \u201cguerra fr\u00eda\u201d de la posguerra, que sucedi\u00f3 a la Segunda Guerra Mundial, con la diferencia de que no s\u00f3lo hay dos jugadores importantes como hubo en aquella \u00e9poca, de confrontaci\u00f3n diplom\u00e1tica entre la extinta Uni\u00f3n Sovi\u00e9tica y la OTAN liderada por Estados Unidos. Hoy del lado isl\u00e1mico hay jugadores importantes como Ir\u00e1n y todos los pa\u00edses que solapan a grupos terroristas como ISIS y Ham\u00e1s y adem\u00e1s, enclaves socialistas en Am\u00e9rica como Venezuela y Nicaragua, pues la reci\u00e9n socializada Cuba ya empezaba a jugar del lado de la Uni\u00f3n Sovi\u00e9tica. China tambi\u00e9n es un nuevo jugador importante que en la \u201cguerra fr\u00eda\u201d del siglo XX no exist\u00eda, pero hoy ya es una potencia mundial y puede inclinar la balanza hacia cualquier lado.<\/p>\n<p>China pol\u00edticamente es comunista pero financiera y econ\u00f3micamente una potencia capitalista. Por tanto, en un conflicto grave dif\u00edcilmente querr\u00e1 distanciarse de su gran mercado europeo y del de los pa\u00edses americanos alineados con Estados Unidos. Por tanto, es impredecible. Como ha trascendido, entre los pocos mandatarios invitados a la investidura de Donald Trump est\u00e1 Xi Ping, presidente de la rep\u00fablica Popular China, y aunque \u00e9l no asistir\u00e1, estar\u00e1 representado por su vicepresidente Han Zheng.<\/p>\n<p>El conflicto de la Franja de Gaza, as\u00ed como la lucha entre Rusia y una Ucrania respaldada por la OTAN, y tambi\u00e9n conflictos \u00a0como el de Venezuela pueden detonar la \u201cTercera Guerra Mundial\u201d\u2026 o tambi\u00e9n cualquier acci\u00f3n arriesgada impulsada por la nueva pol\u00edtica norteamericana, -agresiva-, que est\u00e1 perfilando Donald Trump para \u201cVolver a hacer grande a Norteam\u00e9rica\u201d, que equivale a fortalecer su liderazgo mundial, expansionista, como respuesta a lo que Trump ha calificado como un tibio, fr\u00e1gil y vulnerable Estados Unidos bajo la pol\u00edtica exterior del dem\u00f3crata Joe Biden.<\/p>\n<p>Este es un mundo complejo donde debe jugar M\u00e9xico. Sin embargo, hoy no vemos a un gobierno mexicano que sepa para d\u00f3nde moverse.<\/p>\n<p>Este gobierno est\u00e1 pasmado y aturdido frente a los amagos de Donald Trump; respondiendo de forma agresiva en las palabras, -para dejar tranquilo al electorado de la 4T al que se le dan discursos patri\u00f3ticos-, pero vulnerable en los hechos y reactivo, prepar\u00e1ndose para recibir el \u00e9xodo de migrantes latinoamericanos.<\/p>\n<p>Si bien en el primer periodo de Donald Trump ten\u00edamos a un Videgaray muy bien posicionado en el primer c\u00edrculo de Donald Trump a trav\u00e9s de su yerno Jared Kushner, -esposo de Ivanka Trump-, y a un Ildefonso Guajardo, cuidando las relaciones comerciales con Estados Unidos.<\/p>\n<p>\u00bfQui\u00e9n encabeza hoy la avanzada diplom\u00e1tica frente al trumpismo?<\/p>\n<p>El tema de la amenaza trumpista, de imponer aranceles a nuestras exportaciones tiene de cabeza a este gobierno y la deportaci\u00f3n masiva de paisanos, -y quiz\u00e1 otras nacionalidades tambi\u00e9n-, se convierte en pesadilla.<\/p>\n<p>Tiempos inciertos donde la Doctrina Estrada no es m\u00e1s que un clich\u00e9 diplom\u00e1tico para vestir de seriedad nuestra pol\u00edtica exterior, pero que ya no funciona pues despu\u00e9s de casi cien a\u00f1os de vida envejeci\u00f3 junto con el mundo que le toc\u00f3 vivir.<\/p>\n<p>Cuando se desintegr\u00f3 la Uni\u00f3n Sovi\u00e9tica Francis Fukuyama, -catedr\u00e1tico norteamericano-, public\u00f3 \u201cEl fin de la historia y el \u00faltimo hombre\u201d, donde auguraba el nacimiento de una paz duradera a partir del fin de los conflictos ideol\u00f3gicos que hab\u00edan dividido al mundo en socialista y capitalista.<\/p>\n<p>Sin embargo, en la misma \u00e9poca otro intelectual norteamericano, Samuel Huntington public\u00f3 \u201cEl choque de civilizaciones\u201d, donde visualizaba una confrontaci\u00f3n cultural donde chocar\u00eda el mundo isl\u00e1mico con el bloque occidental, lo cual ha estado sucediendo.<\/p>\n<p>Frente a este mundo complejo mucho bien le har\u00eda a M\u00e9xico si la presidenta Sheinbaum hiciera una alianza con los neoliberales Videgaray, Guajardo y todos aquellos que supieron mediar con el equipo de Trump. No hacerlo pude ser catastr\u00f3fico.<\/p>\n<p>Frente a este escenario catastr\u00f3fico la soberbia cuatrotera debe guardarse en un caj\u00f3n.<\/p>\n<p>\u00bfA usted qu\u00e9 le parece?<\/p>\n<p><img data-recalc-dims=\"1\" loading=\"lazy\" decoding=\"async\" class=\"aligncenter size-full wp-image-54803\" src=\"https:\/\/i0.wp.com\/politicosaldesnudo.com.mx\/wp-content\/uploads\/2025\/01\/FIRMA-EDITORIAL-PD-4.jpg?resize=800%2C98&#038;ssl=1\" alt=\"\" width=\"800\" height=\"98\" srcset=\"https:\/\/i0.wp.com\/politicosaldesnudo.com.mx\/wp-content\/uploads\/2025\/01\/FIRMA-EDITORIAL-PD-4.jpg?w=1024&amp;ssl=1 1024w, https:\/\/i0.wp.com\/politicosaldesnudo.com.mx\/wp-content\/uploads\/2025\/01\/FIRMA-EDITORIAL-PD-4.jpg?resize=300%2C37&amp;ssl=1 300w, https:\/\/i0.wp.com\/politicosaldesnudo.com.mx\/wp-content\/uploads\/2025\/01\/FIRMA-EDITORIAL-PD-4.jpg?resize=768%2C94&amp;ssl=1 768w\" sizes=\"auto, (max-width: 800px) 100vw, 800px\" \/><\/p>\n","protected":false},"excerpt":{"rendered":"<p>LA RECOMPOSICI\u00d3N GEOPOL\u00cdTICA DEL MUNDO Estamos viviendo tiempos de conflicto. Estamos regresando a los tiempos de la \u201cguerra fr\u00eda\u201d de<\/p>\n","protected":false},"author":4,"featured_media":48797,"comment_status":"closed","ping_status":"closed","sticky":false,"template":"","format":"standard","meta":{"colormag_page_container_layout":"default_layout","colormag_page_sidebar_layout":"default_layout","_jetpack_memberships_contains_paid_content":false,"footnotes":"","jetpack_publicize_message":"","jetpack_publicize_feature_enabled":true,"jetpack_social_post_already_shared":false,"jetpack_social_options":{"image_generator_settings":{"template":"highway","default_image_id":0,"font":"","enabled":false},"version":2}},"categories":[26],"tags":[],"class_list":["post-54807","post","type-post","status-publish","format-standard","has-post-thumbnail","hentry","category-columnistas"],"jetpack_publicize_connections":[],"jetpack_featured_media_url":"https:\/\/i0.wp.com\/politicosaldesnudo.com.mx\/wp-content\/uploads\/2024\/10\/RICARDO-HOMS.jpg?fit=800%2C447&ssl=1","jetpack-related-posts":[],"jetpack_sharing_enabled":true,"_links":{"self":[{"href":"https:\/\/politicosaldesnudo.com.mx\/index.php\/wp-json\/wp\/v2\/posts\/54807","targetHints":{"allow":["GET"]}}],"collection":[{"href":"https:\/\/politicosaldesnudo.com.mx\/index.php\/wp-json\/wp\/v2\/posts"}],"about":[{"href":"https:\/\/politicosaldesnudo.com.mx\/index.php\/wp-json\/wp\/v2\/types\/post"}],"author":[{"embeddable":true,"href":"https:\/\/politicosaldesnudo.com.mx\/index.php\/wp-json\/wp\/v2\/users\/4"}],"replies":[{"embeddable":true,"href":"https:\/\/politicosaldesnudo.com.mx\/index.php\/wp-json\/wp\/v2\/comments?post=54807"}],"version-history":[{"count":0,"href":"https:\/\/politicosaldesnudo.com.mx\/index.php\/wp-json\/wp\/v2\/posts\/54807\/revisions"}],"wp:featuredmedia":[{"embeddable":true,"href":"https:\/\/politicosaldesnudo.com.mx\/index.php\/wp-json\/wp\/v2\/media\/48797"}],"wp:attachment":[{"href":"https:\/\/politicosaldesnudo.com.mx\/index.php\/wp-json\/wp\/v2\/media?parent=54807"}],"wp:term":[{"taxonomy":"category","embeddable":true,"href":"https:\/\/politicosaldesnudo.com.mx\/index.php\/wp-json\/wp\/v2\/categories?post=54807"},{"taxonomy":"post_tag","embeddable":true,"href":"https:\/\/politicosaldesnudo.com.mx\/index.php\/wp-json\/wp\/v2\/tags?post=54807"}],"curies":[{"name":"wp","href":"https:\/\/api.w.org\/{rel}","templated":true}]}}