{"id":54813,"date":"2025-01-20T00:32:50","date_gmt":"2025-01-20T06:32:50","guid":{"rendered":"https:\/\/politicosaldesnudo.com.mx\/?p=54813"},"modified":"2025-01-20T00:32:50","modified_gmt":"2025-01-20T06:32:50","slug":"abrigando-corazones","status":"publish","type":"post","link":"https:\/\/politicosaldesnudo.com.mx\/index.php\/2025\/01\/20\/abrigando-corazones\/","title":{"rendered":"Abrigando Corazones"},"content":{"rendered":"<p><em>\u201cLa alegr\u00eda de hacer bien est\u00e1 en sembrar, no en recoger.\u201d \u2013 Jacinto Benavente.<\/em><\/p>\n<p><strong>\u00a0<\/strong><strong>Ante las bajas temperaturas en el pa\u00eds, la entidad veracruzana ha resentido como cada a\u00f1o la llegada del periodo invernal, eso abre la ventana de posibilidades para que la poblaci\u00f3n en las regiones m\u00e1s altas y apartadas comience a sufrir y padecer los estragos del fr\u00edo extremo.<\/strong><\/p>\n<p><strong>Adultos mayores, ni\u00f1os y hasta las mascotas sufren las consecuencias de la ca\u00edda del mercurio en los term\u00f3metros complicando en muchos su condici\u00f3n de pobreza, porque deber\u00e1n destinar recursos especiales para atenderse si es que enferman.<\/strong><\/p>\n<p><strong>Por fortuna, la actual administraci\u00f3n estatal comienza a marcar diferencia con respecto a la pasada administraci\u00f3n estatal, y entre lo relevante de ello es que exhibe una sensibilidad y humanidad que no puede ser m\u00e1s que producto de la gu\u00eda de una mujer \u2013que como madre- sabe que quienes m\u00e1s la sufren son los hijos y los abuelos.<\/strong><\/p>\n<p><strong>Para ello la Gobernadora Roc\u00edo Nahle Garc\u00eda ha dispuesto de todo lo necesario para que dependencias como la Secretar\u00eda de Protecci\u00f3n Civil, DIF Estatal y la Secretar\u00eda de Desarrollo Social implementen el Programa denominado \u201cAbrigando Corazones\u201d.<\/strong><\/p>\n<p><strong>Este programa aplicado ya en otras entidades del pa\u00eds, buscar\u00e1 beneficiar a esas comunidades que verdaderamente m\u00e1s lo necesitan.<\/strong><\/p>\n<p><strong>El pasado 16 de enero, por instrucciones de la titular del Ejecutivo la secretar\u00eda de Protecci\u00f3n Civil Guadalupe Osorno Maldonado encabez\u00f3 el arranque de dicho programa en 16 comunidades del municipio de Las Vigas de Ram\u00edrez.<\/strong><\/p>\n<p><strong>La finalidad es entregar cobertores, alimentos, libros, y atenci\u00f3n m\u00e9dica de calidad y con calidez a las familias que m\u00e1s lo necesitan, todo esto como parte del Plan de Acci\u00f3n de los primeros 100 d\u00edas de administraci\u00f3n estatal.<\/strong><\/p>\n<p><strong>Lo interesante de la medida es que las titulares de las dependencias involucradas son todas mujeres mostrando que el poder femenino es y est\u00e1 presente en la funci\u00f3n p\u00fablica de Veracruz, confirmando que es tiempo de mujeres, como lo ha se\u00f1alado la propia presidenta de M\u00e9xico, Claudia Sheinbaum Pardo.<\/strong><\/p>\n<p><strong>Durante el arranque de este importante programa la titular de la Secretar\u00eda de Desarrollo Social, Margarita Santoprieto remarc\u00f3 que el objetivo principal es brindar abrigo, promover la solidaridad humana, y la empat\u00eda en la comunidad.<\/strong><\/p>\n<p><strong>Por su parte, la Directora General del DIF Estatal, Clara Mora Ju\u00e1rez ha remarcado que llevar\u00e1n art\u00edculos de primera necesidad, as\u00ed como medicamentos.<\/strong><\/p>\n<p><strong>Este programa Abrigando Corazones pone de manifiesto que el trabajo coordinado y ordenado de todas las dependencias de Gobierno pueden ser clave para apoyar a la poblaci\u00f3n que m\u00e1s lo necesita pues contar\u00e1 con la participaci\u00f3n de la Secretar\u00eda de Salud, y sus \u201cCamionetitas de la Salud\u201d para llevar medicamentos a todos y cada uno de los centros de salud de las zonas serranas m\u00e1s alejadas.<\/strong><\/p>\n<p><strong>Adem\u00e1s de que, junto con ellas, participar\u00e1n las fuerzas federales y de Seguridad P\u00fablica \u2013Secretar\u00eda de Seguridad P\u00fablica, Secretar\u00eda de la Defensa Nacional y Guardia Nacional- para custodiar a todas y todos, as\u00ed como el material que sea transportado a las regiones m\u00e1s necesitadas.<\/strong><\/p>\n<p><strong>La intenci\u00f3n es continuar con dicho programa de donaciones de ropa y cobijas por parte de legisladores y todos los sectores productivos, para con ello, llevar no solo apoyos materiales y alimentos calientes, sino tambi\u00e9n un poco del coraz\u00f3n de cada uno de los participantes.<\/strong><\/p>\n<p><strong>Con programas y acciones como estas Veracruz comienza a mostrar un nuevo rostro, en donde el Gobierno Estatal muestra la sensibilidad pol\u00edtica y humana que dej\u00f3 de tener ante el paso de personajes que lamentablemente solo vieron en la poblaci\u00f3n n\u00fameros y no personas.<\/strong><\/p>\n<p><strong>\u00a0<\/strong><\/p>\n<p><strong>Al tiempo.<\/strong><\/p>\n<p><img data-recalc-dims=\"1\" loading=\"lazy\" decoding=\"async\" class=\"aligncenter size-full wp-image-54803\" src=\"https:\/\/i0.wp.com\/politicosaldesnudo.com.mx\/wp-content\/uploads\/2025\/01\/FIRMA-EDITORIAL-PD-4.jpg?resize=800%2C98&#038;ssl=1\" alt=\"\" width=\"800\" height=\"98\" srcset=\"https:\/\/i0.wp.com\/politicosaldesnudo.com.mx\/wp-content\/uploads\/2025\/01\/FIRMA-EDITORIAL-PD-4.jpg?w=1024&amp;ssl=1 1024w, https:\/\/i0.wp.com\/politicosaldesnudo.com.mx\/wp-content\/uploads\/2025\/01\/FIRMA-EDITORIAL-PD-4.jpg?resize=300%2C37&amp;ssl=1 300w, https:\/\/i0.wp.com\/politicosaldesnudo.com.mx\/wp-content\/uploads\/2025\/01\/FIRMA-EDITORIAL-PD-4.jpg?resize=768%2C94&amp;ssl=1 768w\" sizes=\"auto, (max-width: 800px) 100vw, 800px\" \/><\/p>\n","protected":false},"excerpt":{"rendered":"<p>\u201cLa alegr\u00eda de hacer bien est\u00e1 en sembrar, no en recoger.\u201d \u2013 Jacinto Benavente. \u00a0Ante las bajas temperaturas en el<\/p>\n","protected":false},"author":4,"featured_media":36965,"comment_status":"closed","ping_status":"closed","sticky":false,"template":"","format":"standard","meta":{"colormag_page_container_layout":"default_layout","colormag_page_sidebar_layout":"default_layout","_jetpack_memberships_contains_paid_content":false,"footnotes":"","jetpack_publicize_message":"","jetpack_publicize_feature_enabled":true,"jetpack_social_post_already_shared":false,"jetpack_social_options":{"image_generator_settings":{"template":"highway","default_image_id":0,"font":"","enabled":false},"version":2}},"categories":[26],"tags":[],"class_list":["post-54813","post","type-post","status-publish","format-standard","has-post-thumbnail","hentry","category-columnistas"],"jetpack_publicize_connections":[],"jetpack_featured_media_url":"https:\/\/i0.wp.com\/politicosaldesnudo.com.mx\/wp-content\/uploads\/2024\/05\/LUIS-RAMIREZ-BAQUEIRO.jpg?fit=800%2C445&ssl=1","jetpack-related-posts":[],"jetpack_sharing_enabled":true,"_links":{"self":[{"href":"https:\/\/politicosaldesnudo.com.mx\/index.php\/wp-json\/wp\/v2\/posts\/54813","targetHints":{"allow":["GET"]}}],"collection":[{"href":"https:\/\/politicosaldesnudo.com.mx\/index.php\/wp-json\/wp\/v2\/posts"}],"about":[{"href":"https:\/\/politicosaldesnudo.com.mx\/index.php\/wp-json\/wp\/v2\/types\/post"}],"author":[{"embeddable":true,"href":"https:\/\/politicosaldesnudo.com.mx\/index.php\/wp-json\/wp\/v2\/users\/4"}],"replies":[{"embeddable":true,"href":"https:\/\/politicosaldesnudo.com.mx\/index.php\/wp-json\/wp\/v2\/comments?post=54813"}],"version-history":[{"count":0,"href":"https:\/\/politicosaldesnudo.com.mx\/index.php\/wp-json\/wp\/v2\/posts\/54813\/revisions"}],"wp:featuredmedia":[{"embeddable":true,"href":"https:\/\/politicosaldesnudo.com.mx\/index.php\/wp-json\/wp\/v2\/media\/36965"}],"wp:attachment":[{"href":"https:\/\/politicosaldesnudo.com.mx\/index.php\/wp-json\/wp\/v2\/media?parent=54813"}],"wp:term":[{"taxonomy":"category","embeddable":true,"href":"https:\/\/politicosaldesnudo.com.mx\/index.php\/wp-json\/wp\/v2\/categories?post=54813"},{"taxonomy":"post_tag","embeddable":true,"href":"https:\/\/politicosaldesnudo.com.mx\/index.php\/wp-json\/wp\/v2\/tags?post=54813"}],"curies":[{"name":"wp","href":"https:\/\/api.w.org\/{rel}","templated":true}]}}