{"id":54823,"date":"2025-01-20T02:29:56","date_gmt":"2025-01-20T08:29:56","guid":{"rendered":"https:\/\/politicosaldesnudo.com.mx\/?p=54823"},"modified":"2025-01-20T02:29:56","modified_gmt":"2025-01-20T08:29:56","slug":"trump-hoy-poderoso-manana-vulnerable","status":"publish","type":"post","link":"https:\/\/politicosaldesnudo.com.mx\/index.php\/2025\/01\/20\/trump-hoy-poderoso-manana-vulnerable\/","title":{"rendered":"Trump hoy poderoso, ma\u00f1ana vulnerable"},"content":{"rendered":"<p><span style=\"font-size: 14pt;\"><strong>ALMA GRANDE<\/strong><\/span><\/p>\n<p><span style=\"font-size: 14pt;\"><strong>Por \u00c1ngel \u00c1lvaro Pe\u00f1a<\/strong><\/span><\/p>\n<p><span style=\"font-size: 14pt;\">Cuando se percibe a los inmigrantes como enemigos, sean \u00e9stos mujeres, ni\u00f1os o ancianos, es que hay que ir al siquiatra. M\u00e1s a\u00fan cuando se les quiere violentar o castigar sin motivo, y es cuando la comunidad internacional debe actuar porque se convierte en una amenaza para el mundo.<\/span><\/p>\n<p><span style=\"font-size: 14pt;\">Este temor a perderlo todo a manos de un ni\u00f1o o de una mujer embarazada, habla del terror de ver que su imperio se desmorona, porque al desconocer que un solo d\u00eda sin el trabajo de los migrantes su econom\u00eda perder\u00eda miles de millones de pesos le inquieta. De ah\u00ed su rencor, su coraje, su desesperaci\u00f3n que lo conduce a niveles patol\u00f3gicos de conducta.<\/span><\/p>\n<p><span style=\"font-size: 14pt;\">A pesar de que, en t\u00e9rminos reales los inmigrantes han contribuido a la riqueza de su familia, de sus negocios, de su estado, de su pa\u00eds, ahora no s\u00f3lo los corre de su territorio sino que los trata como delincuentes y los castiga como criminales.<\/span><\/p>\n<p><span style=\"font-size: 14pt;\">A Trump se le olvida que la naci\u00f3n que gobierna est\u00e1 conformada por inmigrantes, la madre del presidente de Estados Unidos naci\u00f3 en la Isla de Lewis, Escocia. Su primera esposa, Ivana, naci\u00f3 en la Rep\u00fablica Checa. Los colonizadores que llegaron principalmente de Inglaterra, exterminaron a sangre y fuego a los nativos de Estados Unidos, y los pocos que quedan estan en reservas, a los que les va bien, es decir, quienes se doblegaron, tienen casinos y moteles; los que se rebelaron cayeron en las redes de los vicios y las adicciones. En Estados Unidos todos tienen ra\u00edces migrantes, pero como Trump s\u00f3lo estudi\u00f3 hasta el bachillerato, desconoce muchas cosas.<\/span><\/p>\n<p><span style=\"font-size: 14pt;\">Ya no se trata de falta de agradecimiento sino de violaci\u00f3n a los derechos humanos. Para Trump todo el que no es blanco es su enemigo, y seguramente lo va a lograr si contin\u00faa con su pol\u00edtica racista que ve en cada ciudadano del mundo un enemigo a muerte.<\/span><\/p>\n<p><span style=\"font-size: 14pt;\">Ante las amenazas de estas declaraciones delirantes de Trump, la presidenta de M\u00e9xico, le dedic\u00f3 unas palabras, desde Chinantla, Puebla, donde destac\u00f3 que los mexicanos no s\u00f3lo han sacado adelante la econom\u00eda de M\u00e9xico, sino tambi\u00e9n a la de Estados Unidos y subray\u00f3 que siete de cada 10 trabajadores del campo en el pa\u00eds vecino son de origen mexicano. Adem\u00e1s de trabajar en ramos como la construcci\u00f3n, servicios, entre otros.<\/span><\/p>\n<p><span style=\"font-size: 14pt;\">\u201c\u00bfA poco tendr\u00edan comida los estadounidenses si no fuera por las y los mexicanos?\u201d, dijo la mandataria mexicana. Adem\u00e1s, asegur\u00f3 que\u00a0la econom\u00eda de Estados Unidos no podr\u00eda funcionar sin los mexicanos.<\/span><\/p>\n<p><span style=\"font-size: 14pt;\">La mandataria adelant\u00f3 que en este nuevo periodo de gobierno de Trump que comenz\u00f3 el 20 de enero, el gobierno de M\u00e9xico defender\u00e1 a los migrantes mexicanos.<\/span><\/p>\n<p><span style=\"font-size: 14pt;\">Pocos presidentes en el mundo reciben el mandato en medio de tal inconformidad social. En Washington m\u00e1s de 80 mil personas protestaron por su arribo al poder, la mayor\u00eda blancos, y algunos, incluso votaron por \u00e9l. Hubo otras manifestaciones de inconformidad de inmigrantes en los estados del sur de Estados Unidos, m\u00e1s que se expresaron fuera del territorio estadounidense. Todav\u00eda no empieza a gobernar y ya dividi\u00f3 al pa\u00eds.<\/span><\/p>\n<p><span style=\"font-size: 14pt;\">As\u00ed como dividi\u00f3 a su pa\u00eds as\u00ed dividir\u00e1 a la comunidad internacional, y en M\u00e9xico una gran mayor\u00eda de ciudadanos rechazar\u00e1 cualquier disposici\u00f3n que provenga de la Casa Blanca. S\u00f3lo la oposici\u00f3n y los medios convencionales pedir\u00e1n no s\u00f3lo agresiones sino invasiones del vecino pa\u00eds hacia el nuestro. Una veterana actriz ya pidi\u00f3 que lleguen a M\u00e9xico las fuerzas armadas del vecino pa\u00eds con el pretexto de combatir el narcotr\u00e1fico.<\/span><\/p>\n<p><span style=\"font-size: 14pt;\">Muchos latinos, incluso mexicanos, votaron por Trump, deben estar arrepentidos. Quienes, desde luego, nunca se arrepentir\u00e1n ser\u00e1n los conservadores mexicanos quienes ven con gusto c\u00f3mo la ultraderecha de pa\u00edses como Espa\u00f1a y su partido VOX, se alegra de la llegada de este personaje a la Casa Blanca.<\/span><\/p>\n<p><span style=\"font-size: 14pt;\">La ultraderecha en el mundo se forma para felicitar a Trump y en M\u00e9xico, El Yunque se perfila para concursar por obtener su registro condicionado para convertirse en partido pol\u00edtico.<\/span><\/p>\n<p><span style=\"font-size: 14pt;\">La lista de invitados de Trump habla por s\u00ed sola, entre ellos est\u00e1 Giorgia Meloni, Viktor Orb\u00e1n, Javier Milei, Nayib Bukele, el pr\u00f3fugo Jair Bolsonaro, Santiago Abascal, entre otros nost\u00e1lgicos de la era de Mussolini, Hitler y Franco acuden al llamado de su nuevo l\u00edder.<\/span><\/p>\n<p><span style=\"font-size: 14pt;\">La econom\u00eda de Estados Unidos no vive su mejor momento, motivo por el cual requiere de mano de obra barata y de calidad, por si fuera poco, el incendio que lleva 11 d\u00edas en Los \u00c1ngeles, en las regiones de\u00a0Eaton y Palisades, arroja, hasta el momento, 25 muertos y 16 mil hect\u00e1reas devastadas. Su reconstrucci\u00f3n ser\u00e1 tit\u00e1nica y no podr\u00e1n hacerla sin la mano de obra de miles de migrantes, principalmente latinos, principalmente mexicanos.<\/span><\/p>\n<p><span style=\"font-size: 14pt;\">Es imposible que cumpla Trump su palabra de echar a todos los inmigrantes de un d\u00eda para otro. Y si a esto sumamos 30 millones de adictos consuetudinarios que tienen edad de trabajar pero carecen de las posibilidades f\u00edsicas y mentales para hacerlo, encontramos que la mano de obra estadounidense no s\u00f3lo es cara sino deficiente.<\/span><\/p>\n<p><span style=\"font-size: 14pt;\">\u00bfC\u00f3mo y cu\u00e1ndo empezar\u00e1 Trump a volver a captar inmigrantes sin que parezca d\u00e9bil ante la comunidad internacional? Esa es la gran pregunta que puede hacer el actual emperador de Estados Unidos, el presidente m\u00e1s vulnerable del mundo quien pronto ser\u00e1. La Presidenta Claudia Sheinbaum sabe lo que dice, sin el trabajo de los mexicanos no hay comida en la mesa de los estadounidenses.<\/span><\/p>\n<p><span style=\"font-size: 14pt;\"><strong>PEGA Y CORRE.-<\/strong> Otro periodista es asesinado en Teoloyucan.\u00a0\u00a0Estado de M\u00e9xico, se trata de Cayetano de Jes\u00fas Guerrero, subdirector del medio Global M\u00e9xico. Era beneficiario del\u00a0Mecanismo de Protecci\u00f3n para Personas Defensoras de Derechos Humanos y Periodistas, de la Segob,\u00a0desde 2014, fue asesinado con un arma de fuego por sujetos desconocidos tras haber denunciado amenazas y agresiones, seg\u00fan inform\u00f3 la organizaci\u00f3n Art\u00edculo 19\u2026 Esta columna se publica los lunes, mi\u00e9rcoles y viernes.<\/span><\/p>\n<p><img data-recalc-dims=\"1\" loading=\"lazy\" decoding=\"async\" class=\"aligncenter size-full wp-image-54803\" src=\"https:\/\/i0.wp.com\/politicosaldesnudo.com.mx\/wp-content\/uploads\/2025\/01\/FIRMA-EDITORIAL-PD-4.jpg?resize=800%2C98&#038;ssl=1\" alt=\"\" width=\"800\" height=\"98\" srcset=\"https:\/\/i0.wp.com\/politicosaldesnudo.com.mx\/wp-content\/uploads\/2025\/01\/FIRMA-EDITORIAL-PD-4.jpg?w=1024&amp;ssl=1 1024w, https:\/\/i0.wp.com\/politicosaldesnudo.com.mx\/wp-content\/uploads\/2025\/01\/FIRMA-EDITORIAL-PD-4.jpg?resize=300%2C37&amp;ssl=1 300w, https:\/\/i0.wp.com\/politicosaldesnudo.com.mx\/wp-content\/uploads\/2025\/01\/FIRMA-EDITORIAL-PD-4.jpg?resize=768%2C94&amp;ssl=1 768w\" sizes=\"auto, (max-width: 800px) 100vw, 800px\" \/><\/p>\n","protected":false},"excerpt":{"rendered":"<p>ALMA GRANDE Por \u00c1ngel \u00c1lvaro Pe\u00f1a Cuando se percibe a los inmigrantes como enemigos, sean \u00e9stos mujeres, ni\u00f1os o ancianos,<\/p>\n","protected":false},"author":4,"featured_media":54824,"comment_status":"closed","ping_status":"closed","sticky":false,"template":"","format":"standard","meta":{"colormag_page_container_layout":"default_layout","colormag_page_sidebar_layout":"default_layout","_jetpack_memberships_contains_paid_content":false,"footnotes":"","jetpack_publicize_message":"","jetpack_publicize_feature_enabled":true,"jetpack_social_post_already_shared":false,"jetpack_social_options":{"image_generator_settings":{"template":"highway","default_image_id":0,"font":"","enabled":false},"version":2}},"categories":[26],"tags":[],"class_list":["post-54823","post","type-post","status-publish","format-standard","has-post-thumbnail","hentry","category-columnistas"],"jetpack_publicize_connections":[],"jetpack_featured_media_url":"https:\/\/i0.wp.com\/politicosaldesnudo.com.mx\/wp-content\/uploads\/2025\/01\/BANNER-LOPEZ-DORIGA-DIGITAL-1.jpg?fit=800%2C445&ssl=1","jetpack-related-posts":[],"jetpack_sharing_enabled":true,"_links":{"self":[{"href":"https:\/\/politicosaldesnudo.com.mx\/index.php\/wp-json\/wp\/v2\/posts\/54823","targetHints":{"allow":["GET"]}}],"collection":[{"href":"https:\/\/politicosaldesnudo.com.mx\/index.php\/wp-json\/wp\/v2\/posts"}],"about":[{"href":"https:\/\/politicosaldesnudo.com.mx\/index.php\/wp-json\/wp\/v2\/types\/post"}],"author":[{"embeddable":true,"href":"https:\/\/politicosaldesnudo.com.mx\/index.php\/wp-json\/wp\/v2\/users\/4"}],"replies":[{"embeddable":true,"href":"https:\/\/politicosaldesnudo.com.mx\/index.php\/wp-json\/wp\/v2\/comments?post=54823"}],"version-history":[{"count":0,"href":"https:\/\/politicosaldesnudo.com.mx\/index.php\/wp-json\/wp\/v2\/posts\/54823\/revisions"}],"wp:featuredmedia":[{"embeddable":true,"href":"https:\/\/politicosaldesnudo.com.mx\/index.php\/wp-json\/wp\/v2\/media\/54824"}],"wp:attachment":[{"href":"https:\/\/politicosaldesnudo.com.mx\/index.php\/wp-json\/wp\/v2\/media?parent=54823"}],"wp:term":[{"taxonomy":"category","embeddable":true,"href":"https:\/\/politicosaldesnudo.com.mx\/index.php\/wp-json\/wp\/v2\/categories?post=54823"},{"taxonomy":"post_tag","embeddable":true,"href":"https:\/\/politicosaldesnudo.com.mx\/index.php\/wp-json\/wp\/v2\/tags?post=54823"}],"curies":[{"name":"wp","href":"https:\/\/api.w.org\/{rel}","templated":true}]}}